{"id":4147,"date":"2023-07-13T14:18:01","date_gmt":"2023-07-13T17:18:01","guid":{"rendered":"https:\/\/www.paparazzinews.com.br\/?p=4147"},"modified":"2023-07-13T14:18:02","modified_gmt":"2023-07-13T17:18:02","slug":"artista-plastico-adelio-sarro-celebra-50-anos-de-arte-em-andradina","status":"publish","type":"post","link":"https:\/\/www.paparazzinews.com.br\/?p=4147","title":{"rendered":"Artista pl\u00e1stico Ad\u00e9lio Sarro celebra \u201c50 Anos de Arte\u201d em Andradina"},"content":{"rendered":"\n<p>O artista Adelio Sarro, celebrou seus \u201c50 anos de arte\u201d em Andradina, cidade natal deste andradinense que \u00e9 reconhecido internacionalmente no mundo das artes pl\u00e1sticas. A grande comemora\u00e7\u00e3o foi no dia 7 de junho no Memorial da Am\u00e9rica Latina, em S\u00e3o Paulo, mas Ad\u00e9lio fez quest\u00e3o de celebrar a passagem em sua cidade, durante os festejos de anivers\u00e1rio com um coquetel no Centro Cultural Pioneiros de Andradina, com a presen\u00e7a de amigos e convidados, entre eles o Secret\u00e1rio de Esportes, Cultura, Lazer e Juventude, Jonilcio Avelino da Silva e os vereadores Andr\u00e9 Ricardo Lopes e Rodarte dos Anjos.<br><br>Sarro construiu uma s\u00f3lida carreira, com mais de 300 exposi\u00e7\u00f5es em quatro continentes, mas nunca perdeu de vista suas ra\u00edzes e o desejo de manter suas obras acess\u00edveis ao grande p\u00fablico brasileiro. A hist\u00f3ria do artista est\u00e1 ligada a muito trabalho, persist\u00eancia e determina\u00e7\u00e3o. Autodidata, nasceu em Andradina, no interior do estado de S\u00e3o Paulo e trabalhou nos campos de caf\u00e9 durante grande parte de sua inf\u00e2ncia.<br><br>Em 1972, conheceu Brodowski e o Museu Casa de Portinari, quando decidiu dedicar-se integralmente \u00e0s artes, imerso nas obras de Candido Portinari como inspira\u00e7\u00e3o. Nesses 50 anos, aprimorou t\u00e9cnicas e desenvolveu seu estilo. Passou por fases autobiogr\u00e1ficas e tem abordado, recentemente, temas como pol\u00edtica, tecnologia, espiritualidade, ideologias, pandemia, guerra e utopia.<br><br>As cinco d\u00e9cadas de carreira incluem exposi\u00e7\u00f5es nas principais institui\u00e7\u00f5es internacionais, como o F\u00f3rum Econ\u00f4mico Mundial em Davos, na Su\u00ed\u00e7a, onde esteve duas vezes, o Pal\u00e1cio das Na\u00e7\u00f5es, pertencente \u00e0 ONU, em Genebra, na Su\u00ed\u00e7a, assim como a exposi\u00e7\u00e3o \u201cFor\u00e7a e Magia das Cores\u201d, que aconteceu nos principais museus da R\u00fassia, China e Pol\u00f4nia.<\/p>\n\n\n\n<p>Al\u00e9m da pintura, Sarro assina ao menos 300 obras monumentais em concreto, espalhadas em pra\u00e7as p\u00fablicas no Brasil e na Europa, somando cerca de 1.200 obras escult\u00f3ricas. Um grande conjunto est\u00e1 instalado na Pra\u00e7a Jos\u00e9 Yarid no Memorial em sua homenagem.<br><br>Em 2018, fundou o Instituto Memorial de Arte Ad\u00e9lio Sarro, em Vinhedo, com recursos pr\u00f3prios. O Instituto art\u00edstico e cultural sem fins lucrativos abriga as principais obras do acervo pessoal do artista, al\u00e9m de acolher diversos tipos de manifesta\u00e7\u00f5es culturais e exposi\u00e7\u00f5es.<\/p>\n\n\n\n<p><em><strong>Participe da comunidade do Canal Roni Paparazzi no Whatsapp e receba as principais not\u00edcias do dia direto no seu celular<\/strong>.\u00a0<a rel=\"noreferrer noopener\" href=\"https:\/\/chat.whatsapp.com\/GsG1XKo0jPOEfjzudWQcml\" target=\"_blank\">\u00a0Clique aqui e se inscreva.<\/a><\/em><\/p>\n","protected":false},"excerpt":{"rendered":"<p>O artista Adelio Sarro, celebrou seus \u201c50 anos de arte\u201d em Andradina, cidade natal deste andradinense que \u00e9 reconhecido internacionalmente no mundo das artes pl\u00e1sticas. A grande comemora\u00e7\u00e3o foi no dia 7 de junho no Memorial da Am\u00e9rica Latina, em S\u00e3o Paulo, mas Ad\u00e9lio fez quest\u00e3o de celebrar a passagem em sua cidade, durante os &hellip;<\/p>\n","protected":false},"author":1,"featured_media":4148,"comment_status":"open","ping_status":"open","sticky":false,"template":"","format":"standard","meta":{"_jetpack_memberships_contains_paid_content":false,"footnotes":"","jetpack_publicize_message":"","jetpack_publicize_feature_enabled":true,"jetpack_social_post_already_shared":false,"jetpack_social_options":{"image_generator_settings":{"template":"highway","default_image_id":0,"enabled":false},"version":2}},"categories":[6],"tags":[],"class_list":["post-4147","post","type-post","status-publish","format-standard","has-post-thumbnail","hentry","category-entretenimento"],"jetpack_publicize_connections":[],"jetpack_featured_media_url":"https:\/\/i0.wp.com\/www.paparazzinews.com.br\/wp-content\/uploads\/2023\/07\/61232c102cf221e8c13bffc7e2b2c3eb.jpg?fit=800%2C533&ssl=1","views":"3418","jetpack_likes_enabled":true,"jetpack_sharing_enabled":true,"_links":{"self":[{"href":"https:\/\/www.paparazzinews.com.br\/index.php?rest_route=\/wp\/v2\/posts\/4147","targetHints":{"allow":["GET"]}}],"collection":[{"href":"https:\/\/www.paparazzinews.com.br\/index.php?rest_route=\/wp\/v2\/posts"}],"about":[{"href":"https:\/\/www.paparazzinews.com.br\/index.php?rest_route=\/wp\/v2\/types\/post"}],"author":[{"embeddable":true,"href":"https:\/\/www.paparazzinews.com.br\/index.php?rest_route=\/wp\/v2\/users\/1"}],"replies":[{"embeddable":true,"href":"https:\/\/www.paparazzinews.com.br\/index.php?rest_route=%2Fwp%2Fv2%2Fcomments&post=4147"}],"version-history":[{"count":1,"href":"https:\/\/www.paparazzinews.com.br\/index.php?rest_route=\/wp\/v2\/posts\/4147\/revisions"}],"predecessor-version":[{"id":4149,"href":"https:\/\/www.paparazzinews.com.br\/index.php?rest_route=\/wp\/v2\/posts\/4147\/revisions\/4149"}],"wp:featuredmedia":[{"embeddable":true,"href":"https:\/\/www.paparazzinews.com.br\/index.php?rest_route=\/wp\/v2\/media\/4148"}],"wp:attachment":[{"href":"https:\/\/www.paparazzinews.com.br\/index.php?rest_route=%2Fwp%2Fv2%2Fmedia&parent=4147"}],"wp:term":[{"taxonomy":"category","embeddable":true,"href":"https:\/\/www.paparazzinews.com.br\/index.php?rest_route=%2Fwp%2Fv2%2Fcategories&post=4147"},{"taxonomy":"post_tag","embeddable":true,"href":"https:\/\/www.paparazzinews.com.br\/index.php?rest_route=%2Fwp%2Fv2%2Ftags&post=4147"}],"curies":[{"name":"wp","href":"https:\/\/api.w.org\/{rel}","templated":true}]}}