{"id":4144,"date":"2023-07-13T14:15:33","date_gmt":"2023-07-13T17:15:33","guid":{"rendered":"https:\/\/www.paparazzinews.com.br\/?p=4144"},"modified":"2023-07-13T14:15:34","modified_gmt":"2023-07-13T17:15:34","slug":"santa-casa-de-andradina-conta-com-farmacia-e-central-de-ambulancia","status":"publish","type":"post","link":"https:\/\/www.paparazzinews.com.br\/?p=4144","title":{"rendered":"Santa Casa de Andradina conta com Farm\u00e1cia e Central de Ambul\u00e2ncia"},"content":{"rendered":"\n<p>A inaugura\u00e7\u00e3o da nova Farm\u00e1cia Municipal nesta sexta-feira (7), abriu um novo per\u00edodo para a Santa Casa de Andradina. A partir desta data, a distribui\u00e7\u00e3o de medicamentos, realizada pela Secretaria de Sa\u00fade, tendo como refer\u00eancia A UBS da Vila Mineira, passa a acontecer em um anexo da Santa Casa, com porta para a Avenida Guanabara e pr\u00f3ximo ao cruzamento com a rua Mato Grosso.<br>\u00a0<br>Este foi o primeiro setor p\u00fablico a ser anexado a Santa Casa de Andradina, que est\u00e1 h\u00e1 45 dias sob interven\u00e7\u00e3o. No ato da inaugura\u00e7\u00e3o o prefeito esteve acompanhado da secret\u00e1ria de Sa\u00fade Maristela Marinho e da Primeira Dama Ju\u00e7ara Lopes.<br>\u00a0<br>\u201cEu quero agradecer tamb\u00e9m o trabalho de toda a equipe que se dedicou aqui durante essa semana para que isso fosse poss\u00edvel n\u00e9 que faz as coisas se transformarem. Quando a gente tem boa vontade a transforma\u00e7\u00e3o vem r\u00e1pido e quando temos interesse em que as coisas melhorem tudo acontece como deveria. Nesses 45 dias tantas coisas que j\u00e1 mudaram e aqui temos esse marco de mudan\u00e7a. N\u00f3s queremos dar o melhor atendimento para as pessoas que precisam\u201d, disse o prefeito M\u00e1rio Celso Lopes.<br>\u00a0<br>Durante a inaugura\u00e7\u00e3o, M\u00e1rio Celso tamb\u00e9m anunciou a transfer\u00eancia da UPA 24 horas para outro anexo da Santa Casa, levando coer\u00eancia no que se refere a atendimento de emerg\u00eancia que passar\u00e1 a ser realizado em anexo ao \u00fanico hospital da cidade. Atualmente a UPA est\u00e1 localizada no Bairro Piscina. Ele deve ser reformulada em uma UBS de n\u00edvel 4, contando com ala fisioterap\u00eautica. Outra mudan\u00e7a anunciada \u00e9 a transfer\u00eancia da Central de Ambul\u00e2ncias do munic\u00edpio para a Santa Casa, al\u00e9m do setor de vacinas.<br>\u00a0<br>O espa\u00e7o da nova Farm\u00e1cia Municipal conta com estrutura adequada para armazenar os rem\u00e9dios e acolher os pacientes de forma mais organizada e tamb\u00e9m atender\u00e1 em um futuro breve a distribui\u00e7\u00e3o de rem\u00e9dios de alto custo. O Governo de Andradina tamb\u00e9m teve cuidado de reservar \u00e1reas para estacionamento ao longo da avenida, destituindo vagas reservadas, por vagas rotativas de uso exclusivo da farm\u00e1cia. O expediente da farm\u00e1cia ser\u00e1 das 7h \u00e0s 19h.<br>\u00a0<br>Segundo a secret\u00e1ria de Sa\u00fade, Maristela Marinho, estas medidas garantem mais agilidade nos atendimentos, al\u00e9m de proporcionar uma melhora significativa nas condi\u00e7\u00f5es de trabalho dos funcion\u00e1rios do setor. A mudan\u00e7a tamb\u00e9m vai garantir mais acessibilidade \u00e0s pessoas com defici\u00eancia e aos idosos.<br>\u00a0<br>\u201cO novo espa\u00e7o comporta, de forma adequada, o n\u00famero de pacientes que utilizam o servi\u00e7o atualmente naquela regi\u00e3o da cidade\u201d, disse.<br>\u00a0<br>\u00a0<br><strong>Todas as Farm\u00e1cias<\/strong><br>\u00a0<br>Centro de Sa\u00fade &#8211; R. Paes Leme, 145.<br>\u00a0<br>UBS Eduardo Henrique Francischini Char &#8211; R. Vitor Assuite, 2004.<br>\u00a0<br>UBS Mario Roberto de Lima Marinho &#8211; R. Presidente Dutra, 387<br>\u00a0<br>Farm\u00e1cia de Alto Custo: R. Engenheiro Sylvio Seiji Shimizu 1451<br>\u00a0<\/p>\n\n\n\n<p><em><strong>Participe da comunidade do Canal Roni Paparazzi no Whatsapp e receba as principais not\u00edcias do dia direto no seu celular<\/strong>.\u00a0<a rel=\"noreferrer noopener\" href=\"https:\/\/chat.whatsapp.com\/GsG1XKo0jPOEfjzudWQcml\" target=\"_blank\">\u00a0Clique aqui e se inscreva.<\/a><\/em><\/p>\n\n\n\n<p><a href=\"https:\/\/www.paparazzinews.com.br\/wp-admin\/post.php?post=4141&amp;action=edit\"><\/a><\/p>\n","protected":false},"excerpt":{"rendered":"<p>A inaugura\u00e7\u00e3o da nova Farm\u00e1cia Municipal nesta sexta-feira (7), abriu um novo per\u00edodo para a Santa Casa de Andradina. A partir desta data, a distribui\u00e7\u00e3o de medicamentos, realizada pela Secretaria de Sa\u00fade, tendo como refer\u00eancia A UBS da Vila Mineira, passa a acontecer em um anexo da Santa Casa, com porta para a Avenida Guanabara &hellip;<\/p>\n","protected":false},"author":1,"featured_media":4145,"comment_status":"open","ping_status":"open","sticky":false,"template":"","format":"standard","meta":{"_jetpack_memberships_contains_paid_content":false,"footnotes":"","jetpack_publicize_message":"","jetpack_publicize_feature_enabled":true,"jetpack_social_post_already_shared":false,"jetpack_social_options":{"image_generator_settings":{"template":"highway","default_image_id":0,"enabled":false},"version":2}},"categories":[4],"tags":[],"class_list":["post-4144","post","type-post","status-publish","format-standard","has-post-thumbnail","hentry","category-regiao"],"jetpack_publicize_connections":[],"jetpack_featured_media_url":"https:\/\/i0.wp.com\/www.paparazzinews.com.br\/wp-content\/uploads\/2023\/07\/21298bea85813051e583a1addaca9cd9.jpg?fit=800%2C533&ssl=1","views":"3526","jetpack_likes_enabled":true,"jetpack_sharing_enabled":true,"_links":{"self":[{"href":"https:\/\/www.paparazzinews.com.br\/index.php?rest_route=\/wp\/v2\/posts\/4144","targetHints":{"allow":["GET"]}}],"collection":[{"href":"https:\/\/www.paparazzinews.com.br\/index.php?rest_route=\/wp\/v2\/posts"}],"about":[{"href":"https:\/\/www.paparazzinews.com.br\/index.php?rest_route=\/wp\/v2\/types\/post"}],"author":[{"embeddable":true,"href":"https:\/\/www.paparazzinews.com.br\/index.php?rest_route=\/wp\/v2\/users\/1"}],"replies":[{"embeddable":true,"href":"https:\/\/www.paparazzinews.com.br\/index.php?rest_route=%2Fwp%2Fv2%2Fcomments&post=4144"}],"version-history":[{"count":1,"href":"https:\/\/www.paparazzinews.com.br\/index.php?rest_route=\/wp\/v2\/posts\/4144\/revisions"}],"predecessor-version":[{"id":4146,"href":"https:\/\/www.paparazzinews.com.br\/index.php?rest_route=\/wp\/v2\/posts\/4144\/revisions\/4146"}],"wp:featuredmedia":[{"embeddable":true,"href":"https:\/\/www.paparazzinews.com.br\/index.php?rest_route=\/wp\/v2\/media\/4145"}],"wp:attachment":[{"href":"https:\/\/www.paparazzinews.com.br\/index.php?rest_route=%2Fwp%2Fv2%2Fmedia&parent=4144"}],"wp:term":[{"taxonomy":"category","embeddable":true,"href":"https:\/\/www.paparazzinews.com.br\/index.php?rest_route=%2Fwp%2Fv2%2Fcategories&post=4144"},{"taxonomy":"post_tag","embeddable":true,"href":"https:\/\/www.paparazzinews.com.br\/index.php?rest_route=%2Fwp%2Fv2%2Ftags&post=4144"}],"curies":[{"name":"wp","href":"https:\/\/api.w.org\/{rel}","templated":true}]}}