{"id":4141,"date":"2023-07-12T15:04:41","date_gmt":"2023-07-12T18:04:41","guid":{"rendered":"https:\/\/www.paparazzinews.com.br\/?p=4141"},"modified":"2023-07-12T15:04:42","modified_gmt":"2023-07-12T18:04:42","slug":"defesa-civil-alerta-frio-intenso-com-baixa-temperatura-na-regiao-de-aracatuba-ate-domingo","status":"publish","type":"post","link":"https:\/\/www.paparazzinews.com.br\/?p=4141","title":{"rendered":"Defesa Civil alerta frio intenso com baixa temperatura na regi\u00e3o de Ara\u00e7atuba at\u00e9 domingo"},"content":{"rendered":"\n<p>A Defesa Civil fez um alerta pelas redes sociais nesta quarta-feira (12), \u00e9 de frio intenso entre quinta-feira (13) e domingo (16), na regi\u00e3o de Ara\u00e7atuba (SP).<\/p>\n\n\n\n<p>O Roni Paparazzi apurou que, entre os dias 13 e 16 de julho, uma frente fria seguida por uma massa de ar frio trar\u00e1 temperaturas baixas e forma\u00e7\u00e3o de geada em pontos isolados em todo o Estado.<br><br><strong>Confira as m\u00ednimas e sensa\u00e7\u00f5es t\u00e9rmicas em algumas regi\u00f5es:<br><\/strong>&#8211; Capital e Regi\u00e3o Metropolitana: m\u00ednima 8\u00b0C, sensa\u00e7\u00e3o t\u00e9rmica de 5\u00b0C<br>&#8211; Baixada Santista: m\u00ednima 12\u00b0C, sensa\u00e7\u00e3o t\u00e9rmica de 9\u00b0C<br>&#8211; Vale do Para\u00edba: m\u00ednima 7\u00b0C, sensa\u00e7\u00e3o t\u00e9rmica de 5\u00b0C<br>&#8211; Litoral Norte: m\u00ednima 13\u00b0C, sensa\u00e7\u00e3o t\u00e9rmica de 12\u00b0C<br>&#8211; Serra da Mantiqueira: m\u00ednima 2\u00b0C, sensa\u00e7\u00e3o t\u00e9rmica de -1\u00b0C<br>&#8211; Vale do Ribeira e Regi\u00e3o de Itapeva: m\u00ednima 6\u00b0C, sensa\u00e7\u00e3o t\u00e9rmica de 4\u00b0C<br>&#8211; Campinas e Sorocaba: m\u00ednima 7\u00b0C, sensa\u00e7\u00e3o t\u00e9rmica de 5\u00b0C<br>&#8211; Franca, Ribeir\u00e3o Preto e Barretos: m\u00ednima 6\u00b0C, sensa\u00e7\u00e3o t\u00e9rmica de 5\u00b0C<br>&#8211; Araraquara e Bauru: m\u00ednima 7\u00b0C, sensa\u00e7\u00e3o t\u00e9rmica de 4\u00b0C<br><strong>&#8211; S\u00e3o Jos\u00e9 do Rio Preto e Ara\u00e7atuba: m\u00ednima 9\u00b0C, sensa\u00e7\u00e3o t\u00e9rmica de 7\u00b0C<\/strong><br>&#8211; Presidente Prudente e Mar\u00edlia: m\u00ednima 8\u00b0C, sensa\u00e7\u00e3o t\u00e9rmica de 6\u00b0C<br><br>Al\u00e9m disso, aten\u00e7\u00e3o para fortes rajadas de vento na faixa leste de S\u00e3o Paulo nos dias 13 e 14 de julho. Fique atento nas \u00e1reas mais vulner\u00e1veis dos munic\u00edpios. Nas \u00e1reas litor\u00e2neas, devido ao vento intenso, a agita\u00e7\u00e3o mar\u00edtima aumentar\u00e1, sendo recomendado evitar o mar e as orlas das praias. Proteja suas embarca\u00e7\u00f5es e evite navegar em alto mar, pois h\u00e1 risco de acidentes mar\u00edtimos.<\/p>\n\n\n\n<p><em><strong>Participe da comunidade do Canal Roni Paparazzi no Whatsapp e receba as principais not\u00edcias do dia direto no seu celular<\/strong>.\u00a0<a rel=\"noreferrer noopener\" href=\"https:\/\/chat.whatsapp.com\/GsG1XKo0jPOEfjzudWQcml\" target=\"_blank\">\u00a0Clique aqui e se inscreva.<\/a><\/em><\/p>\n","protected":false},"excerpt":{"rendered":"<p>A Defesa Civil fez um alerta pelas redes sociais nesta quarta-feira (12), \u00e9 de frio intenso entre quinta-feira (13) e domingo (16), na regi\u00e3o de Ara\u00e7atuba (SP). O Roni Paparazzi apurou que, entre os dias 13 e 16 de julho, uma frente fria seguida por uma massa de ar frio trar\u00e1 temperaturas baixas e forma\u00e7\u00e3o &hellip;<\/p>\n","protected":false},"author":1,"featured_media":4142,"comment_status":"open","ping_status":"open","sticky":false,"template":"","format":"standard","meta":{"_jetpack_memberships_contains_paid_content":false,"footnotes":"","jetpack_publicize_message":"","jetpack_publicize_feature_enabled":true,"jetpack_social_post_already_shared":false,"jetpack_social_options":{"image_generator_settings":{"template":"highway","default_image_id":0,"enabled":false},"version":2}},"categories":[4],"tags":[],"class_list":["post-4141","post","type-post","status-publish","format-standard","has-post-thumbnail","hentry","category-regiao"],"jetpack_publicize_connections":[],"jetpack_featured_media_url":"https:\/\/i0.wp.com\/www.paparazzinews.com.br\/wp-content\/uploads\/2023\/07\/358623115_580295374268768_3134546476104276585_n-e1689185066333.jpg?fit=1000%2C1000&ssl=1","views":"4652","jetpack_likes_enabled":true,"jetpack_sharing_enabled":true,"_links":{"self":[{"href":"https:\/\/www.paparazzinews.com.br\/index.php?rest_route=\/wp\/v2\/posts\/4141","targetHints":{"allow":["GET"]}}],"collection":[{"href":"https:\/\/www.paparazzinews.com.br\/index.php?rest_route=\/wp\/v2\/posts"}],"about":[{"href":"https:\/\/www.paparazzinews.com.br\/index.php?rest_route=\/wp\/v2\/types\/post"}],"author":[{"embeddable":true,"href":"https:\/\/www.paparazzinews.com.br\/index.php?rest_route=\/wp\/v2\/users\/1"}],"replies":[{"embeddable":true,"href":"https:\/\/www.paparazzinews.com.br\/index.php?rest_route=%2Fwp%2Fv2%2Fcomments&post=4141"}],"version-history":[{"count":1,"href":"https:\/\/www.paparazzinews.com.br\/index.php?rest_route=\/wp\/v2\/posts\/4141\/revisions"}],"predecessor-version":[{"id":4143,"href":"https:\/\/www.paparazzinews.com.br\/index.php?rest_route=\/wp\/v2\/posts\/4141\/revisions\/4143"}],"wp:featuredmedia":[{"embeddable":true,"href":"https:\/\/www.paparazzinews.com.br\/index.php?rest_route=\/wp\/v2\/media\/4142"}],"wp:attachment":[{"href":"https:\/\/www.paparazzinews.com.br\/index.php?rest_route=%2Fwp%2Fv2%2Fmedia&parent=4141"}],"wp:term":[{"taxonomy":"category","embeddable":true,"href":"https:\/\/www.paparazzinews.com.br\/index.php?rest_route=%2Fwp%2Fv2%2Fcategories&post=4141"},{"taxonomy":"post_tag","embeddable":true,"href":"https:\/\/www.paparazzinews.com.br\/index.php?rest_route=%2Fwp%2Fv2%2Ftags&post=4141"}],"curies":[{"name":"wp","href":"https:\/\/api.w.org\/{rel}","templated":true}]}}