{"id":4069,"date":"2023-07-10T11:21:04","date_gmt":"2023-07-10T14:21:04","guid":{"rendered":"https:\/\/www.paparazzinews.com.br\/?p=4069"},"modified":"2023-07-10T11:21:05","modified_gmt":"2023-07-10T14:21:05","slug":"artigo-o-territorio-castilhense-durante-a-revolucao-de-32","status":"publish","type":"post","link":"https:\/\/www.paparazzinews.com.br\/?p=4069","title":{"rendered":"ARTIGO: O TERRIT\u00d3RIO CASTILHENSE DURANTE A REVOLU\u00c7\u00c3O DE 32"},"content":{"rendered":"\n<p>09 de julho, essa data refere-se \u00e0s comemora\u00e7\u00f5es do in\u00edcio da Revolu\u00e7\u00e3o Constitucionalista de 1932, importante movimento hist\u00f3rico e pol\u00edtico para a sociedade brasileira e considerada a data c\u00edvica mais importante do estado de S\u00e3o Paulo. No entanto, apesar de ser feriado estadual e de ser costumeira a refer\u00eancia em nome de ruas na regi\u00e3o, esta data marcante na hist\u00f3ria paulista n\u00e3o possui o seu devido destaque na sociedade.<\/p>\n\n\n\n<p>Revolu\u00e7\u00e3o Constitucionalista<\/p>\n\n\n\n<p>A Revolu\u00e7\u00e3o Constitucionalista de 1932, tamb\u00e9m conhecida como Revolu\u00e7\u00e3o de 32, foi um movimento armado originado no estado de S\u00e3o Paulo, que tinha como objetivo derrubar o governo provis\u00f3rio de Get\u00falio Vargas, iniciado em 1930, e convocar uma nova Constitui\u00e7\u00e3o para o Brasil.<\/p>\n\n\n\n<p>O movimento armado iniciou-se em 09 de julho de 1932, decorrente da revolta popular ap\u00f3s a morte de 04 jovens de sobrenome, Martins, Miragaia, Dr\u00e1uzio e Camargo, que manifestavam sua oposi\u00e7\u00e3o ao governo vigente \u00e0 \u00e9poca, em 23 de maio deste mesmo ano.<\/p>\n\n\n\n<p>A revolta armada paulista durou at\u00e9 outubro de 1932, com a rendi\u00e7\u00e3o dos paulistas, e obteve a participa\u00e7\u00e3o de 10.000 membros da For\u00e7a P\u00fablica Paulista, atual Pol\u00edcia Militar, e 40.000 civis que se alistaram voluntariamente para contribuir nas trincheiras, al\u00e9m da participa\u00e7\u00e3o do Estado de Maracaju (atual estado do Mato Grosso do Sul) e Rio Grande do Sul.<\/p>\n\n\n\n<p>Apesar da rendi\u00e7\u00e3o paulista, a revolta \u00e9 pass\u00edvel de comemora\u00e7\u00e3o, j\u00e1 que foi importante movimento para desestabilizar o governo Vargas, o qual em 1934 promulgou uma nova Constitui\u00e7\u00e3o para o Brasil.<\/p>\n\n\n\n<p>E onde Castilho entra nisso?<\/p>\n\n\n\n<p>Apesar do ano da constitui\u00e7\u00e3o do munic\u00edpio de Castilho ter sido posterior \u00e0 Revolu\u00e7\u00e3o, com a chegada de Armel Miranda em 1934, a regi\u00e3o do Rio Paran\u00e1, especialmente onde atualmente encontra-se Castilho, era considerada estrat\u00e9gica para a defesa do territ\u00f3rio paulista. De acordo com o Gen. Bertholdo Klinger, comandante da Circunscri\u00e7\u00e3o Militar do Mato Grosso, ele j\u00e1 havia recebido ordens para ocupa\u00e7\u00e3o da regi\u00e3o antes mesmo da deflagra\u00e7\u00e3o em 9 de julho, conforme trecho abaixo:<\/p>\n\n\n\n<p><em>\u201cEntrevistador \u2013 \u00c9 verdade que j\u00e1 antes de dez de julho, o general mandar\u00e1 occupar militarmente a ponte do Rio Paran\u00e1, em Tr\u00eas Lagoas?<\/em><\/p>\n\n\n\n<p><em>Gen. Klinger \u2013 \u00c9 verdade. Pelos boletins do commando da Circumscrip\u00e7\u00e3o \u00e9 f\u00e1cil verificar desde quando eu d\u00e9ra a ordem para esta occupa\u00e7\u00e3o. A princ\u00edpio era s\u00f3 um pelot\u00e3o completo, sob o commando dum official, tenente Gast\u00e3o da Cunha.<\/em><\/p>\n\n\n\n<figure class=\"wp-block-image\"><img data-recalc-dims=\"1\" decoding=\"async\" src=\"https:\/\/i0.wp.com\/portalcastilho.com.br\/wp-content\/uploads\/2021\/07\/744e6b03-90c2-4bf4-99ea-fbe9a196b67d.jpg?w=708\" alt=\"\" class=\"wp-image-3054\"\/><figcaption class=\"wp-element-caption\"><br><br><br><br><br><br>General de Brigada Ramiro Noronha, respons\u00e1vel pelo batalh\u00e3o de Tr\u00eas Lagoas-MS.<\/figcaption><\/figure>\n\n\n\n<p><em>A justifica\u00e7\u00e3o \u201cpara uso externo\u201d era uma das frequentes solicita\u00e7\u00f5es, j\u00e1 muito vulgares, que desde o commando do general G\u00f3es Monteiro me vinham de S. Paulo, toda vez que ali ferviam (ou se faziam ferver) boatos de perturba\u00e7\u00e3o da ordem, sempre imputada aos communistas. Muito recentemente, no commando interino do cel. Avila Lins, viera uma dessas solicita\u00e7\u00f5es. Caso, pois, a dictadura me inteperllase, a explica\u00e7\u00e3o era l\u00edmpida. O desassossego causado em S. Paulo com a nomea\u00e7\u00e3o do cel. Rabello para cmt da Regi\u00e3o, justificava bem, que pelo h\u00e1bito e pelo meu zelo, eu tomasse uma vez a iniciativa de semelhante occupa\u00e7\u00e3o, antes que m\u2019a tivessem pedido. (\u2026)\u201d Trecho retirado da Revista Brasileira, 02\u00aa edi\u00e7\u00e3o, de 1934.<\/em><\/p>\n\n\n\n<p>Desta forma, foi instalado um batalh\u00e3o na ponte do Jupi\u00e1, em Tr\u00eas Lagoas (naquele tempo, ainda pertencente ao Mato Grosso), chefiado pelo Major Ramiro Noronha, que conseguiu impedir que refor\u00e7os vindos do norte do Mato Grosso e de Goi\u00e1s cercassem as tropas paulistas. O historiador Jos\u00e9 Barbosa Rodrigues aponta que os combates na regi\u00e3o foram ferozes.<\/p>\n\n\n\n<p>Ap\u00f3s o fim da revolta e ciente da rendi\u00e7\u00e3o paulista, o major permaneceu na luta at\u00e9 meados de outubro e contribuiu na fuga de coron\u00e9is paulistas que decidiram se alocar no Paraguai.<\/p>\n\n\n\n<p>Apesar de Castilho n\u00e3o ter sua defini\u00e7\u00e3o pol\u00edtica formada \u00e0 \u00e9poca, o mapa abaixo ilustra bem o posicionamento das tropas paulistas no que hoje seria o nosso munic\u00edpio, evidenciando a import\u00e2ncia dos nossos territ\u00f3rios na luta da causa constitucional brasileira.<\/p>\n\n\n\n<p>Sauda\u00e7\u00f5es Paulistas!<\/p>\n\n\n\n<p>Por \u2013 Guilherme P.R.Vieira<\/p>\n\n\n\n<p><em><strong>Participe da comunidade do Canal Roni Paparazzi no Whatsapp e receba as principais not\u00edcias do dia direto no seu celular<\/strong>.\u00a0<a rel=\"noreferrer noopener\" href=\"https:\/\/chat.whatsapp.com\/GsG1XKo0jPOEfjzudWQcml\" target=\"_blank\">\u00a0Clique aqui e se inscreva.<\/a><\/em><\/p>\n\n\n\n<p><a href=\"https:\/\/www.paparazzinews.com.br\/wp-admin\/post.php?post=4066&amp;action=edit\"><\/a><\/p>\n","protected":false},"excerpt":{"rendered":"<p>09 de julho, essa data refere-se \u00e0s comemora\u00e7\u00f5es do in\u00edcio da Revolu\u00e7\u00e3o Constitucionalista de 1932, importante movimento hist\u00f3rico e pol\u00edtico para a sociedade brasileira e considerada a data c\u00edvica mais importante do estado de S\u00e3o Paulo. No entanto, apesar de ser feriado estadual e de ser costumeira a refer\u00eancia em nome de ruas na regi\u00e3o, &hellip;<\/p>\n","protected":false},"author":1,"featured_media":4071,"comment_status":"open","ping_status":"open","sticky":false,"template":"","format":"standard","meta":{"_jetpack_memberships_contains_paid_content":false,"footnotes":"","jetpack_publicize_message":"","jetpack_publicize_feature_enabled":true,"jetpack_social_post_already_shared":false,"jetpack_social_options":{"image_generator_settings":{"template":"highway","default_image_id":0,"enabled":false},"version":2}},"categories":[4],"tags":[],"class_list":["post-4069","post","type-post","status-publish","format-standard","has-post-thumbnail","hentry","category-regiao"],"jetpack_publicize_connections":[],"jetpack_featured_media_url":"https:\/\/i0.wp.com\/www.paparazzinews.com.br\/wp-content\/uploads\/2023\/07\/5fc32e18-455f-4349-9849-253700bf2052-750x375-1.jpg?fit=750%2C375&ssl=1","views":"2353","jetpack_likes_enabled":true,"jetpack_sharing_enabled":true,"_links":{"self":[{"href":"https:\/\/www.paparazzinews.com.br\/index.php?rest_route=\/wp\/v2\/posts\/4069","targetHints":{"allow":["GET"]}}],"collection":[{"href":"https:\/\/www.paparazzinews.com.br\/index.php?rest_route=\/wp\/v2\/posts"}],"about":[{"href":"https:\/\/www.paparazzinews.com.br\/index.php?rest_route=\/wp\/v2\/types\/post"}],"author":[{"embeddable":true,"href":"https:\/\/www.paparazzinews.com.br\/index.php?rest_route=\/wp\/v2\/users\/1"}],"replies":[{"embeddable":true,"href":"https:\/\/www.paparazzinews.com.br\/index.php?rest_route=%2Fwp%2Fv2%2Fcomments&post=4069"}],"version-history":[{"count":1,"href":"https:\/\/www.paparazzinews.com.br\/index.php?rest_route=\/wp\/v2\/posts\/4069\/revisions"}],"predecessor-version":[{"id":4072,"href":"https:\/\/www.paparazzinews.com.br\/index.php?rest_route=\/wp\/v2\/posts\/4069\/revisions\/4072"}],"wp:featuredmedia":[{"embeddable":true,"href":"https:\/\/www.paparazzinews.com.br\/index.php?rest_route=\/wp\/v2\/media\/4071"}],"wp:attachment":[{"href":"https:\/\/www.paparazzinews.com.br\/index.php?rest_route=%2Fwp%2Fv2%2Fmedia&parent=4069"}],"wp:term":[{"taxonomy":"category","embeddable":true,"href":"https:\/\/www.paparazzinews.com.br\/index.php?rest_route=%2Fwp%2Fv2%2Fcategories&post=4069"},{"taxonomy":"post_tag","embeddable":true,"href":"https:\/\/www.paparazzinews.com.br\/index.php?rest_route=%2Fwp%2Fv2%2Ftags&post=4069"}],"curies":[{"name":"wp","href":"https:\/\/api.w.org\/{rel}","templated":true}]}}