{"id":4038,"date":"2023-07-07T14:29:44","date_gmt":"2023-07-07T17:29:44","guid":{"rendered":"https:\/\/www.paparazzinews.com.br\/?p=4038"},"modified":"2023-07-07T14:29:45","modified_gmt":"2023-07-07T17:29:45","slug":"11-jovens-infratores-recebem-homenagem-por-publicacao-de-desenhos-da-onu","status":"publish","type":"post","link":"https:\/\/www.paparazzinews.com.br\/?p=4038","title":{"rendered":"11 Jovens infratores recebem homenagem por publica\u00e7\u00e3o de desenhos da ONU\u00a0"},"content":{"rendered":"\n<p>Um grupo de 11 adolescentes que ainda cumprem medida socioeducativa de interna\u00e7\u00e3o em sete centros socioeducativos da Funda\u00e7\u00e3o CASA receberam nesta quinta-feira (6), em cerim\u00f4nia na Sede da Institui\u00e7\u00e3o na capital paulista, homenagem com cartas de agradecimento pela participa\u00e7\u00e3o e sele\u00e7\u00e3o de suas obras no concurso de desenhos promovido em conjunto com a Defensoria P\u00fablica do Estado de S\u00e3o Paulo (DPE-SP).\u00a0<\/p>\n\n\n\n<p>Ao todo foram selecionados 25 desenhos para compor os \u201cComent\u00e1rios Gerais do Comit\u00ea dos Direitos da Crian\u00e7a da ONU\u201d, publica\u00e7\u00e3o traduzida para o portugu\u00eas pelo N\u00facleo Especializado de Inf\u00e2ncia e Juventude (NEIJ) e o N\u00facleo Especializado de Cidadania e Direitos Humanos (NCDH), ambos da DPE-SP, e pelo Instituto Alana, a partir dos documentos publicados pelo Comit\u00ea dos Direitos da Crian\u00e7a da Organiza\u00e7\u00e3o das Na\u00e7\u00f5es Unidas.&nbsp;&nbsp;<\/p>\n\n\n\n<p>Na cerim\u00f4nia de entrega, transmitida internamente pela plataforma Microsoft Teams, o presidente da Funda\u00e7\u00e3o CASA, Jo\u00e3o Ver\u00edssimo Fernandes, e a defensora p\u00fablica Gabriele Est\u00e1bile Bezerra, coordenadora-auxiliar do NEIJ, ressaltaram a qualidade e express\u00e3o das mensagens nos desenhos, cuja sele\u00e7\u00e3o entre 121 enviados foi uma tarefa complexa.&nbsp;&nbsp;<\/p>\n\n\n\n<p>\u201cInfelizmente temos apenas 24 coment\u00e1rios do Tratado dos Direitos da Crian\u00e7a e do Adolescente da ONU, que s\u00e3o objeto da publica\u00e7\u00e3o, e nos deu um aperto no cora\u00e7\u00e3o ter de fazer as escolhas de alguns desenhos em detrimento de outros por causa do n\u00famero limite que t\u00ednhamos\u201d, contou a defensora p\u00fablica durante a cerim\u00f4nia.&nbsp;&nbsp;<\/p>\n\n\n\n<p>\u201cA qualidade t\u00e9cnica superou as nossas expectativas, que j\u00e1 eram altas. Estamos orgulhosos de sair do tradicional, de nomes j\u00e1 esperados, e trazer os adolescentes para contribuir no tema que \u00e9 deles\u201d, acrescenta Gabriele.&nbsp;&nbsp;<\/p>\n\n\n\n<p>O presidente da Funda\u00e7\u00e3o CASA e a defensora p\u00fablica entregaram em m\u00e3os as cartas de agradecimento aos 11 adolescentes dos CASAs Top\u00e1zio e Governador M\u00e1rio Covas, da cidade de S\u00e3o Paulo; S\u00e3o Bernardo II, de S\u00e3o Bernardo do Campo; Limeira; S\u00e3o Carlos; Jacare\u00ed; e Feminino de Cerqueira C\u00e9sar, na cidade de Cerqueira C\u00e9sar. Cinco adolescentes, internados nos CASAs Rio Dourado, em Lins; Mar\u00edlia; e Macan\u00e1 da Serra, em Franco da Rocha, receber\u00e3o posteriormente suas cartas de agradecimento.&nbsp;<\/p>\n\n\n\n<p>Durante a cerim\u00f4nia, o presidente da Funda\u00e7\u00e3o CASA destacou o estigma social que acompanha os adolescentes que cometeram ao infracional. \u201cEsses 25 desenhos escolhidos s\u00e3o apenas uma amostra, que refletem a capacidade dos adolescentes, de superar a adversidade moment\u00e2nea que passam (ao estar internados)\u201d, afirmou Jo\u00e3o Ver\u00edssimo. Ao se dirigir diretamente aos jovens presentes, ressaltou: \u201cVoc\u00eas precisam ter isso na cabe\u00e7a de voc\u00eas: eu posso e eu vou conseguir\u201d.&nbsp;&nbsp;<\/p>\n\n\n\n<p>Dois adolescentes, um internado no CASA Limeira e outra em interna\u00e7\u00e3o no CASA Feminino de Cerqueira C\u00e9sar tamb\u00e9m discursaram sobre a participa\u00e7\u00e3o no concurso.&nbsp;&nbsp;<\/p>\n\n\n\n<p>Segundo a jovem do CASA Cerqueira C\u00e9sar, seu desenho procurou retratar os direitos b\u00e1sicos de uma crian\u00e7a. \u201cPor mais que os direitos as crian\u00e7as estejam protocolados, n\u00e3o \u00e9 isso que ocorre no mundo e o que vemos\u201d, destacou a jovem ao refor\u00e7ar que a realidade das crian\u00e7as seria diferente se houvesse garantia de direitos como alimenta\u00e7\u00e3o, sa\u00fade, educa\u00e7\u00e3o e lazer.&nbsp;<\/p>\n\n\n\n<p>J\u00e1 o adolescente do CASA Limeira, explicou como foi o processo de elabora\u00e7\u00e3o do seu desenho e como a sele\u00e7\u00e3o se refletiu. \u201cMe sinto grato e honrado por ter tido a minha obra de arte escolhida para compor o livro\u201d, disse o jovem.&nbsp;<\/p>\n\n\n\n<p><strong>Sobre o concurso&nbsp;<\/strong><\/p>\n\n\n\n<p>Ao todo, 120 adolescentes de 20 centros socioeducativos participaram do concurso de desenhos da Funda\u00e7\u00e3o CASA e da Defensoria P\u00fabliaca, cujo tema central foi \u201cO que \u00e9 ser crian\u00e7a\/adolescente para voc\u00ea?\u201d. Os jovens em interna\u00e7\u00e3o enviaram 121 desenhos, elaborados individualmente ou de forma coletiva.&nbsp;&nbsp;<\/p>\n\n\n\n<p>Dos 25 escolhidos, um resultante de obra coletiva de jovens do CASA Atibaia ir\u00e1 ilustrar a capa, enquanto os outros 24 estar\u00e3o no interior da publica\u00e7\u00e3o. A publica\u00e7\u00e3o conta com 24 coment\u00e1rios traduzidos, que abordam quest\u00f5es como os direitos infanto-juvenis no sistema de justi\u00e7a juvenil, crian\u00e7as e adolescentes em situa\u00e7\u00e3o de rua, dentre outros.&nbsp;<\/p>\n\n\n\n<p><strong>A publica\u00e7\u00e3o&nbsp;<\/strong><\/p>\n\n\n\n<p>De acordo com a defensora p\u00fablica do N\u00facleo Especializado de Inf\u00e2ncia e Juventude, as tradu\u00e7\u00f5es para o portugu\u00eas come\u00e7aram em 2019, com os profissionais dos dois N\u00facleos da DPE-SP, apoiados por alunos de gradua\u00e7\u00e3o da Cl\u00ednica de Direito Internacional e Direitos Humanos, da Faculdade de Direito da Universidade de S\u00e3o Paulo (USP), sob a coordena\u00e7\u00e3o do professor Andr\u00e9 de Carvalho Ramos.&nbsp;<\/p>\n\n\n\n<p>\u201cNo processo, soubemos do interesse do Instituto Alana no tema e que j\u00e1 haviam traduzido uma parte dos coment\u00e1rios. Ent\u00e3o, juntamos esfor\u00e7os, sendo que, depois, a equipe do Instituto se responsabilizou pelas revis\u00f5es gramatical e da tradu\u00e7\u00e3o\u201d, explica Gabriele. A publica\u00e7\u00e3o est\u00e1 na fase final de produ\u00e7\u00e3o, na etapa de revis\u00f5es.&nbsp;As l\u00ednguas oficiais utilizadas pela ONU s\u00e3o o \u00e1rabe, chin\u00eas, espanhol, franc\u00eas, ingl\u00eas e russo.&nbsp;<\/p>\n\n\n\n<p><em><strong>Participe da comunidade do Canal Roni Paparazzi no Whatsapp e receba as principais not\u00edcias do dia direto no seu celular<\/strong>.\u00a0<a rel=\"noreferrer noopener\" href=\"https:\/\/chat.whatsapp.com\/GsG1XKo0jPOEfjzudWQcml\" target=\"_blank\">\u00a0Clique aqui e se inscreva.<\/a><\/em><\/p>\n","protected":false},"excerpt":{"rendered":"<p>Um grupo de 11 adolescentes que ainda cumprem medida socioeducativa de interna\u00e7\u00e3o em sete centros socioeducativos da Funda\u00e7\u00e3o CASA receberam nesta quinta-feira (6), em cerim\u00f4nia na Sede da Institui\u00e7\u00e3o na capital paulista, homenagem com cartas de agradecimento pela participa\u00e7\u00e3o e sele\u00e7\u00e3o de suas obras no concurso de desenhos promovido em conjunto com a Defensoria P\u00fablica &hellip;<\/p>\n","protected":false},"author":1,"featured_media":4039,"comment_status":"open","ping_status":"open","sticky":false,"template":"","format":"standard","meta":{"_jetpack_memberships_contains_paid_content":false,"footnotes":"","jetpack_publicize_message":"","jetpack_publicize_feature_enabled":true,"jetpack_social_post_already_shared":false,"jetpack_social_options":{"image_generator_settings":{"template":"highway","default_image_id":0,"enabled":false},"version":2}},"categories":[6],"tags":[],"class_list":["post-4038","post","type-post","status-publish","format-standard","has-post-thumbnail","hentry","category-entretenimento"],"jetpack_publicize_connections":[],"jetpack_featured_media_url":"https:\/\/i0.wp.com\/www.paparazzinews.com.br\/wp-content\/uploads\/2023\/07\/Concurso_Desenho_Presidente_Div02-e1688750867135.jpg?fit=1000%2C633&ssl=1","views":"3587","jetpack_likes_enabled":true,"jetpack_sharing_enabled":true,"_links":{"self":[{"href":"https:\/\/www.paparazzinews.com.br\/index.php?rest_route=\/wp\/v2\/posts\/4038","targetHints":{"allow":["GET"]}}],"collection":[{"href":"https:\/\/www.paparazzinews.com.br\/index.php?rest_route=\/wp\/v2\/posts"}],"about":[{"href":"https:\/\/www.paparazzinews.com.br\/index.php?rest_route=\/wp\/v2\/types\/post"}],"author":[{"embeddable":true,"href":"https:\/\/www.paparazzinews.com.br\/index.php?rest_route=\/wp\/v2\/users\/1"}],"replies":[{"embeddable":true,"href":"https:\/\/www.paparazzinews.com.br\/index.php?rest_route=%2Fwp%2Fv2%2Fcomments&post=4038"}],"version-history":[{"count":1,"href":"https:\/\/www.paparazzinews.com.br\/index.php?rest_route=\/wp\/v2\/posts\/4038\/revisions"}],"predecessor-version":[{"id":4040,"href":"https:\/\/www.paparazzinews.com.br\/index.php?rest_route=\/wp\/v2\/posts\/4038\/revisions\/4040"}],"wp:featuredmedia":[{"embeddable":true,"href":"https:\/\/www.paparazzinews.com.br\/index.php?rest_route=\/wp\/v2\/media\/4039"}],"wp:attachment":[{"href":"https:\/\/www.paparazzinews.com.br\/index.php?rest_route=%2Fwp%2Fv2%2Fmedia&parent=4038"}],"wp:term":[{"taxonomy":"category","embeddable":true,"href":"https:\/\/www.paparazzinews.com.br\/index.php?rest_route=%2Fwp%2Fv2%2Fcategories&post=4038"},{"taxonomy":"post_tag","embeddable":true,"href":"https:\/\/www.paparazzinews.com.br\/index.php?rest_route=%2Fwp%2Fv2%2Ftags&post=4038"}],"curies":[{"name":"wp","href":"https:\/\/api.w.org\/{rel}","templated":true}]}}