{"id":4016,"date":"2023-07-05T15:33:01","date_gmt":"2023-07-05T18:33:01","guid":{"rendered":"https:\/\/www.paparazzinews.com.br\/?p=4016"},"modified":"2023-07-05T15:33:02","modified_gmt":"2023-07-05T18:33:02","slug":"praca-de-andradina-e-restaurada-e-mantem-o-passado-atualizado","status":"publish","type":"post","link":"https:\/\/www.paparazzinews.com.br\/?p=4016","title":{"rendered":"Pra\u00e7a de Andradina \u00e9 restaurada e mant\u00e9m o passado atualizado"},"content":{"rendered":"\n<p>Toda a hist\u00f3ria cultural e social de Andradina, desde a d\u00e9cada de 40 aos anos 2.000 est\u00e3o marcadas nas mem\u00f3rias e monumentos da Pra\u00e7a Ant\u00f4nio Joaquim de Moura Andrade (Pra\u00e7a Moura Andrade).&nbsp;<\/p>\n\n\n\n<p>Ele est\u00e1 sendo entregue totalmente reformulada pelo Governo de Andradina, que trouxe a pra\u00e7a ao tempo atual, preservando e respeitando toda a \u201chist\u00f3ria viva\u201d gravada nas mem\u00f3rias e em cada cent\u00edmetro do local mais ic\u00f4nico da cidade.<\/p>\n\n\n\n<p>A Pra\u00e7a Ant\u00f4nio Joaquim de Moura Andrade, a \u201cPra\u00e7a Moura Andrade\u201d, j\u00e1 foi o centro nervoso e s\u00edmbolo do desenvolvimento regional nas d\u00e9cadas de 60, 70 e 80.&nbsp;<\/p>\n\n\n\n<p>As \u00faltimas grandes interven\u00e7\u00f5es na pra\u00e7a foram realizadas netas d\u00e9cadas de ouro, quando a pra\u00e7a reunia o movimento pulsante de uma sociedade que n\u00e3o parava, seja como refer\u00eancia do centro financeiro ou em suas tardes repletas de andradinenses onde se discutiam os destinos da nossa cidade ou ainda nas horas de descontra\u00e7\u00e3o movimentadas pelas atividades culturais no velho coreto e palco e pelo p\u00fablico atra\u00eddo pelos cinemas, cantinas e restaurantes.<\/p>\n\n\n\n<p>O tempo passou, o coreto sumiu, a fonte sumiu, um palco foi constru\u00eddo e depois sumiu. A pra\u00e7a vinha sofrendo com a degrada\u00e7\u00e3o do tempo e a falta de investimentos. O atual Governo de Andradina est\u00e1 sendo respons\u00e1vel pela revitaliza\u00e7\u00e3o da pra\u00e7a, que tem foco principal em um novo pavimento no local, j\u00e1 que o antigo, em \u201cpetit pav\u00ea\u201d, foi danificado pelo tempo e n\u00e3o recebeu o devido cuidado no passado sendo um grande causador de transtornos de mobilidade e at\u00e9 frequentes pequenos acidentes.<\/p>\n\n\n\n<p>A nova reformula\u00e7\u00e3o vai devolver a acessibilidade e seguran\u00e7a para os frequentadores da Pra\u00e7a, que se re\u00fanem em grupos pelas manh\u00e3s e durante o expediente banc\u00e1rio e do com\u00e9rcio, ou que voltam pela noite para aproveitar o mais famoso centro gastron\u00f4mico popular ao longo da cal\u00e7ada pela Rua Santa Terezinha.<\/p>\n\n\n\n<p><strong>Marca\u00e7\u00f5es<\/strong><br>A pintura sobre o novo pavimento da pra\u00e7a replica os locais onde estiveram os mosaicos feitos em \u201cpetit pav\u00ea\u201d. A pintura foi executada com a mesma qualidade das sinaliza\u00e7\u00f5es de solo utilizadas pelo setor de Tr\u00e2nsito da Prefeitura o que vai garantir uma boa durabilidade.<br><br>No centro da pra\u00e7a, a grande \u201croda dos ventos\u201d est\u00e1 preservada, imortalizando o maior s\u00edmbolo da Pra\u00e7a Moura Andrade. Bancos considerados hist\u00f3ricos e monumentos ser\u00e3o preservados e revitalizados.<br>As pedras que comp\u00f5em o \u201cpetit pav\u00ea\u201d ser\u00e3o guardadas pela administra\u00e7\u00e3o para recupera\u00e7\u00e3o de outras pra\u00e7as que tem o mesmo pavimento.<\/p>\n\n\n\n<p><strong>Estacionamento<\/strong><br>A pra\u00e7a Moura Andrade j\u00e1 possui um grande p\u00e1tio central e duas entradas centrais pela Paes Leme e outra pela Ac\u00e1cio e Silva, podendo assim ser apoio para eventualmente estacionar carros em hor\u00e1rios e dias espec\u00edficos, n\u00e3o danificando e nem destruindo seu desenho atual.<\/p>\n\n\n\n<p><em><strong>Participe da comunidade do Canal Roni Paparazzi no Whatsapp e receba as principais not\u00edcias do dia direto no seu celular<\/strong>.\u00a0<a rel=\"noreferrer noopener\" href=\"https:\/\/chat.whatsapp.com\/GsG1XKo0jPOEfjzudWQcml\" target=\"_blank\">\u00a0Clique aqui e se inscreva.<\/a><\/em><\/p>\n","protected":false},"excerpt":{"rendered":"<p>Toda a hist\u00f3ria cultural e social de Andradina, desde a d\u00e9cada de 40 aos anos 2.000 est\u00e3o marcadas nas mem\u00f3rias e monumentos da Pra\u00e7a Ant\u00f4nio Joaquim de Moura Andrade (Pra\u00e7a Moura Andrade).&nbsp; Ele est\u00e1 sendo entregue totalmente reformulada pelo Governo de Andradina, que trouxe a pra\u00e7a ao tempo atual, preservando e respeitando toda a \u201chist\u00f3ria &hellip;<\/p>\n","protected":false},"author":1,"featured_media":4017,"comment_status":"open","ping_status":"open","sticky":false,"template":"","format":"standard","meta":{"_jetpack_memberships_contains_paid_content":false,"footnotes":"","jetpack_publicize_message":"","jetpack_publicize_feature_enabled":true,"jetpack_social_post_already_shared":false,"jetpack_social_options":{"image_generator_settings":{"template":"highway","default_image_id":0,"enabled":false},"version":2}},"categories":[4],"tags":[],"class_list":["post-4016","post","type-post","status-publish","format-standard","has-post-thumbnail","hentry","category-regiao"],"jetpack_publicize_connections":[],"jetpack_featured_media_url":"https:\/\/i0.wp.com\/www.paparazzinews.com.br\/wp-content\/uploads\/2023\/07\/4c9e6f8f0a6614bdd9b75f4f3d25ef64.jpg?fit=800%2C562&ssl=1","views":"5749","jetpack_likes_enabled":true,"jetpack_sharing_enabled":true,"_links":{"self":[{"href":"https:\/\/www.paparazzinews.com.br\/index.php?rest_route=\/wp\/v2\/posts\/4016","targetHints":{"allow":["GET"]}}],"collection":[{"href":"https:\/\/www.paparazzinews.com.br\/index.php?rest_route=\/wp\/v2\/posts"}],"about":[{"href":"https:\/\/www.paparazzinews.com.br\/index.php?rest_route=\/wp\/v2\/types\/post"}],"author":[{"embeddable":true,"href":"https:\/\/www.paparazzinews.com.br\/index.php?rest_route=\/wp\/v2\/users\/1"}],"replies":[{"embeddable":true,"href":"https:\/\/www.paparazzinews.com.br\/index.php?rest_route=%2Fwp%2Fv2%2Fcomments&post=4016"}],"version-history":[{"count":1,"href":"https:\/\/www.paparazzinews.com.br\/index.php?rest_route=\/wp\/v2\/posts\/4016\/revisions"}],"predecessor-version":[{"id":4018,"href":"https:\/\/www.paparazzinews.com.br\/index.php?rest_route=\/wp\/v2\/posts\/4016\/revisions\/4018"}],"wp:featuredmedia":[{"embeddable":true,"href":"https:\/\/www.paparazzinews.com.br\/index.php?rest_route=\/wp\/v2\/media\/4017"}],"wp:attachment":[{"href":"https:\/\/www.paparazzinews.com.br\/index.php?rest_route=%2Fwp%2Fv2%2Fmedia&parent=4016"}],"wp:term":[{"taxonomy":"category","embeddable":true,"href":"https:\/\/www.paparazzinews.com.br\/index.php?rest_route=%2Fwp%2Fv2%2Fcategories&post=4016"},{"taxonomy":"post_tag","embeddable":true,"href":"https:\/\/www.paparazzinews.com.br\/index.php?rest_route=%2Fwp%2Fv2%2Ftags&post=4016"}],"curies":[{"name":"wp","href":"https:\/\/api.w.org\/{rel}","templated":true}]}}