{"id":4013,"date":"2023-07-05T14:52:27","date_gmt":"2023-07-05T17:52:27","guid":{"rendered":"https:\/\/www.paparazzinews.com.br\/?p=4013"},"modified":"2023-07-05T14:52:28","modified_gmt":"2023-07-05T17:52:28","slug":"aguas-andradina-doou-bicicletas-e-canecas-para-formatura-dos-alunos-do-proerd","status":"publish","type":"post","link":"https:\/\/www.paparazzinews.com.br\/?p=4013","title":{"rendered":"\u00c1guas Andradina doou bicicletas e canecas para formatura dos alunos do Proerd"},"content":{"rendered":"\n<p>Na \u00faltima ter\u00e7a-feira (04\/07), o coordenador-operacional da \u00c1guas Andradina e \u00c1guas Castilho, Alexandre Cazetto Pardim, empresas do grupo Igu\u00e1 Saneamento e Sabesp, participou da tradicional cerim\u00f4nia de formatura do Programa Educacional de Resist\u00eancia \u00e0s Drogas e \u00e0 Viol\u00eancia, uma parceria do Batalh\u00e3o de Pol\u00edcia Militar do Interior com a Secretaria de Educa\u00e7\u00e3o da Prefeitura de Andradina.<\/p>\n\n\n\n<p>O evento aconteceu no Gin\u00e1sio Municipal de Esportes e contou com a presen\u00e7a de cerca de 500 alunos de escolas da rede p\u00fablica de ensino do munic\u00edpio. Por acreditar no poder transformador do conhecimento e da educa\u00e7\u00e3o, a \u00c1guas Andradina apoiou esse projeto com a doa\u00e7\u00e3o de bicicletas e canecas que foram sorteadas para as crian\u00e7as destaques de cada sala na produ\u00e7\u00e3o da reda\u00e7\u00e3o \u201cO que aprendi com o Proerd\u201d.<\/p>\n\n\n\n<p>Saiba mais sobre os trabalhos realizados pela \u00c1guas Andradina no site&nbsp;<a href=\"http:\/\/www.igua.com.br\/andradina\" target=\"_blank\" rel=\"noreferrer noopener\">www.igua.com.br\/andradina<\/a>.<\/p>\n\n\n\n<p><em><strong>Participe da comunidade do Canal Roni Paparazzi no Whatsapp e receba as principais not\u00edcias do dia direto no seu celular<\/strong>.\u00a0<a rel=\"noreferrer noopener\" href=\"https:\/\/chat.whatsapp.com\/GsG1XKo0jPOEfjzudWQcml\" target=\"_blank\">\u00a0Clique aqui e se inscreva.<\/a><\/em><\/p>\n","protected":false},"excerpt":{"rendered":"<p>Na \u00faltima ter\u00e7a-feira (04\/07), o coordenador-operacional da \u00c1guas Andradina e \u00c1guas Castilho, Alexandre Cazetto Pardim, empresas do grupo Igu\u00e1 Saneamento e Sabesp, participou da tradicional cerim\u00f4nia de formatura do Programa Educacional de Resist\u00eancia \u00e0s Drogas e \u00e0 Viol\u00eancia, uma parceria do Batalh\u00e3o de Pol\u00edcia Militar do Interior com a Secretaria de Educa\u00e7\u00e3o da Prefeitura de &hellip;<\/p>\n","protected":false},"author":1,"featured_media":4014,"comment_status":"open","ping_status":"open","sticky":false,"template":"","format":"standard","meta":{"_jetpack_memberships_contains_paid_content":false,"footnotes":"","jetpack_publicize_message":"","jetpack_publicize_feature_enabled":true,"jetpack_social_post_already_shared":false,"jetpack_social_options":{"image_generator_settings":{"template":"highway","default_image_id":0,"enabled":false},"version":2}},"categories":[6],"tags":[],"class_list":["post-4013","post","type-post","status-publish","format-standard","has-post-thumbnail","hentry","category-entretenimento"],"jetpack_publicize_connections":[],"jetpack_featured_media_url":"https:\/\/i0.wp.com\/www.paparazzinews.com.br\/wp-content\/uploads\/2023\/07\/formatura-dos-alunos-do-Proerd-3-e1688579526778.jpeg?fit=1000%2C616&ssl=1","views":"2349","jetpack_likes_enabled":true,"jetpack_sharing_enabled":true,"_links":{"self":[{"href":"https:\/\/www.paparazzinews.com.br\/index.php?rest_route=\/wp\/v2\/posts\/4013","targetHints":{"allow":["GET"]}}],"collection":[{"href":"https:\/\/www.paparazzinews.com.br\/index.php?rest_route=\/wp\/v2\/posts"}],"about":[{"href":"https:\/\/www.paparazzinews.com.br\/index.php?rest_route=\/wp\/v2\/types\/post"}],"author":[{"embeddable":true,"href":"https:\/\/www.paparazzinews.com.br\/index.php?rest_route=\/wp\/v2\/users\/1"}],"replies":[{"embeddable":true,"href":"https:\/\/www.paparazzinews.com.br\/index.php?rest_route=%2Fwp%2Fv2%2Fcomments&post=4013"}],"version-history":[{"count":1,"href":"https:\/\/www.paparazzinews.com.br\/index.php?rest_route=\/wp\/v2\/posts\/4013\/revisions"}],"predecessor-version":[{"id":4015,"href":"https:\/\/www.paparazzinews.com.br\/index.php?rest_route=\/wp\/v2\/posts\/4013\/revisions\/4015"}],"wp:featuredmedia":[{"embeddable":true,"href":"https:\/\/www.paparazzinews.com.br\/index.php?rest_route=\/wp\/v2\/media\/4014"}],"wp:attachment":[{"href":"https:\/\/www.paparazzinews.com.br\/index.php?rest_route=%2Fwp%2Fv2%2Fmedia&parent=4013"}],"wp:term":[{"taxonomy":"category","embeddable":true,"href":"https:\/\/www.paparazzinews.com.br\/index.php?rest_route=%2Fwp%2Fv2%2Fcategories&post=4013"},{"taxonomy":"post_tag","embeddable":true,"href":"https:\/\/www.paparazzinews.com.br\/index.php?rest_route=%2Fwp%2Fv2%2Ftags&post=4013"}],"curies":[{"name":"wp","href":"https:\/\/api.w.org\/{rel}","templated":true}]}}