{"id":4010,"date":"2023-07-05T14:48:45","date_gmt":"2023-07-05T17:48:45","guid":{"rendered":"https:\/\/www.paparazzinews.com.br\/?p=4010"},"modified":"2023-07-05T14:48:46","modified_gmt":"2023-07-05T17:48:46","slug":"presidente-e-promotora-da-justica-do-pro-vitima-e-homenageada","status":"publish","type":"post","link":"https:\/\/www.paparazzinews.com.br\/?p=4010","title":{"rendered":"Presidente e promotora da Justi\u00e7a do Pr\u00f3-V\u00edtima \u00e9 homenageada"},"content":{"rendered":"\n<p><em><strong>Promotora de Justi\u00e7a e idealizadora do Estatuto da V\u00edtima, Celeste Leite dos Santos tem sua biografia citada na antologia; obra ser\u00e1 lan\u00e7ada nesta 4\u00aa feira (5\/7), em S\u00e3o Paulo-SP\u00a0<\/strong><\/em><\/p>\n\n\n\n<p>A promotora de Justi\u00e7a e presidente do Instituto Brasileiro de Aten\u00e7\u00e3o e Prote\u00e7\u00e3o Integral a V\u00edtimas (Pr\u00f3-V\u00edtima), Celeste Leite dos Santos, ter\u00e1 sua trajet\u00f3ria profissional reconhecida e eternizada na antologia \u201cMulheres Not\u00e1veis do S\u00e9culo 21\u201d. O livro ser\u00e1 lan\u00e7ado nesta 4\u00aa feira a partir das 14 horas, na Editora Oficina do Livro (rua \u00c1lvaro Rodrigues, n\u00ba 732, Vila Cordeiro, S\u00e3o Paulo-SP).&nbsp;<\/p>\n\n\n\n<p>A obra re\u00fane conte\u00fado elaborado por escritores em homenagem a mulheres de destaque na atualidade e que fazem a diferen\u00e7a na sociedade brasileira. Doutora em Direito Civil, mestre em Direito Penal e idealizadora do Estatuto da V\u00edtima, Celeste tem seus projetos, conquistas e trajet\u00f3ria narrados no cap\u00edtulo assinado por Perize Chufan, escritora com atua\u00e7\u00e3o em Organiza\u00e7\u00f5es N\u00e3o-Governamentais (ONGs) e causas sociais e humanit\u00e1rias.&nbsp;<\/p>\n\n\n\n<p>A autora faz uma imers\u00e3o na biografia da promotora de Justi\u00e7a e presidente do Instituto Pr\u00f3-V\u00edtima. Ela narra, entre outros momentos, como foi a escolha de Celeste pelo Minist\u00e9rio P\u00fablico (MP), onde atua h\u00e1 mais de 20 anos. Filha do psiquiatra Jos\u00e9 Am\u00e9rico dos Santos e de Maria Celeste Cordeiro Leite dos Santos, advogada e professora da Universidade de S\u00e3o Paulo (USP), Celeste contou \u00e0 autora que come\u00e7ou a se encantar pelo Direito ainda na escola, incentivada por uma professora, que a alertou que algumas carreiras, na \u00e9poca tipicamente masculinas, estavam de portas abertas \u00e0s mulheres. Foi quando, ent\u00e3o, Celeste passou a acarinhar o desejo de seguir na \u00e1rea.&nbsp;<\/p>\n\n\n\n<p>Hoje, a promotora de Justi\u00e7a \u00e9 coordenadora do Grupo de Estudos de G\u00eanero do Minist\u00e9rio P\u00fablico (MP) de S\u00e3o Paulo e, tamb\u00e9m, coordenadora da revista internacional de Vitimologia e Justi\u00e7a Restaurativa. Foi Celeste quem tamb\u00e9m idealizou a lei federal de importuna\u00e7\u00e3o sexual e o Estatuto da V\u00edtima, prestes a ser votado na C\u00e2mara dos Deputados. &nbsp;<\/p>\n\n\n\n<p>Para a profissional, ser reconhecida num livro que vai abarcar hist\u00f3rias de outras mulheres que s\u00e3o refer\u00eancias em seus segmentos \u00e9 reconhecimento \u00e0s lutas que empreende, h\u00e1 anos, na busca por igualdade e Justi\u00e7a, sobretudo aos menos favorecidos, e contra a revitimiza\u00e7\u00e3o: &nbsp;<\/p>\n\n\n\n<p>\u201cTer minha trajet\u00f3ria, ao longo de quase duas d\u00e9cadas, contada pela Perize Chufan, por quem tenho grande admira\u00e7\u00e3o, \u00e9 um importante reconhecimento. A autora \u00e9 extremamente atuante e comprometida com causas humanit\u00e1rias, e o olhar dela sobre minha hist\u00f3ria tem um significado muito especial para mim\u201d, destaca Celeste. &nbsp;<\/p>\n\n\n\n<p>O Pr\u00f3-V\u00edtima \u00e9 o mais recente projeto de Celeste. Trata-se de iniciativa pioneira no Pa\u00eds e que tem o objetivo de lutar por pol\u00edticas p\u00fablicas para v\u00edtimas de crimes, de desastres naturais e de calamidades. Recentemente, o Instituto foi acionado para atuar no caso Mariana Ferrer, que alega ter sido estuprada por um empres\u00e1rio num beach club em Florian\u00f3polis (RS). O acusado foi absolvido e a conduta do juiz no caso est\u00e1 sendo questionada no Conselho Nacional de Justi\u00e7a (CNJ).&nbsp;<\/p>\n\n\n\n<p><strong>A obra&nbsp;<\/strong><\/p>\n\n\n\n<p>\u201cMulheres Not\u00e1veis do S\u00e9culo 21\u201d tem coordena\u00e7\u00e3o de S\u00edlvia Bruno Securato e cap\u00edtulos de escritores, que, em seus textos, homenageiam personalidades femininas de destaque na sociedade brasileira. O lan\u00e7amento, nesta 4\u00aa feira, est\u00e1 marcado para \u00e0s 14 horas, na sede da Editora Oficina do Livro, na Vila Cordeiro, em S\u00e3o Paulo-SP. A obra ser\u00e1 comercializada no site&nbsp;<a href=\"http:\/\/www.oficinadolivroeditora.com.br\/\" target=\"_blank\" rel=\"noreferrer noopener\">www.oficinadolivroeditora.com.br<\/a>.&nbsp;<\/p>\n\n\n\n<p><em><strong>Participe da comunidade do Canal Roni Paparazzi no Whatsapp e receba as principais not\u00edcias do dia direto no seu celular<\/strong>.\u00a0<a rel=\"noreferrer noopener\" href=\"https:\/\/chat.whatsapp.com\/GsG1XKo0jPOEfjzudWQcml\" target=\"_blank\">\u00a0Clique aqui e se inscreva.<\/a><\/em><\/p>\n","protected":false},"excerpt":{"rendered":"<p>Promotora de Justi\u00e7a e idealizadora do Estatuto da V\u00edtima, Celeste Leite dos Santos tem sua biografia citada na antologia; obra ser\u00e1 lan\u00e7ada nesta 4\u00aa feira (5\/7), em S\u00e3o Paulo-SP\u00a0 A promotora de Justi\u00e7a e presidente do Instituto Brasileiro de Aten\u00e7\u00e3o e Prote\u00e7\u00e3o Integral a V\u00edtimas (Pr\u00f3-V\u00edtima), Celeste Leite dos Santos, ter\u00e1 sua trajet\u00f3ria profissional reconhecida &hellip;<\/p>\n","protected":false},"author":1,"featured_media":4011,"comment_status":"open","ping_status":"open","sticky":false,"template":"","format":"standard","meta":{"_jetpack_memberships_contains_paid_content":false,"footnotes":"","jetpack_publicize_message":"","jetpack_publicize_feature_enabled":true,"jetpack_social_post_already_shared":false,"jetpack_social_options":{"image_generator_settings":{"template":"highway","default_image_id":0,"enabled":false},"version":2}},"categories":[6],"tags":[],"class_list":["post-4010","post","type-post","status-publish","format-standard","has-post-thumbnail","hentry","category-entretenimento"],"jetpack_publicize_connections":[],"jetpack_featured_media_url":"https:\/\/i0.wp.com\/www.paparazzinews.com.br\/wp-content\/uploads\/2023\/07\/1-5-e1688579289390.png?fit=1000%2C500&ssl=1","views":"4503","jetpack_likes_enabled":true,"jetpack_sharing_enabled":true,"_links":{"self":[{"href":"https:\/\/www.paparazzinews.com.br\/index.php?rest_route=\/wp\/v2\/posts\/4010","targetHints":{"allow":["GET"]}}],"collection":[{"href":"https:\/\/www.paparazzinews.com.br\/index.php?rest_route=\/wp\/v2\/posts"}],"about":[{"href":"https:\/\/www.paparazzinews.com.br\/index.php?rest_route=\/wp\/v2\/types\/post"}],"author":[{"embeddable":true,"href":"https:\/\/www.paparazzinews.com.br\/index.php?rest_route=\/wp\/v2\/users\/1"}],"replies":[{"embeddable":true,"href":"https:\/\/www.paparazzinews.com.br\/index.php?rest_route=%2Fwp%2Fv2%2Fcomments&post=4010"}],"version-history":[{"count":1,"href":"https:\/\/www.paparazzinews.com.br\/index.php?rest_route=\/wp\/v2\/posts\/4010\/revisions"}],"predecessor-version":[{"id":4012,"href":"https:\/\/www.paparazzinews.com.br\/index.php?rest_route=\/wp\/v2\/posts\/4010\/revisions\/4012"}],"wp:featuredmedia":[{"embeddable":true,"href":"https:\/\/www.paparazzinews.com.br\/index.php?rest_route=\/wp\/v2\/media\/4011"}],"wp:attachment":[{"href":"https:\/\/www.paparazzinews.com.br\/index.php?rest_route=%2Fwp%2Fv2%2Fmedia&parent=4010"}],"wp:term":[{"taxonomy":"category","embeddable":true,"href":"https:\/\/www.paparazzinews.com.br\/index.php?rest_route=%2Fwp%2Fv2%2Fcategories&post=4010"},{"taxonomy":"post_tag","embeddable":true,"href":"https:\/\/www.paparazzinews.com.br\/index.php?rest_route=%2Fwp%2Fv2%2Ftags&post=4010"}],"curies":[{"name":"wp","href":"https:\/\/api.w.org\/{rel}","templated":true}]}}