{"id":3970,"date":"2023-07-04T11:31:52","date_gmt":"2023-07-04T14:31:52","guid":{"rendered":"https:\/\/www.paparazzinews.com.br\/?p=3970"},"modified":"2023-07-04T11:31:53","modified_gmt":"2023-07-04T14:31:53","slug":"diversidade-e-celebrada-em-andradina","status":"publish","type":"post","link":"https:\/\/www.paparazzinews.com.br\/?p=3970","title":{"rendered":"Diversidade \u00e9 celebrada em Andradina"},"content":{"rendered":"\n<p>Em 2023, completam-se 46 anos do come\u00e7o da organiza\u00e7\u00e3o do movimento LGBT no Brasil. Em 1978, as lutas come\u00e7aram sob o t\u00edtulo \u201dMovimento Homossexual Brasileiro\u201d, que sofreu transforma\u00e7\u00f5es at\u00e9 se transformar no Movimento LGBTQIAPN+ que conhecemos hoje. <\/p>\n\n\n\n<p>Para celebrar o fortalecimento da \u201cluta\u201d, a Secretaria de Esportes, Cultura, Lazer e Juventude, realizou no \u00faltimo dia 1, na Pra\u00e7a Ceu das Artes, o Encontro anual do movimento.\u201cVamos comemoramos com muito orgulho os avan\u00e7os e fortalecer aonde ainda precisamos seguir em frente. Assim temos uma sociedade plural e fortalecida\u201d, disse o secret\u00e1rio do Esporte, Cultura, Lazer e Juventude, Jonilcio Avelino da Silva, o Careca.<\/p>\n\n\n\n<p>A roda de debates, que abordou desde as dificuldades do movimento em Andradina e a marginaliza\u00e7\u00e3o, aos \u201ccases\u201d de \u201csucesso\u201d profissional e pessoal, tiveram como convidados o Dr Andr\u00e9 Godoy e do professor Ricardo Silva.<br>A programa\u00e7\u00e3o artista contou com apresenta\u00e7\u00f5es de Conex\u00e3o Daniel\u00b4s, Leogion\u00e1rios, Patr\u00edcia Alvino, Kadosshi e da Miss Trans Dourados, a andradinense Jeane, que est\u00e1 participando do Miss Campo Grande, que abre caminho para o Miss Brasil.<br><br><strong>A origem<\/strong><br>De um confronto entre policiais e manifestantes nos Estados Unidos, em 28 de junho de 1969, surgiu a data em que se comemora o&nbsp;<a href=\"https:\/\/www.cnnbrasil.com.br\/tudo-sobre\/dia-internacional-do-orgulho-lgbtqia\/\">Dia Internacional do Orgulho LGBTQIA+.<\/a><\/p>\n\n\n\n<p>O protesto acontecia em defesa do clube gay Stonewall Inn, aberto em 1967, no cora\u00e7\u00e3o do bo\u00eamio bairro de Greenwich Village, em Nova York.<\/p>\n\n\n\n<p>Naquela \u00e9poca, apesar da circula\u00e7\u00e3o de ideias progressistas na regi\u00e3o, as leis contra homossexuais eram r\u00edgidas, colocando em risco aqueles que ousavam demonstrar afeto n\u00e3o heterossexual em p\u00fablico.<br>Para escapar da regulamenta\u00e7\u00e3o estadual que proibia os homossexuais de consumir bebidas alco\u00f3licas, o mafioso \u201cFat Tony\u201d Lauria fundou o Stonewall Inn como um clube privado.<\/p>\n\n\n\n<p>Embora as batidas policiais fossem relativamente comuns no estabelecimento, uma investida surpresa em 1969 tomou rumos inesperados, resultando no que ficou conhecido como \u201cRebeli\u00e3o de Stonewall\u201d \u2013um levante de seis dias em defesa dos direitos da popula\u00e7\u00e3o&nbsp;<a href=\"https:\/\/www.cnnbrasil.com.br\/tudo-sobre\/lgbt\">LGBTQIA+<\/a>.<\/p>\n\n\n\n<p>A primeira invas\u00e3o aconteceu na ter\u00e7a-feira, 24 de junho. Dias depois, na sexta-feira, 27, os policiais voltaram ao clube na inten\u00e7\u00e3o de \u201cdestruir o bar e esbofetear os propriet\u00e1rios com infra\u00e7\u00f5es suficientes para fech\u00e1-lo para sempre<strong>.<\/strong><\/p>\n\n\n\n<p>Em meio \u00e0 confus\u00e3o, quando j\u00e1 passava da meia-noite \u2013sendo, portanto, s\u00e1bado, 28 de junho\u2013 os manifestantes come\u00e7aram a jogar objetos contra agentes de seguran\u00e7a que tentavam prender uma mulher homossexual.<br>Na noite de s\u00e1bado, cerca de 2.000 pessoas se reuniram em frente ao bar, dando as m\u00e3os e gritando frases como \u201cpoder gay\u201d, \u201cqueremos liberdade agora\u201d e \u201cChristopher Street pertence \u00e0s rainhas\u201d. A Rua Christopher foi bloqueada por manifestantes.<\/p>\n\n\n\n<p>Mais uma vez, na quarta-feira, os manifestantes se dirigiram ao local para continuar a passeata, mantendo o clima de revolta por algumas semanas.<\/p>\n\n\n\n<p>Ao todo, 21 pessoas foram presas durante os eventos e uma morreu \u2013um motorista de taxi que sofreu um infarto ap\u00f3s ter seu ve\u00edculo invadido.<\/p>\n\n\n\n<p>No ano seguinte, na mesma data, milhares de pessoas voltaram \u00e0 Greenwich Village para a primeira&nbsp;marcha do Dia da Liberta\u00e7\u00e3o da Rua Christopher. Era o in\u00edcio do evento anual que evoluiu para o que conhecemos como \u201cParada Gay\u201d.<\/p>\n\n\n\n<h2 class=\"wp-block-heading\"><br>Agenda Brasil<\/h2>\n\n\n\n<p>No Brasil, em 2023, h\u00e1 uma extensa agenda legislativa para a comunidade LGBT, incluindo o casamento entre pessoas do mesmo sexo. Mais de oito projetos de lei relacionados e v\u00e1rias outras propostas, que pretendem, prover uma educa\u00e7\u00e3o melhor, melhorias no sistema de sa\u00fade, seguran\u00e7a p\u00fablica e cultura.<\/p>\n\n\n\n<p>Acima de tudo, a comunidade est\u00e1 empenhada em garantir que os direitos protegidos pelo STF sejam transformados em lei.&nbsp;<\/p>\n\n\n\n<p>O Supremo permitiu o casamento entre pessoas do mesmo sexo h\u00e1 mais de 10 anos, mas isso ainda precisa ser confirmado pelo Congresso. Os defensores tamb\u00e9m esperam aprovar projetos de lei que permitam que pessoas trans mudem sua identidade oficial para corresponder ao seu g\u00eanero sem mostrar prova de uma cirurgia de mudan\u00e7a de sexo.<br><br>N\u00fameros<br>-Cerca de 20 milh\u00f5es de brasileiras e brasileiros (10% da&nbsp;popula\u00e7\u00e3o)&nbsp;se identificam como&nbsp;<strong>pessoas LGBTQIA+&nbsp;<\/strong><sup>1<\/sup><br><br>-51% das pessoas LGBTQIA+ relataram ter&nbsp;<strong>sofrido algum tipo de viol\u00eancia<\/strong>&nbsp;motivada pela sua orienta\u00e7\u00e3o sexual ou identidade de g\u00eanero&nbsp;<sup>2<\/sup><br><br>-1 pessoa LGBTQIA+&nbsp;\u00e9&nbsp;<strong>assassinada<\/strong>&nbsp;a cada 29 horas no Brasil&nbsp;<sup>3<\/sup><br><br>-68% dos jovens LGBTQIA+ j\u00e1 foram&nbsp;<strong>agredidos<\/strong>&nbsp;ou sofreram algum tipo de amea\u00e7a.<\/p>\n\n\n\n<p><em><strong>Participe da comunidade do Canal Roni Paparazzi no Whatsapp e receba as principais not\u00edcias do dia direto no seu celular<\/strong>.\u00a0<a rel=\"noreferrer noopener\" href=\"https:\/\/chat.whatsapp.com\/GsG1XKo0jPOEfjzudWQcml\" target=\"_blank\">\u00a0Clique aqui e se inscreva.<\/a><\/em><\/p>\n","protected":false},"excerpt":{"rendered":"<p>Em 2023, completam-se 46 anos do come\u00e7o da organiza\u00e7\u00e3o do movimento LGBT no Brasil. Em 1978, as lutas come\u00e7aram sob o t\u00edtulo \u201dMovimento Homossexual Brasileiro\u201d, que sofreu transforma\u00e7\u00f5es at\u00e9 se transformar no Movimento LGBTQIAPN+ que conhecemos hoje. Para celebrar o fortalecimento da \u201cluta\u201d, a Secretaria de Esportes, Cultura, Lazer e Juventude, realizou no \u00faltimo dia &hellip;<\/p>\n","protected":false},"author":1,"featured_media":3971,"comment_status":"open","ping_status":"open","sticky":false,"template":"","format":"standard","meta":{"_jetpack_memberships_contains_paid_content":false,"footnotes":"","jetpack_publicize_message":"","jetpack_publicize_feature_enabled":true,"jetpack_social_post_already_shared":false,"jetpack_social_options":{"image_generator_settings":{"template":"highway","default_image_id":0,"enabled":false},"version":2}},"categories":[6],"tags":[],"class_list":["post-3970","post","type-post","status-publish","format-standard","has-post-thumbnail","hentry","category-entretenimento"],"jetpack_publicize_connections":[],"jetpack_featured_media_url":"https:\/\/i0.wp.com\/www.paparazzinews.com.br\/wp-content\/uploads\/2023\/07\/f3ce564d6f69f921ea6525706f036cf1.jpg?fit=800%2C533&ssl=1","views":"3518","jetpack_likes_enabled":true,"jetpack_sharing_enabled":true,"_links":{"self":[{"href":"https:\/\/www.paparazzinews.com.br\/index.php?rest_route=\/wp\/v2\/posts\/3970","targetHints":{"allow":["GET"]}}],"collection":[{"href":"https:\/\/www.paparazzinews.com.br\/index.php?rest_route=\/wp\/v2\/posts"}],"about":[{"href":"https:\/\/www.paparazzinews.com.br\/index.php?rest_route=\/wp\/v2\/types\/post"}],"author":[{"embeddable":true,"href":"https:\/\/www.paparazzinews.com.br\/index.php?rest_route=\/wp\/v2\/users\/1"}],"replies":[{"embeddable":true,"href":"https:\/\/www.paparazzinews.com.br\/index.php?rest_route=%2Fwp%2Fv2%2Fcomments&post=3970"}],"version-history":[{"count":1,"href":"https:\/\/www.paparazzinews.com.br\/index.php?rest_route=\/wp\/v2\/posts\/3970\/revisions"}],"predecessor-version":[{"id":3972,"href":"https:\/\/www.paparazzinews.com.br\/index.php?rest_route=\/wp\/v2\/posts\/3970\/revisions\/3972"}],"wp:featuredmedia":[{"embeddable":true,"href":"https:\/\/www.paparazzinews.com.br\/index.php?rest_route=\/wp\/v2\/media\/3971"}],"wp:attachment":[{"href":"https:\/\/www.paparazzinews.com.br\/index.php?rest_route=%2Fwp%2Fv2%2Fmedia&parent=3970"}],"wp:term":[{"taxonomy":"category","embeddable":true,"href":"https:\/\/www.paparazzinews.com.br\/index.php?rest_route=%2Fwp%2Fv2%2Fcategories&post=3970"},{"taxonomy":"post_tag","embeddable":true,"href":"https:\/\/www.paparazzinews.com.br\/index.php?rest_route=%2Fwp%2Fv2%2Ftags&post=3970"}],"curies":[{"name":"wp","href":"https:\/\/api.w.org\/{rel}","templated":true}]}}