{"id":3964,"date":"2023-07-04T11:26:37","date_gmt":"2023-07-04T14:26:37","guid":{"rendered":"https:\/\/www.paparazzinews.com.br\/?p=3964"},"modified":"2023-07-04T11:26:38","modified_gmt":"2023-07-04T14:26:38","slug":"mais-de-2-mil-cavaleiros-foram-na-cavalgada-de-andradina","status":"publish","type":"post","link":"https:\/\/www.paparazzinews.com.br\/?p=3964","title":{"rendered":"Mais de 2 mil cavaleiros foram na Cavalgada de Andradina"},"content":{"rendered":"\n<p>Com 2,3 mil cavaleiros a \u201cCavalgada da Tradi\u00e7\u00e3o\u201d foi a maior da hist\u00f3ria de Andradina. Segundo o organizador, Carlos Bento Bisneto, p\u00fablico recorde tamb\u00e9m no recinto de Exposi\u00e7\u00f5es Miguel Rodrigues da Silva (Expoan), com mais de 5 mil pessoas participando do encerramento da cavalgada. <a href=\"https:\/\/www.andradina.sp.gov.br\/portal\/0\/galeria-de-fotos\/671\/11-cavalgada-rei-do-gado\" data-type=\"URL\" data-id=\"https:\/\/www.andradina.sp.gov.br\/portal\/0\/galeria-de-fotos\/671\/11-cavalgada-rei-do-gado\">VEJA GALERIA DE FOTOS CLIQUE AQUI.<\/a><\/p>\n\n\n\n<p>O evento que tem a parceria da Prefeitura de Andradina, abriu oficialmente o m\u00eas de festejos do anivers\u00e1rio da cidade no \u00faltimo s\u00e1bado (1). O presidente da Associa\u00e7\u00e3o Tradi\u00e7\u00e3o da Terra do Rei do Gado, Carlos Bento Bisneto disse que a cavalgada est\u00e1 se formando como uma das maiores e melhores do interior paulista.<br><br>\u201cTrabalhamos para manter viva a tradi\u00e7\u00e3o tropeira com orgulho de ser \u201ccaipira\u201d e morar numa cidade com essa tradi\u00e7\u00e3o. Parab\u00e9ns Andradina!\u201d, disse.<br><br>A cavalgada percorreu um percurso pelas principais ruas da cidade para memorar o tempo das comitivas de gado, que est\u00e3o intimamente ligadas as origens da cidade.<br><br>O evento celebrou, sobretudo, a import\u00e2ncia da figura do sertanejo que transportava uma das maiores riquezas que fizeram desenvolver o interior do pa\u00eds, o gado. Nesta tradi\u00e7\u00e3o, Andradina \u00e9 lembrada, em proza e verso, como a Terra do Rei do Gado.<br><br>Na bagagem, no lombo dos cavalos, a mem\u00f3ria viva das tradi\u00e7\u00f5es do campo, numa verdadeira prociss\u00e3o da cultura.<\/p>\n\n\n\n<p><strong>Desfile e Show<\/strong><br>A&nbsp;programa\u00e7\u00e3o de anivers\u00e1rio de Andradina, que completa 86 anos no dia 11 de julho, tem como ponto alto o desfile c\u00edvico que ser\u00e1 realizado no prolongamento da Avenida Guanabara e que tem a presen\u00e7a confirmada de aproximadamente 2 mil participantes, entre escolas, entidades, institui\u00e7\u00f5es militares e esportistas.<br><br>Ap\u00f3s o desfile haver\u00e1 queima de fogos sem estampido e tamb\u00e9m a apresenta\u00e7\u00e3o da banda Biquini Cavad\u00e3o.<\/p>\n\n\n\n<p><strong>Programa\u00e7\u00e3o dos Festejos 86 anos<\/strong><\/p>\n\n\n\n<p>10 DE JULHO<br>Coquetel e Noite de Aut\u00f3grafos comemora\u00e7\u00e3o<br><strong>ADELIO SARRO 50 ANOS &#8211;&nbsp;<\/strong>20:00 LOCAL CENTRO CULTURAL<br><br>11 DE JULHO&nbsp;&nbsp;&nbsp;&nbsp;&nbsp;&nbsp;&nbsp;&nbsp;&nbsp;&nbsp;&nbsp;&nbsp;&nbsp;&nbsp;&nbsp;&nbsp;&nbsp;&nbsp;&nbsp;<br><strong>ALVORADA FESTIVA&nbsp;&nbsp;&nbsp;&nbsp;&nbsp;&nbsp;&nbsp;&nbsp;&nbsp;&nbsp;&nbsp;&nbsp;&nbsp;&nbsp;&nbsp;&nbsp;&nbsp;&nbsp;&nbsp;&nbsp;&nbsp;&nbsp;&nbsp;&nbsp;&nbsp;&nbsp;&nbsp;&nbsp;&nbsp;&nbsp;&nbsp;&nbsp;&nbsp;&nbsp;&nbsp;&nbsp;&nbsp;&nbsp;&nbsp;&nbsp;&nbsp;&nbsp;&nbsp;&nbsp;&nbsp;&nbsp;&nbsp;&nbsp;&nbsp;&nbsp;&nbsp;&nbsp;&nbsp;&nbsp;&nbsp;&nbsp;&nbsp;&nbsp;&nbsp;&nbsp;&nbsp;&nbsp;&nbsp;&nbsp;&nbsp;&nbsp;&nbsp;&nbsp;&nbsp;&nbsp;&nbsp;&nbsp;&nbsp;&nbsp;&nbsp;&nbsp;&nbsp;<\/strong><br><br><strong>DESFILE CIVICO E SHOW COM BIKINI CAVAD\u00c3O<\/strong><br><br>15 DE JULHO<br><strong>TORNEIO DE VOLEI DE PRAIA<\/strong>&nbsp;(Gime)<br><br>18 de julho<br><strong>ENCONTRO DE ARTISTAS ANDRADINENSES<\/strong><br>ANDRADINA MPB \/ BLUES 19:30<br>CENTRO CULTURAL<br><br>22 DE JULHO<br>Espet\u00e1culo de dan\u00e7a&nbsp;<strong>LEGIONARIOS<\/strong><br><br>DIA 28 JULHO&nbsp;<br><strong>FESTA DO PRODUTOR<\/strong><br><br>22 DE JULHO &nbsp;<br><strong>TORNEIO DE FUTVOLEI MISTO<\/strong><br>Arena Beach do Castanheira<br><br>DIA 30 DE JULHO<br><strong>2\u00b0 ENCONTRO DE CARROS ANTIGOS<\/strong><br>Centro Cultural<\/p>\n\n\n\n<p><em><strong>Participe da comunidade do Canal Roni Paparazzi no Whatsapp e receba as principais not\u00edcias do dia direto no seu celular<\/strong>.\u00a0<a rel=\"noreferrer noopener\" href=\"https:\/\/chat.whatsapp.com\/GsG1XKo0jPOEfjzudWQcml\" target=\"_blank\">\u00a0Clique aqui e se inscreva.<\/a><\/em><a href=\"https:\/\/www.paparazzinews.com.br\/wp-admin\/post.php?post=3954&amp;action=edit\"><\/a><\/p>\n","protected":false},"excerpt":{"rendered":"<p>Com 2,3 mil cavaleiros a \u201cCavalgada da Tradi\u00e7\u00e3o\u201d foi a maior da hist\u00f3ria de Andradina. Segundo o organizador, Carlos Bento Bisneto, p\u00fablico recorde tamb\u00e9m no recinto de Exposi\u00e7\u00f5es Miguel Rodrigues da Silva (Expoan), com mais de 5 mil pessoas participando do encerramento da cavalgada. VEJA GALERIA DE FOTOS CLIQUE AQUI. O evento que tem a &hellip;<\/p>\n","protected":false},"author":1,"featured_media":3965,"comment_status":"open","ping_status":"open","sticky":false,"template":"","format":"standard","meta":{"_jetpack_memberships_contains_paid_content":false,"footnotes":"","jetpack_publicize_message":"","jetpack_publicize_feature_enabled":true,"jetpack_social_post_already_shared":false,"jetpack_social_options":{"image_generator_settings":{"template":"highway","default_image_id":0,"enabled":false},"version":2}},"categories":[6],"tags":[],"class_list":["post-3964","post","type-post","status-publish","format-standard","has-post-thumbnail","hentry","category-entretenimento"],"jetpack_publicize_connections":[],"jetpack_featured_media_url":"https:\/\/i0.wp.com\/www.paparazzinews.com.br\/wp-content\/uploads\/2023\/07\/67fe3e926f599c76e78e1b19d9ac3489-e1688480736449.jpg?fit=1000%2C667&ssl=1","views":"1642","jetpack_likes_enabled":true,"jetpack_sharing_enabled":true,"_links":{"self":[{"href":"https:\/\/www.paparazzinews.com.br\/index.php?rest_route=\/wp\/v2\/posts\/3964","targetHints":{"allow":["GET"]}}],"collection":[{"href":"https:\/\/www.paparazzinews.com.br\/index.php?rest_route=\/wp\/v2\/posts"}],"about":[{"href":"https:\/\/www.paparazzinews.com.br\/index.php?rest_route=\/wp\/v2\/types\/post"}],"author":[{"embeddable":true,"href":"https:\/\/www.paparazzinews.com.br\/index.php?rest_route=\/wp\/v2\/users\/1"}],"replies":[{"embeddable":true,"href":"https:\/\/www.paparazzinews.com.br\/index.php?rest_route=%2Fwp%2Fv2%2Fcomments&post=3964"}],"version-history":[{"count":1,"href":"https:\/\/www.paparazzinews.com.br\/index.php?rest_route=\/wp\/v2\/posts\/3964\/revisions"}],"predecessor-version":[{"id":3966,"href":"https:\/\/www.paparazzinews.com.br\/index.php?rest_route=\/wp\/v2\/posts\/3964\/revisions\/3966"}],"wp:featuredmedia":[{"embeddable":true,"href":"https:\/\/www.paparazzinews.com.br\/index.php?rest_route=\/wp\/v2\/media\/3965"}],"wp:attachment":[{"href":"https:\/\/www.paparazzinews.com.br\/index.php?rest_route=%2Fwp%2Fv2%2Fmedia&parent=3964"}],"wp:term":[{"taxonomy":"category","embeddable":true,"href":"https:\/\/www.paparazzinews.com.br\/index.php?rest_route=%2Fwp%2Fv2%2Fcategories&post=3964"},{"taxonomy":"post_tag","embeddable":true,"href":"https:\/\/www.paparazzinews.com.br\/index.php?rest_route=%2Fwp%2Fv2%2Ftags&post=3964"}],"curies":[{"name":"wp","href":"https:\/\/api.w.org\/{rel}","templated":true}]}}