{"id":394,"date":"2022-07-30T15:58:05","date_gmt":"2022-07-30T18:58:05","guid":{"rendered":"https:\/\/www.paparazzinews.com.br\/?p=394"},"modified":"2022-07-30T15:58:06","modified_gmt":"2022-07-30T18:58:06","slug":"projeto-musicou-abre-novas-matriculas-em-parceria-com-a-ctg","status":"publish","type":"post","link":"https:\/\/www.paparazzinews.com.br\/?p=394","title":{"rendered":"Projeto Musicou abre novas matr\u00edculas em parceria com a CTG"},"content":{"rendered":"\n<p><strong>Tr\u00eas Lagoas (MS), 29 de julho &#8211;<\/strong>&nbsp;Est\u00e3o abertas as matr\u00edculas e rematr\u00edculas de alunos interessados no projeto Musicou, programa de educa\u00e7\u00e3o musical que oferece aulas gratuitas para crian\u00e7as e adolescentes com idades entre 6 e 18 anos. As inscri\u00e7\u00f5es poder\u00e3o ser feitas presencialmente ou pela&nbsp;<a>internet<\/a>. Em Tr\u00eas Lagoas, o n\u00facleo funciona na antiga Esta\u00e7\u00e3o Ferrovi\u00e1ria, localizada na Av. Ros\u00e1rio Congro, 560.<\/p>\n\n\n\n<p>N\u00e3o \u00e9 necess\u00e1rio ter conhecimento pr\u00e9vio de m\u00fasica ou possuir algum instrumento musical para participar das atividades. As aulas ser\u00e3o realizadas \u00e0s segundas e quartas-feiras, no contraturno escolar, das 13h30 \u00e0s 16h30, a partir de segunda-feira, primeiro de agosto.<\/p>\n\n\n\n<p>O Projeto Musicou \u00e9 um programa da&nbsp;<strong>Sustenidos Organiza\u00e7\u00e3o Social de Cultura<\/strong>, institui\u00e7\u00e3o sem fins lucrativos, que conta, em Tr\u00eas Lagoas, com o patroc\u00ednio incentivado da CTG Brasil, uma das l\u00edderes em energia limpa do Pa\u00eds e concession\u00e1ria da Usina Jupi\u00e1.<\/p>\n\n\n\n<p>Neste primeiro ano de implanta\u00e7\u00e3o do projeto, todas as turmas s\u00e3o de n\u00edvel inicial. Por isso, a entrada de novos alunos ao longo do semestre n\u00e3o prejudica o andamento do grupo. Al\u00e9m disso, existe um acompanhamento educacional para que o desenvolvimento da turma corra conforme planejado. \u201cS\u00f3 a partir do segundo ano \u00e9 que as turmas s\u00e3o niveladas entre inicial, intermedi\u00e1ria e avan\u00e7ado, e os alunos que se inscreverem no meio do semestre integrar\u00e3o automaticamente a turma de n\u00edvel inicial\u201d, explica Alessandra Costa, diretora executiva da Sustenidos.<\/p>\n\n\n\n<p>A CTG Brasil foi a primeira empresa a apoiar o programa, que tem como miss\u00e3o promover com excel\u00eancia a educa\u00e7\u00e3o musical e a pr\u00e1tica coletiva da m\u00fasica tendo em vista o desenvolvimento humano de gera\u00e7\u00f5es em forma\u00e7\u00e3o.<\/p>\n\n\n\n<p>\u201cA m\u00fasica \u00e9 um poderoso instrumento de identidade, inclus\u00e3o e transforma\u00e7\u00e3o. Projetos como o Musicou t\u00eam, de fato, potencial para contribuir com a vida de muitos desses jovens, por isso apoiar essas iniciativas \u00e9 muito relevante para n\u00f3s\u201d, diz Salete da Hora, diretora de Marca, Comunica\u00e7\u00e3o e Sustentabilidade da CTG Brasil.<\/p>\n\n\n\n<p><strong>N\u00facleo Musicou Tr\u00eas Lagoas<\/strong>&nbsp;<\/p>\n\n\n\n<p><strong>Local:<\/strong>&nbsp;Antiga Esta\u00e7\u00e3o Ferrovi\u00e1ria<\/p>\n\n\n\n<p><strong>Endere\u00e7o:&nbsp;<\/strong>Av. Ros\u00e1rio Congro, 560, Centro<\/p>\n\n\n\n<p><strong>Dias e hor\u00e1rios das aulas:<\/strong>&nbsp;2\u00aa e 4\u00aa, 13h30 \u00e0s 16h30<br><strong>Cursos:<\/strong>&nbsp;inicia\u00e7\u00e3o musical, canto coral, viola caipira e percuss\u00e3o<\/p>\n\n\n\n<p><strong>In\u00edcio das aulas:<\/strong>&nbsp;dia 01\/08<\/p>\n\n\n\n<p><strong>Sobre a CTG Brasil<\/strong><\/p>\n\n\n\n<p>A CTG Brasil trabalha para desenvolver o mundo com energia limpa em larga escala. Segunda maior geradora privada de energia do Pa\u00eds, conta com a dedica\u00e7\u00e3o de seus talentos locais e est\u00e1 comprometida em contribuir com a matriz energ\u00e9tica brasileira, pautada pela responsabilidade social e respeito ao meio ambiente. A empresa tem investimentos em 17 usinas hidrel\u00e9tricas e 11 parques e\u00f3licos, com capacidade instalada total de 8,3 GW. Criada em 2013, \u00e9 parte da China Three Gorges Corporation, uma das l\u00edderes globais em gera\u00e7\u00e3o de energia limpa.<\/p>\n\n\n\n<p><strong>Sobre a Sustenidos<\/strong><\/p>\n\n\n\n<p>A Sustenidos \u00e9 uma organiza\u00e7\u00e3o refer\u00eancia na concep\u00e7\u00e3o, implanta\u00e7\u00e3o e gest\u00e3o de pol\u00edticas p\u00fablicas na \u00e1rea de educa\u00e7\u00e3o musical. Atualmente, \u00e9 gestora do Complexo Theatro Municipal e do Conservat\u00f3rio de Tatu\u00ed, al\u00e9m dos projetos especiais: Musicou, MOVE, Ethno Brazil e Imagine Brazil. De 2004 a 2021, tamb\u00e9m foi gestora do Projeto Guri, maior programa sociocultural brasileiro. Eleita a Melhor ONG de Cultura em 2018, a Sustenidos conta com o apoio do Governo do Estado de S\u00e3o Paulo, de prefeituras, empresas e pessoas f\u00edsicas. As institui\u00e7\u00f5es interessadas em investir na Sustenidos podem contribuir por verba livre ou atrav\u00e9s das Leis de Incentivo \u00e0 Cultura (Federal e Estadual). Pessoas f\u00edsicas tamb\u00e9m podem ajudar de diferentes maneiras. Saiba como contribuir no site da&nbsp;<a>Sustenidos<\/a>.<\/p>\n","protected":false},"excerpt":{"rendered":"<p>Tr\u00eas Lagoas (MS), 29 de julho &#8211;&nbsp;Est\u00e3o abertas as matr\u00edculas e rematr\u00edculas de alunos interessados no projeto Musicou, programa de educa\u00e7\u00e3o musical que oferece aulas gratuitas para crian\u00e7as e adolescentes com idades entre 6 e 18 anos. As inscri\u00e7\u00f5es poder\u00e3o ser feitas presencialmente ou pela&nbsp;internet. Em Tr\u00eas Lagoas, o n\u00facleo funciona na antiga Esta\u00e7\u00e3o Ferrovi\u00e1ria, &hellip;<\/p>\n","protected":false},"author":1,"featured_media":397,"comment_status":"open","ping_status":"open","sticky":false,"template":"","format":"standard","meta":{"_jetpack_memberships_contains_paid_content":false,"footnotes":"","jetpack_publicize_message":"","jetpack_publicize_feature_enabled":true,"jetpack_social_post_already_shared":false,"jetpack_social_options":{"image_generator_settings":{"template":"highway","default_image_id":0,"enabled":false},"version":2}},"categories":[6],"tags":[],"class_list":["post-394","post","type-post","status-publish","format-standard","has-post-thumbnail","hentry","category-entretenimento"],"jetpack_publicize_connections":[],"jetpack_featured_media_url":"https:\/\/i0.wp.com\/www.paparazzinews.com.br\/wp-content\/uploads\/2022\/07\/poop.png?fit=768%2C1024&ssl=1","views":"3325","jetpack_likes_enabled":true,"jetpack_sharing_enabled":true,"_links":{"self":[{"href":"https:\/\/www.paparazzinews.com.br\/index.php?rest_route=\/wp\/v2\/posts\/394","targetHints":{"allow":["GET"]}}],"collection":[{"href":"https:\/\/www.paparazzinews.com.br\/index.php?rest_route=\/wp\/v2\/posts"}],"about":[{"href":"https:\/\/www.paparazzinews.com.br\/index.php?rest_route=\/wp\/v2\/types\/post"}],"author":[{"embeddable":true,"href":"https:\/\/www.paparazzinews.com.br\/index.php?rest_route=\/wp\/v2\/users\/1"}],"replies":[{"embeddable":true,"href":"https:\/\/www.paparazzinews.com.br\/index.php?rest_route=%2Fwp%2Fv2%2Fcomments&post=394"}],"version-history":[{"count":1,"href":"https:\/\/www.paparazzinews.com.br\/index.php?rest_route=\/wp\/v2\/posts\/394\/revisions"}],"predecessor-version":[{"id":395,"href":"https:\/\/www.paparazzinews.com.br\/index.php?rest_route=\/wp\/v2\/posts\/394\/revisions\/395"}],"wp:featuredmedia":[{"embeddable":true,"href":"https:\/\/www.paparazzinews.com.br\/index.php?rest_route=\/wp\/v2\/media\/397"}],"wp:attachment":[{"href":"https:\/\/www.paparazzinews.com.br\/index.php?rest_route=%2Fwp%2Fv2%2Fmedia&parent=394"}],"wp:term":[{"taxonomy":"category","embeddable":true,"href":"https:\/\/www.paparazzinews.com.br\/index.php?rest_route=%2Fwp%2Fv2%2Fcategories&post=394"},{"taxonomy":"post_tag","embeddable":true,"href":"https:\/\/www.paparazzinews.com.br\/index.php?rest_route=%2Fwp%2Fv2%2Ftags&post=394"}],"curies":[{"name":"wp","href":"https:\/\/api.w.org\/{rel}","templated":true}]}}