{"id":390,"date":"2022-07-29T14:43:53","date_gmt":"2022-07-29T17:43:53","guid":{"rendered":"https:\/\/www.paparazzinews.com.br\/?p=390"},"modified":"2022-07-29T14:53:21","modified_gmt":"2022-07-29T17:53:21","slug":"programa-novotec-abre-mais-de-30-mil-vagas-em-sp-com-bolsa-auxilio%ef%bf%bc","status":"publish","type":"post","link":"https:\/\/www.paparazzinews.com.br\/?p=390","title":{"rendered":"Programa Novotec abre\u00a0mais de 30\u00a0mil vagas em SP com bolsa-aux\u00edlio"},"content":{"rendered":"\n<p>O Governo do Estado de S\u00e3o Paulo, por meio da Secretaria de Desenvolvimento Econ\u00f4mico, abre nesta ter\u00e7a-feira (19) inscri\u00e7\u00f5es para mais de&nbsp;30&nbsp;mil vagas em cursos de qualifica\u00e7\u00e3o profissional do programa Novotec Expresso em todas as regi\u00f5es do estado. Os estudantes matriculados no ensino m\u00e9dio da rede estadual ter\u00e3o direito a um aux\u00edlio de at\u00e9 R$ 600, divididos em quatro parcelas mensais, ao longo do curso.<\/p>\n\n\n\n<p>As 37 op\u00e7\u00f5es de cursos t\u00eam dura\u00e7\u00e3o de 120 horas e poder\u00e3o ser realizadas ao longo de quatro meses nos formatos presencial e online. As aulas online s\u00e3o feitas ao vivo, por meio de plataformas digitais, e os encontros presenciais, na unidade de ensino escolhida durante a inscri\u00e7\u00e3o.<\/p>\n\n\n\n<p>Os cursos foram desenvolvidos para atender \u00e0s demandas atuais do mundo do trabalho e aos interesses dos jovens que querem se destacar na hora de buscar seu primeiro emprego.<\/p>\n\n\n\n<p>\u201cOfertar cursos gratuitos que contribuam na qualifica\u00e7\u00e3o dos jovens de S\u00e3o Paulo \u00e9 um dever que o estado tem cumprido, ampliando as compet\u00eancias dos estudantes e atendendo \u00e0s necessidades do mercado de trabalho\u201d, comentou Zeina Latif, secret\u00e1ria de Desenvolvimento Econ\u00f4mico.<\/p>\n\n\n\n<p>Para se inscrever, os interessados devem acessar o site&nbsp;<a href=\"http:\/\/www.novotec.sp.gov.br\/\" target=\"_blank\" rel=\"noreferrer noopener\">www.novotec.sp.gov.br<\/a>, fazer um cadastro e selecionar o munic\u00edpio para verificar quais cursos est\u00e3o dispon\u00edveis. As inscri\u00e7\u00f5es come\u00e7am no dia 19 de julho e v\u00e3o at\u00e9 o dia 15 de agosto.<\/p>\n\n\n\n<p>A comunica\u00e7\u00e3o com os inscritos \u00e9 feita unicamente por e-mail, utilizando-se os dados pessoais de cada candidato informados no ato do cadastro no site do Novotec. As aulas t\u00eam previs\u00e3o de in\u00edcio entre os dias 1\u00ba e 17 de setembro.<\/p>\n\n\n\n<p>O Novotec Expresso n\u00e3o possui processo seletivo. Jovens entre 14 e 24 anos com ensino fundamental completo est\u00e3o aptos a participar. O programa prioriza estudantes matriculados no ensino m\u00e9dio e em Etecs da rede estadual.<\/p>\n\n\n\n<p>Para receber a bolsa, os jovens eleg\u00edveis dever\u00e3o ter 75% de frequ\u00eancia no curso e n\u00e3o podem ser benefici\u00e1rios de seguro-desemprego. No caso dos estudantes de 14 e 15 anos, a renda familiar dever\u00e1 ser de at\u00e9 tr\u00eas sal\u00e1rios m\u00ednimos, e o pagamento da bolsa ser\u00e1 feito para o respons\u00e1vel legal indicado nos dados escolares.<\/p>\n\n\n\n<p>O pagamento de at\u00e9 quatro parcelas de R$ 150 ser\u00e1 iniciado no m\u00eas subsequente do in\u00edcio das aulas, por meio do programa Bolsa do Povo, com cart\u00e3o magn\u00e9tico do Bolsa do Povo.<\/p>\n\n\n\n<p><strong>Cursos nas \u00e1reas Gest\u00e3o e Neg\u00f3cios, Produ\u00e7\u00e3o Cultural e Design, Tecnologia da Informa\u00e7\u00e3o e Comunica\u00e7\u00e3o, e Meio Ambiente:<\/strong><\/p>\n\n\n\n<p>Tecnologia e Eletricidade Automotiva<\/p>\n\n\n\n<p>Agente Cultural<\/p>\n\n\n\n<p>Ajudante de Log\u00edstica<\/p>\n\n\n\n<p>Assistente Financeiro<\/p>\n\n\n\n<p>Auxiliar de Vendas<\/p>\n\n\n\n<p>Comunica\u00e7\u00e3o e Projeto de Vida para o Mercado de Trabalho<\/p>\n\n\n\n<p>Excel Aplicado \u00e0 \u00c1rea Administrativa<\/p>\n\n\n\n<p>Gest\u00e3o de Pequenos Neg\u00f3cios<\/p>\n\n\n\n<p>Gest\u00e3o de Projetos Sociais<\/p>\n\n\n\n<p>Marketing Digital e Vendas em Redes Sociais<\/p>\n\n\n\n<p>Office 2019<\/p>\n\n\n\n<p>Rotinas de Recursos Humanos<\/p>\n\n\n\n<p>T\u00e9cnicas de Atendimento<\/p>\n\n\n\n<p>Edi\u00e7\u00e3o de V\u00eddeo para Youtube<\/p>\n\n\n\n<p>Introdu\u00e7\u00e3o \u00e0 Anima\u00e7\u00e3o Digital<\/p>\n\n\n\n<p>Photoshop e CorelDRAW \u2013 Tratamento de Imagem e Ilustra\u00e7\u00e3o Digital<\/p>\n\n\n\n<p>Introdu\u00e7\u00e3o \u00e0 Jardinagem<\/p>\n\n\n\n<p>Paisagismo \u2013 T\u00e9cnica e Projeto<\/p>\n\n\n\n<p>Atendente de Farm\u00e1cia<\/p>\n\n\n\n<p>Administra\u00e7\u00e3o de Redes Linux<\/p>\n\n\n\n<p>Administra\u00e7\u00e3o de Redes Windows<\/p>\n\n\n\n<p>Aprenda a Programar em C#<\/p>\n\n\n\n<p>Auxiliar de Projetos Gr\u00e1ficos<\/p>\n\n\n\n<p>Computa\u00e7\u00e3o em Nuvem<\/p>\n\n\n\n<p>Cria\u00e7\u00e3o de Aplicativos<\/p>\n\n\n\n<p>Cria\u00e7\u00e3o de Sites com Marketing Digital<\/p>\n\n\n\n<p>Cria\u00e7\u00e3o de Sites e Plataformas Digitais<\/p>\n\n\n\n<p>Desenho no AutoCAD<\/p>\n\n\n\n<p>Desenvolvimento de E-commerce<\/p>\n\n\n\n<p>Desenvolvimento de Software para web e celular<\/p>\n\n\n\n<p>Design de Plataforma Digitais e Experi\u00eancia do Usu\u00e1rio<\/p>\n\n\n\n<p>Introdu\u00e7\u00e3o a Banco de Dados<\/p>\n\n\n\n<p>Introdu\u00e7\u00e3o \u00e0 Rob\u00f3tica Utilizando Ardu\u00edno<\/p>\n\n\n\n<p>Introdu\u00e7\u00e3o ao Desenvolvimento em Java<\/p>\n\n\n\n<p>Jogos Digitais<\/p>\n\n\n\n<p>Programa\u00e7\u00e3o B\u00e1sica para Android<\/p>\n\n\n\n<p>Seguran\u00e7a Cibern\u00e9tica Fundamental<\/p>\n","protected":false},"excerpt":{"rendered":"<p>O Governo do Estado de S\u00e3o Paulo, por meio da Secretaria de Desenvolvimento Econ\u00f4mico, abre nesta ter\u00e7a-feira (19) inscri\u00e7\u00f5es para mais de&nbsp;30&nbsp;mil vagas em cursos de qualifica\u00e7\u00e3o profissional do programa Novotec Expresso em todas as regi\u00f5es do estado. Os estudantes matriculados no ensino m\u00e9dio da rede estadual ter\u00e3o direito a um aux\u00edlio de at\u00e9 R$ &hellip;<\/p>\n","protected":false},"author":1,"featured_media":391,"comment_status":"open","ping_status":"open","sticky":false,"template":"","format":"standard","meta":{"_jetpack_memberships_contains_paid_content":false,"footnotes":"","jetpack_publicize_message":"","jetpack_publicize_feature_enabled":true,"jetpack_social_post_already_shared":false,"jetpack_social_options":{"image_generator_settings":{"template":"highway","default_image_id":0,"enabled":false},"version":2}},"categories":[4],"tags":[],"class_list":["post-390","post","type-post","status-publish","format-standard","has-post-thumbnail","hentry","category-regiao"],"jetpack_publicize_connections":[],"jetpack_featured_media_url":"https:\/\/i0.wp.com\/www.paparazzinews.com.br\/wp-content\/uploads\/2022\/07\/Amanha-06-e-o-Dia-D-do-Novotec-Expresso-1024x704-1.jpg?fit=1024%2C704&ssl=1","views":"3487","jetpack_likes_enabled":true,"jetpack_sharing_enabled":true,"_links":{"self":[{"href":"https:\/\/www.paparazzinews.com.br\/index.php?rest_route=\/wp\/v2\/posts\/390","targetHints":{"allow":["GET"]}}],"collection":[{"href":"https:\/\/www.paparazzinews.com.br\/index.php?rest_route=\/wp\/v2\/posts"}],"about":[{"href":"https:\/\/www.paparazzinews.com.br\/index.php?rest_route=\/wp\/v2\/types\/post"}],"author":[{"embeddable":true,"href":"https:\/\/www.paparazzinews.com.br\/index.php?rest_route=\/wp\/v2\/users\/1"}],"replies":[{"embeddable":true,"href":"https:\/\/www.paparazzinews.com.br\/index.php?rest_route=%2Fwp%2Fv2%2Fcomments&post=390"}],"version-history":[{"count":2,"href":"https:\/\/www.paparazzinews.com.br\/index.php?rest_route=\/wp\/v2\/posts\/390\/revisions"}],"predecessor-version":[{"id":393,"href":"https:\/\/www.paparazzinews.com.br\/index.php?rest_route=\/wp\/v2\/posts\/390\/revisions\/393"}],"wp:featuredmedia":[{"embeddable":true,"href":"https:\/\/www.paparazzinews.com.br\/index.php?rest_route=\/wp\/v2\/media\/391"}],"wp:attachment":[{"href":"https:\/\/www.paparazzinews.com.br\/index.php?rest_route=%2Fwp%2Fv2%2Fmedia&parent=390"}],"wp:term":[{"taxonomy":"category","embeddable":true,"href":"https:\/\/www.paparazzinews.com.br\/index.php?rest_route=%2Fwp%2Fv2%2Fcategories&post=390"},{"taxonomy":"post_tag","embeddable":true,"href":"https:\/\/www.paparazzinews.com.br\/index.php?rest_route=%2Fwp%2Fv2%2Ftags&post=390"}],"curies":[{"name":"wp","href":"https:\/\/api.w.org\/{rel}","templated":true}]}}