{"id":3888,"date":"2023-07-03T09:20:04","date_gmt":"2023-07-03T12:20:04","guid":{"rendered":"https:\/\/www.paparazzinews.com.br\/?p=3888"},"modified":"2023-07-03T09:20:13","modified_gmt":"2023-07-03T12:20:13","slug":"vereadores-de-andradina-aprovam-compra-de-onibus-na-saude-e-no-esporte","status":"publish","type":"post","link":"https:\/\/www.paparazzinews.com.br\/?p=3888","title":{"rendered":"Vereadores de Andradina aprovam compra de \u00f4nibus na sa\u00fade e no esporte"},"content":{"rendered":"\n<p>Nesta quinta-feira (29), a C\u00e2mara de Andradina realizou a 5\u00aa Sess\u00e3o Extraordin\u00e1ria do ano, que teve a condu\u00e7\u00e3o do vice-presidente Fabr\u00edcio Henrique Mazotti. Durante a sess\u00e3o, foram votados e aprovados quatro projetos enviados pelo Executivo e recebidos pelo Legislativo em regime de urg\u00eancia especial.<\/p>\n\n\n\n<p>Um dos projetos aprovados prorroga o prazo do Programa de Desligamento Volunt\u00e1rio Incentivado (PDVI) do Poder Executivo. Esse programa valoriza os servidores que optam por sair, abrindo espa\u00e7o para novas contrata\u00e7\u00f5es. Outro projeto aprovado disp\u00f5e sobre a institui\u00e7\u00e3o do Fundo Municipal do Meio Ambiente, visando a prote\u00e7\u00e3o e preserva\u00e7\u00e3o do meio ambiente local. Al\u00e9m disso, foi aprovado o projeto que institui o Programa de Parcelamento Incentivado, estabelecendo a redu\u00e7\u00e3o de juros e multas morat\u00f3rios incidentes sobre d\u00e9bitos tribut\u00e1rios existentes com a Administra\u00e7\u00e3o P\u00fablica.<\/p>\n\n\n\n<p>Um quarto projeto em pauta autorizou a abertura de Cr\u00e9dito Adicional Suplementar por Super\u00e1vit Financeiro, no valor de R$ 735.000,00. Essa verba ser\u00e1 utilizada para a compra de \u00f4nibus, visando beneficiar a sa\u00fade e o esporte no munic\u00edpio.<\/p>\n\n\n\n<p><strong>DISCURSOS<br><\/strong>Durante os debates, diversos vereadores fizeram uso da tribuna para expressar suas opini\u00f5es sobre os projetos. O vereador Hugo Zamboni, do Patriota, defendeu o programa de desligamento incentivado para servidores, ressaltando que valoriza aqueles que saem e abre espa\u00e7o para novas contrata\u00e7\u00f5es.<\/p>\n\n\n\n<p>J\u00e1 o vereador Guilherme Marques Pugliese, do PSDB, elogiou o Programa de Parcelamento Incentivado, destacando que ser\u00e1 ben\u00e9fico tanto para os cofres p\u00fablicos quanto para as empresas. O vereador Rodarte dos Anjos, do PDT, tamb\u00e9m comentou o projeto, mencionando que haviam sido feitos muitos pedidos para sua apresenta\u00e7\u00e3o.<br><\/p>\n\n\n\n<p>Outro assunto discutido foi o projeto de cr\u00e9dito adicional suplementar para a compra de \u00f4nibus. O vereador Rodarte dos Anjos ressaltou que o Legislativo tem aprovado constantemente novos recursos para o munic\u00edpio, enquanto a vereadora Elaine Vogel Rodrigues, do PSD, enfatizou que a verba ser\u00e1 utilizada para a compra de \u00f4nibus, beneficiando a sa\u00fade e o esporte local.<br><\/p>\n\n\n\n<p>O vice-presidente Fabr\u00edcio Henrique Mazotti tamb\u00e9m defendeu o projeto, enfatizando que pessoas doentes ganhar\u00e3o mais qualidade de deslocamento para tratamento. A vereadora Elo\u00e1 Pessoa, do PSB, destacou que a aquisi\u00e7\u00e3o do ve\u00edculo, para uso de m\u00faltiplas secretarias, otimizar\u00e1 o uso dos recursos.<br><\/p>\n\n\n\n<p>O vereador Luzimar Rodrigues da Silva, tamb\u00e9m do PSB, mencionou a possibilidade de adquirir mais ve\u00edculos no futuro. O vereador S\u00e9rgio Faustino Teixeira, do PL, discursou sobre a import\u00e2ncia do transporte para o esporte, e o vereador S\u00e9rgio Dos Santos Santaela, da Uni\u00e3o Brasil, falou a favor da compra de mais ve\u00edculos como esse, que s\u00e3o necess\u00e1rios.<\/p>\n\n\n\n<p><strong><em><strong>Participe da comunidade do Canal Roni Paparazzi no Whatsapp\u00a0<\/strong>e receba as principais not\u00edcias do dia direto no\u00a0<strong>seu celular<\/strong>.\u00a0<a rel=\"noreferrer noopener\" href=\"https:\/\/chat.whatsapp.com\/GsG1XKo0jPOEfjzudWQcml\" target=\"_blank\">\u00a0Clique aqui e se inscreva.<\/a><\/em><\/strong><\/p>\n","protected":false},"excerpt":{"rendered":"<p>Nesta quinta-feira (29), a C\u00e2mara de Andradina realizou a 5\u00aa Sess\u00e3o Extraordin\u00e1ria do ano, que teve a condu\u00e7\u00e3o do vice-presidente Fabr\u00edcio Henrique Mazotti. Durante a sess\u00e3o, foram votados e aprovados quatro projetos enviados pelo Executivo e recebidos pelo Legislativo em regime de urg\u00eancia especial. Um dos projetos aprovados prorroga o prazo do Programa de Desligamento &hellip;<\/p>\n","protected":false},"author":1,"featured_media":3890,"comment_status":"open","ping_status":"open","sticky":false,"template":"","format":"standard","meta":{"_jetpack_memberships_contains_paid_content":false,"footnotes":"","jetpack_publicize_message":"","jetpack_publicize_feature_enabled":true,"jetpack_social_post_already_shared":false,"jetpack_social_options":{"image_generator_settings":{"template":"highway","default_image_id":0,"enabled":false},"version":2}},"categories":[7],"tags":[],"class_list":["post-3888","post","type-post","status-publish","format-standard","has-post-thumbnail","hentry","category-politica"],"jetpack_publicize_connections":[],"jetpack_featured_media_url":"https:\/\/i0.wp.com\/www.paparazzinews.com.br\/wp-content\/uploads\/2023\/07\/746fa31d-12ad-4f42-8efe-005bbb10a559-e1688386763150.jpg?fit=1000%2C681&ssl=1","views":"2388","jetpack_likes_enabled":true,"jetpack_sharing_enabled":true,"_links":{"self":[{"href":"https:\/\/www.paparazzinews.com.br\/index.php?rest_route=\/wp\/v2\/posts\/3888","targetHints":{"allow":["GET"]}}],"collection":[{"href":"https:\/\/www.paparazzinews.com.br\/index.php?rest_route=\/wp\/v2\/posts"}],"about":[{"href":"https:\/\/www.paparazzinews.com.br\/index.php?rest_route=\/wp\/v2\/types\/post"}],"author":[{"embeddable":true,"href":"https:\/\/www.paparazzinews.com.br\/index.php?rest_route=\/wp\/v2\/users\/1"}],"replies":[{"embeddable":true,"href":"https:\/\/www.paparazzinews.com.br\/index.php?rest_route=%2Fwp%2Fv2%2Fcomments&post=3888"}],"version-history":[{"count":1,"href":"https:\/\/www.paparazzinews.com.br\/index.php?rest_route=\/wp\/v2\/posts\/3888\/revisions"}],"predecessor-version":[{"id":3891,"href":"https:\/\/www.paparazzinews.com.br\/index.php?rest_route=\/wp\/v2\/posts\/3888\/revisions\/3891"}],"wp:featuredmedia":[{"embeddable":true,"href":"https:\/\/www.paparazzinews.com.br\/index.php?rest_route=\/wp\/v2\/media\/3890"}],"wp:attachment":[{"href":"https:\/\/www.paparazzinews.com.br\/index.php?rest_route=%2Fwp%2Fv2%2Fmedia&parent=3888"}],"wp:term":[{"taxonomy":"category","embeddable":true,"href":"https:\/\/www.paparazzinews.com.br\/index.php?rest_route=%2Fwp%2Fv2%2Fcategories&post=3888"},{"taxonomy":"post_tag","embeddable":true,"href":"https:\/\/www.paparazzinews.com.br\/index.php?rest_route=%2Fwp%2Fv2%2Ftags&post=3888"}],"curies":[{"name":"wp","href":"https:\/\/api.w.org\/{rel}","templated":true}]}}