{"id":3879,"date":"2023-07-01T12:35:52","date_gmt":"2023-07-01T15:35:52","guid":{"rendered":"https:\/\/www.paparazzinews.com.br\/?p=3879"},"modified":"2023-07-01T12:35:53","modified_gmt":"2023-07-01T15:35:53","slug":"congresso-quer-desconto-de-80-para-acompanhantes-de-deficientes-em-voos","status":"publish","type":"post","link":"https:\/\/www.paparazzinews.com.br\/?p=3879","title":{"rendered":"Congresso quer desconto de 80% para acompanhantes de deficientes em voos\u00a0"},"content":{"rendered":"\n<p><em><strong>Projeto de lei de autoria da parlamentar do PL-SP ratifica resolu\u00e7\u00e3o n\u00b0 280\/2013, da Ag\u00eancia Nacional de Avia\u00e7\u00e3o Civil (Anarc); uma vez aprovado pelos deputados federais, texto segue para a aprecia\u00e7\u00e3o do Senado\u00a0<\/strong><\/em><\/p>\n\n\n\n<p>A deputada federal Rosana Valle (PL-SP) protocolou nesta semana no Congresso Nacional um projeto de lei que prev\u00ea desconto de, no m\u00ednimo, 80% nas passagens a\u00e9reas para acompanhantes de deficientes que n\u00e3o podem viajar sozinhos. A medida torna permanente um direito que j\u00e1 existe no Brasil, por\u00e9m, de forma prec\u00e1ria, segundo a resolu\u00e7\u00e3o n\u00b0 280\/2013, da Ag\u00eancia Nacional de Avia\u00e7\u00e3o Civil (Anac). &nbsp;<\/p>\n\n\n\n<p>A ideia da parlamentar \u00e9 incluir a medida na Lei Brasileira de Inclus\u00e3o da Pessoa com Defici\u00eancia (n\u00ba 13.146), de 6 de julho de 2015. &nbsp;<\/p>\n\n\n\n<p>A proposta da congressista do PL est\u00e1 prestes a ser distribu\u00edda entre as Comiss\u00f5es Permanentes da C\u00e2mara dos Deputados. Caso aprovado, o texto seguir\u00e1 para a aprecia\u00e7\u00e3o do Senado Federal: &nbsp;<\/p>\n\n\n\n<p>\u201cApesar de a Lei Brasileira de Inclus\u00e3o da Pessoa com Defici\u00eancia ter sido um marco no que se refere \u00e0 garantia de direitos para este p\u00fablico, vemos que muito ainda precisa avan\u00e7ar. \u00c9 necess\u00e1rio o aprimoramento desta legisla\u00e7\u00e3o federal. \u00c9 por isso que estou propondo este projeto de lei, que garante, em sua totalidade, o desconto de 80% para acompanhantes de quem necessita de aux\u00edlio e que n\u00e3o pode, por for\u00e7a da defici\u00eancia, viajar sozinho\u201d, argumenta Rosana.&nbsp;&nbsp;&nbsp;<\/p>\n\n\n\n<p>De acordo com a proposta da deputada, ter\u00e1 direito ao desconto o acompanhante de livre escolha da pessoa com defici\u00eancia que tenha limita\u00e7\u00e3o em sua autonomia como passageiro:&nbsp;<\/p>\n\n\n\n<p>\u201cQuando ocorrem casos desta natureza, a empresa a\u00e9rea fornece um acompanhante da companhia, graciosamente. O ideal, por outro lado, \u00e9 que a pessoa com defici\u00eancia ou mobilidade reduzida esteja acompanhada de algu\u00e9m de sua confian\u00e7a, de seu conv\u00edvio. S\u00f3 que, sem conceder o desconto no valor da passagem, isso fica quase que invi\u00e1vel para muitas fam\u00edlias\u201d. &nbsp;<\/p>\n\n\n\n<p>Dados do Instituto Brasileiro de Geografia e Estat\u00edstica (IBGE) apontam que, em 2019, o Pa\u00eds tinha 17,2 milh\u00f5es de pessoas com algum tipo de defici\u00eancia &#8211; representando 8,4% da popula\u00e7\u00e3o. &nbsp;<\/p>\n\n\n\n<p>Um mapeamento do Minist\u00e9rio do Turismo, divulgado em mar\u00e7o deste ano, em parceria com a Organiza\u00e7\u00e3o das Na\u00e7\u00f5es Unidas para a Educa\u00e7\u00e3o, Ci\u00eancia e Cultura (Unesco), sinaliza que o turista com defici\u00eancia visual \u00e9 o que mais viaja sozinho, enquanto os grupos de defici\u00eancias f\u00edsica e intelectual e que t\u00eam a mobilidade reduzida possuem alta incid\u00eancia de viagens acompanhadas. &nbsp;<\/p>\n\n\n\n<p>J\u00e1 os brasileiros com defici\u00eancia intelectual, ou com transtorno do espectro autista somam maior volume no que reside acompanhantes em trajetos a\u00e9reos: &nbsp;<\/p>\n\n\n\n<p>\u201cTemos a convic\u00e7\u00e3o de estarmos no caminho certo para que a pessoa com defici\u00eancia seja tratada cada vez mais com a dignidade que merece em seus deslocamentos a\u00e9reos e sem o receio de retrocessos em seus direitos. Isso, sim, \u00e9 inclus\u00e3o al\u00e9m do discurso\u201d, defende Rosana.&nbsp;<\/p>\n\n\n\n<p><strong><em><strong>Participe da comunidade do Canal Roni Paparazzi no Whatsapp\u00a0<\/strong>e receba as principais not\u00edcias do dia direto no\u00a0<strong>seu celular<\/strong>.\u00a0<a rel=\"noreferrer noopener\" href=\"https:\/\/chat.whatsapp.com\/GsG1XKo0jPOEfjzudWQcml\" target=\"_blank\">\u00a0Clique aqui e se inscreva.<\/a><\/em><\/strong><\/p>\n","protected":false},"excerpt":{"rendered":"<p>Projeto de lei de autoria da parlamentar do PL-SP ratifica resolu\u00e7\u00e3o n\u00b0 280\/2013, da Ag\u00eancia Nacional de Avia\u00e7\u00e3o Civil (Anarc); uma vez aprovado pelos deputados federais, texto segue para a aprecia\u00e7\u00e3o do Senado\u00a0 A deputada federal Rosana Valle (PL-SP) protocolou nesta semana no Congresso Nacional um projeto de lei que prev\u00ea desconto de, no m\u00ednimo, &hellip;<\/p>\n","protected":false},"author":1,"featured_media":3880,"comment_status":"open","ping_status":"open","sticky":false,"template":"","format":"standard","meta":{"_jetpack_memberships_contains_paid_content":false,"footnotes":"","jetpack_publicize_message":"","jetpack_publicize_feature_enabled":true,"jetpack_social_post_already_shared":false,"jetpack_social_options":{"image_generator_settings":{"template":"highway","default_image_id":0,"enabled":false},"version":2}},"categories":[7],"tags":[],"class_list":["post-3879","post","type-post","status-publish","format-standard","has-post-thumbnail","hentry","category-politica"],"jetpack_publicize_connections":[],"jetpack_featured_media_url":"https:\/\/i0.wp.com\/www.paparazzinews.com.br\/wp-content\/uploads\/2023\/07\/Deputada-Rosana-Valle-e1688225728896.jpeg?fit=1000%2C666&ssl=1","views":"3639","jetpack_likes_enabled":true,"jetpack_sharing_enabled":true,"_links":{"self":[{"href":"https:\/\/www.paparazzinews.com.br\/index.php?rest_route=\/wp\/v2\/posts\/3879","targetHints":{"allow":["GET"]}}],"collection":[{"href":"https:\/\/www.paparazzinews.com.br\/index.php?rest_route=\/wp\/v2\/posts"}],"about":[{"href":"https:\/\/www.paparazzinews.com.br\/index.php?rest_route=\/wp\/v2\/types\/post"}],"author":[{"embeddable":true,"href":"https:\/\/www.paparazzinews.com.br\/index.php?rest_route=\/wp\/v2\/users\/1"}],"replies":[{"embeddable":true,"href":"https:\/\/www.paparazzinews.com.br\/index.php?rest_route=%2Fwp%2Fv2%2Fcomments&post=3879"}],"version-history":[{"count":1,"href":"https:\/\/www.paparazzinews.com.br\/index.php?rest_route=\/wp\/v2\/posts\/3879\/revisions"}],"predecessor-version":[{"id":3881,"href":"https:\/\/www.paparazzinews.com.br\/index.php?rest_route=\/wp\/v2\/posts\/3879\/revisions\/3881"}],"wp:featuredmedia":[{"embeddable":true,"href":"https:\/\/www.paparazzinews.com.br\/index.php?rest_route=\/wp\/v2\/media\/3880"}],"wp:attachment":[{"href":"https:\/\/www.paparazzinews.com.br\/index.php?rest_route=%2Fwp%2Fv2%2Fmedia&parent=3879"}],"wp:term":[{"taxonomy":"category","embeddable":true,"href":"https:\/\/www.paparazzinews.com.br\/index.php?rest_route=%2Fwp%2Fv2%2Fcategories&post=3879"},{"taxonomy":"post_tag","embeddable":true,"href":"https:\/\/www.paparazzinews.com.br\/index.php?rest_route=%2Fwp%2Fv2%2Ftags&post=3879"}],"curies":[{"name":"wp","href":"https:\/\/api.w.org\/{rel}","templated":true}]}}