{"id":387,"date":"2022-07-29T14:00:25","date_gmt":"2022-07-29T17:00:25","guid":{"rendered":"https:\/\/www.paparazzinews.com.br\/?p=387"},"modified":"2022-07-29T14:00:26","modified_gmt":"2022-07-29T17:00:26","slug":"castilho-tera-desfile-civico-no-dia-09-de-agosto%ef%bf%bc","status":"publish","type":"post","link":"https:\/\/www.paparazzinews.com.br\/?p=387","title":{"rendered":"Castilho ter\u00e1 Desfile C\u00edvico no dia 09 de Agosto\ufffc"},"content":{"rendered":"\n<p>Uma das grandes atra\u00e7\u00f5es na comemora\u00e7\u00e3o dos 69 anos de Castilho \u00e9 o resgate do Desfile C\u00edvico. Est\u00e1 marcado para o dia 09 de agosto, numa ter\u00e7a-feira, v\u00e9spera do feriado municipal, a partir das 16h30.<\/p>\n\n\n\n<p>Como de costume, a rua Os\u00f3rio Junqueira ser\u00e1 a grande passarela do desfile que deve iniciar a partir do antigo pr\u00e9dio da lot\u00e9rica e seguir em dire\u00e7\u00e3o a pra\u00e7a com dispers\u00e3o na avenida Get\u00falio <a><\/a>Vargas, esquina do Banco do Brasil.<\/p>\n\n\n\n<p>De acordo com a secret\u00e1ria municipal de Educa\u00e7\u00e3o, Silv\u00e2nia Cintra, todas as 11 unidades escolares da Rede Municipal de Ensino participar\u00e3o do desfile, no qual envolver\u00e1 alunos das creches, EMEIs e EMEFs.<\/p>\n\n\n\n<p>\u201cTamb\u00e9m convidamos as duas escolas do Estado (Armel Miranda e D\u00e1rio Giometti), para compor com a gente nesse desfile\u201d, lembrou Silv\u00e2nia.<\/p>\n\n\n\n<p>Por parte da Secretaria de Educa\u00e7\u00e3o tamb\u00e9m estar\u00e3o envolvidas as equipes da Cultura e do Esporte. \u201cTodas nossas oficinas culturais como Projeto Guri, Orquestra de Violeiros, Teclado e outros v\u00e3o desfilar, assim como a base do futebol, atletas da Bocha e o ciclismos tamb\u00e9m\u201d, antecipou a secret\u00e1ria.<\/p>\n\n\n\n<p>O desfile ter\u00e1 ainda uma ala da Secretaria Municipal de Sa\u00fade que far\u00e1 justa homenagem a todos profissionais que se dedicaram nos dois anos de maior intensidade no combate a Covid-19. Tamb\u00e9m ser\u00e3o lembradas as v\u00edtimas fatais e aquelas que conseguiram a recupera\u00e7\u00e3o.<\/p>\n\n\n\n<p>Pela Secretaria de Assist\u00eancia Social ter\u00e1 participa\u00e7\u00e3o dos membros dos Projetos Sociais que abrangem grupos de crian\u00e7as, adolescentes, idosos e comunidade em geral.<\/p>\n\n\n\n<p>Mulheres do campo, Institui\u00e7\u00f5es e Associa\u00e7\u00f5es s\u00e3o outros convidados da Comiss\u00e3o de Festejos que confirmaram presen\u00e7a no desfile.<\/p>\n\n\n\n<p>Tal como a BAMAC (Banda Marcial de Castilho), outro atrativo ser\u00e1 a banda FACMOL (Fanfarra Celda Melo de Oliveira), de Pereira Barreto. Uma das fanfarras mais premiadas em todo Estado de S\u00e3o Paulo.<\/p>\n","protected":false},"excerpt":{"rendered":"<p>Uma das grandes atra\u00e7\u00f5es na comemora\u00e7\u00e3o dos 69 anos de Castilho \u00e9 o resgate do Desfile C\u00edvico. Est\u00e1 marcado para o dia 09 de agosto, numa ter\u00e7a-feira, v\u00e9spera do feriado municipal, a partir das 16h30. Como de costume, a rua Os\u00f3rio Junqueira ser\u00e1 a grande passarela do desfile que deve iniciar a partir do antigo &hellip;<\/p>\n","protected":false},"author":1,"featured_media":388,"comment_status":"open","ping_status":"open","sticky":false,"template":"","format":"standard","meta":{"_jetpack_memberships_contains_paid_content":false,"footnotes":"","jetpack_publicize_message":"","jetpack_publicize_feature_enabled":true,"jetpack_social_post_already_shared":false,"jetpack_social_options":{"image_generator_settings":{"template":"highway","default_image_id":0,"enabled":false},"version":2}},"categories":[6],"tags":[],"class_list":["post-387","post","type-post","status-publish","format-standard","has-post-thumbnail","hentry","category-entretenimento"],"jetpack_publicize_connections":[],"jetpack_featured_media_url":"https:\/\/i0.wp.com\/www.paparazzinews.com.br\/wp-content\/uploads\/2022\/07\/295552196_999554697575434_1155367438734192003_n-e1659114008207.jpg?fit=1000%2C666&ssl=1","views":"3502","jetpack_likes_enabled":true,"jetpack_sharing_enabled":true,"_links":{"self":[{"href":"https:\/\/www.paparazzinews.com.br\/index.php?rest_route=\/wp\/v2\/posts\/387","targetHints":{"allow":["GET"]}}],"collection":[{"href":"https:\/\/www.paparazzinews.com.br\/index.php?rest_route=\/wp\/v2\/posts"}],"about":[{"href":"https:\/\/www.paparazzinews.com.br\/index.php?rest_route=\/wp\/v2\/types\/post"}],"author":[{"embeddable":true,"href":"https:\/\/www.paparazzinews.com.br\/index.php?rest_route=\/wp\/v2\/users\/1"}],"replies":[{"embeddable":true,"href":"https:\/\/www.paparazzinews.com.br\/index.php?rest_route=%2Fwp%2Fv2%2Fcomments&post=387"}],"version-history":[{"count":1,"href":"https:\/\/www.paparazzinews.com.br\/index.php?rest_route=\/wp\/v2\/posts\/387\/revisions"}],"predecessor-version":[{"id":389,"href":"https:\/\/www.paparazzinews.com.br\/index.php?rest_route=\/wp\/v2\/posts\/387\/revisions\/389"}],"wp:featuredmedia":[{"embeddable":true,"href":"https:\/\/www.paparazzinews.com.br\/index.php?rest_route=\/wp\/v2\/media\/388"}],"wp:attachment":[{"href":"https:\/\/www.paparazzinews.com.br\/index.php?rest_route=%2Fwp%2Fv2%2Fmedia&parent=387"}],"wp:term":[{"taxonomy":"category","embeddable":true,"href":"https:\/\/www.paparazzinews.com.br\/index.php?rest_route=%2Fwp%2Fv2%2Fcategories&post=387"},{"taxonomy":"post_tag","embeddable":true,"href":"https:\/\/www.paparazzinews.com.br\/index.php?rest_route=%2Fwp%2Fv2%2Ftags&post=387"}],"curies":[{"name":"wp","href":"https:\/\/api.w.org\/{rel}","templated":true}]}}