{"id":3866,"date":"2023-07-01T12:15:44","date_gmt":"2023-07-01T15:15:44","guid":{"rendered":"https:\/\/www.paparazzinews.com.br\/?p=3866"},"modified":"2023-07-01T12:15:45","modified_gmt":"2023-07-01T15:15:45","slug":"servidores-da-fundacao-casa-devem-retornar-ao-trabalho","status":"publish","type":"post","link":"https:\/\/www.paparazzinews.com.br\/?p=3866","title":{"rendered":"Servidores da Funda\u00e7\u00e3o CASA devem retornar ao trabalho\u00a0"},"content":{"rendered":"\n<p><em><strong>Decis\u00e3o do TRT-2 ocorreu durante julgamento da greve nesta quarta-feira (28)\u00a0<\/strong><\/em><\/p>\n\n\n\n<p>De acordo com a decis\u00e3o tomada pelo Tribunal Regional do Trabalho da 2\u00aa Regi\u00e3o (TRT-2), ap\u00f3s julgar nesta quarta-feira (28) o diss\u00eddio coletivo de greve dos servidores da Institui\u00e7\u00e3o, todos os servidores da Funda\u00e7\u00e3o CASA devem retornar aos seus postos de trabalho imediatamente.&nbsp;&nbsp;<\/p>\n\n\n\n<p>Com todos os sete votos favor\u00e1veis dos desembargadores, prevaleceu a proposta de reajuste salarial do Governo de S\u00e3o Paulo de 6%, com incid\u00eancia sobre os benef\u00edcios \u2013 vale-refei\u00e7\u00e3o, vale-alimenta\u00e7\u00e3o e aux\u00edlios creche e funeral. O reajuste \u00e9 retroativo a mar\u00e7o de 2023. O primeiro voto foi da desembargadora-relatora, Catarina von Zunben.&nbsp;<\/p>\n\n\n\n<p>Para viabilizar a possibilidade de progress\u00e3o funcional nas carreiras, a Institui\u00e7\u00e3o tamb\u00e9m realizar\u00e1 as avalia\u00e7\u00f5es de desempenho previstas no Plano de Cargos, Carreiras e Sal\u00e1rios (PCCS) relativas aos anos de 2017, 2018 e 2019.&nbsp;&nbsp;<\/p>\n\n\n\n<p>Os servidores que aderiram ao movimento paredista ter\u00e3o 50% dos dias de paralisa\u00e7\u00e3o pagos e os outros 50% dever\u00e3o compensar em negocia\u00e7\u00e3o com a Institui\u00e7\u00e3o.&nbsp;&nbsp;<\/p>\n\n\n\n<p>O&nbsp;Sindicato dos Trabalhadores nas Funda\u00e7\u00f5es P\u00fablicas de Atendimento Socioeducativo ao Adolescente em Priva\u00e7\u00e3o de Liberdade do Estado de S\u00e3o Paulo (Sitsesp)&nbsp;deve informar os servidores do teor da decis\u00e3o judicial em Assembleia virtual nesta quarta-feira.&nbsp;A Funda\u00e7\u00e3o CASA esclarece que, entre 2018 e 2022, concedeu reajuste de 18,91% aos servidores, inclusive sobre os benef\u00edcios do vale-refei\u00e7\u00e3o, aux\u00edlio-creche e aux\u00edlio-funeral. Para o vale-alimenta\u00e7\u00e3o, no mesmo per\u00edodo, a eleva\u00e7\u00e3o foi de 45,42%.<\/p>\n\n\n\n<p><strong><em><strong>Participe da comunidade do Canal Roni Paparazzi no Whatsapp\u00a0<\/strong>e receba as principais not\u00edcias do dia direto no\u00a0<strong>seu celular<\/strong>.\u00a0<a rel=\"noreferrer noopener\" href=\"https:\/\/chat.whatsapp.com\/GsG1XKo0jPOEfjzudWQcml\" target=\"_blank\">\u00a0Clique aqui e se inscreva.<\/a><\/em><\/strong><\/p>\n","protected":false},"excerpt":{"rendered":"<p>Decis\u00e3o do TRT-2 ocorreu durante julgamento da greve nesta quarta-feira (28)\u00a0 De acordo com a decis\u00e3o tomada pelo Tribunal Regional do Trabalho da 2\u00aa Regi\u00e3o (TRT-2), ap\u00f3s julgar nesta quarta-feira (28) o diss\u00eddio coletivo de greve dos servidores da Institui\u00e7\u00e3o, todos os servidores da Funda\u00e7\u00e3o CASA devem retornar aos seus postos de trabalho imediatamente.&nbsp;&nbsp; Com &hellip;<\/p>\n","protected":false},"author":1,"featured_media":3867,"comment_status":"open","ping_status":"open","sticky":false,"template":"","format":"standard","meta":{"_jetpack_memberships_contains_paid_content":false,"footnotes":"","jetpack_publicize_message":"","jetpack_publicize_feature_enabled":true,"jetpack_social_post_already_shared":false,"jetpack_social_options":{"image_generator_settings":{"template":"highway","default_image_id":0,"enabled":false},"version":2}},"categories":[3],"tags":[],"class_list":["post-3866","post","type-post","status-publish","format-standard","has-post-thumbnail","hentry","category-policial"],"jetpack_publicize_connections":[],"jetpack_featured_media_url":"https:\/\/i0.wp.com\/www.paparazzinews.com.br\/wp-content\/uploads\/2023\/07\/Centro_FCASA_T40_Div-e1688224533239.jpeg?fit=1000%2C750&ssl=1","views":"3547","jetpack_likes_enabled":true,"jetpack_sharing_enabled":true,"_links":{"self":[{"href":"https:\/\/www.paparazzinews.com.br\/index.php?rest_route=\/wp\/v2\/posts\/3866","targetHints":{"allow":["GET"]}}],"collection":[{"href":"https:\/\/www.paparazzinews.com.br\/index.php?rest_route=\/wp\/v2\/posts"}],"about":[{"href":"https:\/\/www.paparazzinews.com.br\/index.php?rest_route=\/wp\/v2\/types\/post"}],"author":[{"embeddable":true,"href":"https:\/\/www.paparazzinews.com.br\/index.php?rest_route=\/wp\/v2\/users\/1"}],"replies":[{"embeddable":true,"href":"https:\/\/www.paparazzinews.com.br\/index.php?rest_route=%2Fwp%2Fv2%2Fcomments&post=3866"}],"version-history":[{"count":1,"href":"https:\/\/www.paparazzinews.com.br\/index.php?rest_route=\/wp\/v2\/posts\/3866\/revisions"}],"predecessor-version":[{"id":3868,"href":"https:\/\/www.paparazzinews.com.br\/index.php?rest_route=\/wp\/v2\/posts\/3866\/revisions\/3868"}],"wp:featuredmedia":[{"embeddable":true,"href":"https:\/\/www.paparazzinews.com.br\/index.php?rest_route=\/wp\/v2\/media\/3867"}],"wp:attachment":[{"href":"https:\/\/www.paparazzinews.com.br\/index.php?rest_route=%2Fwp%2Fv2%2Fmedia&parent=3866"}],"wp:term":[{"taxonomy":"category","embeddable":true,"href":"https:\/\/www.paparazzinews.com.br\/index.php?rest_route=%2Fwp%2Fv2%2Fcategories&post=3866"},{"taxonomy":"post_tag","embeddable":true,"href":"https:\/\/www.paparazzinews.com.br\/index.php?rest_route=%2Fwp%2Fv2%2Ftags&post=3866"}],"curies":[{"name":"wp","href":"https:\/\/api.w.org\/{rel}","templated":true}]}}