{"id":3849,"date":"2023-06-30T13:02:14","date_gmt":"2023-06-30T16:02:14","guid":{"rendered":"https:\/\/www.paparazzinews.com.br\/?p=3849"},"modified":"2023-06-30T13:02:15","modified_gmt":"2023-06-30T16:02:15","slug":"seminario-inedito-na-regiao-elege-comite-para-elaborar-plano-municipal-pela-primeira-infancia","status":"publish","type":"post","link":"https:\/\/www.paparazzinews.com.br\/?p=3849","title":{"rendered":"Semin\u00e1rio in\u00e9dito na regi\u00e3o elege Comit\u00ea para elaborar Plano Municipal pela Primeira Inf\u00e2ncia"},"content":{"rendered":"\n<p><strong><em>Evento promovido pelo Governo de Castilho reuniu autoridades locais das \u00e1reas de Educa\u00e7\u00e3o, Sa\u00fade e Assist\u00eancia Social e representantes de pelo menos dez cidades vizinhas<\/em><\/strong><\/p>\n\n\n\n<p>Um p\u00fablico estimado em 250 pessoas ligadas \u00e0s \u00e1reas de Educa\u00e7\u00e3o, Sa\u00fade, Assist\u00eancia Social e Cultura compareceu ao anfiteatro do CIEC nesta ter\u00e7a-feira (27) para discutir pol\u00edticas p\u00fablicas j\u00e1 existentes em Castilho e regi\u00e3o, trocar experi\u00eancias e formular propostas para elabora\u00e7\u00e3o do Plano Municipal pela Primeira Inf\u00e2ncia (PMPI).<\/p>\n\n\n\n<p>Como Castilho \u00e9 uma das primeiras cidades na regi\u00e3o a promover um semin\u00e1rio sobre o tema visando adequar as a\u00e7\u00f5es municipais ao Marco Legal da Primeira Inf\u00e2ncia, aprovado em 2016, dezenas de representantes de outras prefeituras vizinhas prestigiaram o encontro para somar experi\u00eancias que possam resultar na elabora\u00e7\u00e3o de seus pr\u00f3prios PMPIs. Entre os munic\u00edpios representados, estavam delega\u00e7\u00f5es de Andradina, Nova Independ\u00eancia, Murutinga do Sul, Guararapes, Valpara\u00edso, Mirand\u00f3polis, Ilha Solteira, Pereira Barreto, Itapura, Suzan\u00e1polis, Sud Mennucci e Tr\u00eas Lagoas-MS.<\/p>\n\n\n\n<p>Tamanha a import\u00e2ncia do evento, que o prefeito Paulo Boaventura e sua esposa, a primeira dama Edileuza Boaventura, compareceram para recepcionar os convidados, reafirmar o compromisso de Castilho com a Educa\u00e7\u00e3o, Assist\u00eancia e Sa\u00fade com a primeira inf\u00e2ncia.<\/p>\n\n\n\n<p>\u201c<em><strong>Tenho o privil\u00e9gio e a satisfa\u00e7\u00e3o de ter ao meu lado um secretariado formado por alguns dos melhores profissionais de toda a regi\u00e3o em suas respectivas \u00e1reas. E isso me d\u00e1 a tranquilidade de saber que as pol\u00edticas p\u00fablicas que j\u00e1 implementamos em todas as \u00e1reas e as que est\u00e3o em andamento como a elabora\u00e7\u00e3o deste Plano Municipal pela Primeira Inf\u00e2ncia, v\u00e3o contribuir significativamente para a transforma\u00e7\u00e3o positiva de nossa sociedade, tornando Castilho um munic\u00edpio mais igualit\u00e1rio, com servi\u00e7os de qualidade e investimentos p\u00fablicos que possibilitem este avan\u00e7o a passos largos rumo ao desenvolvimento<\/strong><\/em>\u201d, afirmou Paulo Boaventura em cumprimento \u00e0 sua equipe de Governo. <\/p>\n\n\n\n<p>\u201cTamb\u00e9m temos a grata satisfa\u00e7\u00e3o de abrir as nossas portas para acolher todos voc\u00eas que representam as cidades que nos cercam e s\u00e3o nossas parceiras rumo ao desenvolvimento desta importante regi\u00e3o do Estado. Em nome de voc\u00eas, cumprimento as autoridades e os cidad\u00e3os de seus munic\u00edpios, e estendo as nossas boas vindas a este dia de trabalho coletivo\u201d, concluiu se dirigindo \u00e0s delega\u00e7\u00f5es vizinhas.<br>Anfitri\u00e3 dos visitantes, a secret\u00e1ria Silv\u00e2nia Cintra retribuiu as palavras do prefeito Paulo Boaventura dizendo ser f\u00e1cil implementar pol\u00edticas educacionais, esportivas e culturais eficientes quando se tem todo o respaldo de uma Administra\u00e7\u00e3o comprometida com os interesses da popula\u00e7\u00e3o e atuante em todas as grandes e pequenas a\u00e7\u00f5es desenvolvidas por todas as secretarias municipais. Silv\u00e2nia tamb\u00e9m agradeceu a presen\u00e7a dos representantes regionais e destacou a enorme contribui\u00e7\u00e3o que esta troca de experi\u00eancias oferece para o desenvolvimento da aten\u00e7\u00e3o ofertadas \u00e0s crian\u00e7as de 0 a 6 anos de toda a regi\u00e3o.<\/p>\n\n\n\n<p><br>\u201c<strong>Sa\u00edremos daqui hoje com a certeza de estarmos construindo alicerces que melhorar\u00e3o sensivelmente a qualidade do atendimento que ofertamos a estas crian\u00e7as que amanh\u00e3 ser\u00e3o nossos professores, m\u00e9dicos, enfermeiras, advogados e governantes. Vamos acolher hoje para amanh\u00e3 desfrutarmos de sociedades mais justas e comprometidas com a qualidade de vida<\/strong>\u201d, finalizou.<\/p>\n\n\n\n<p>Ap\u00f3s um breve caf\u00e9 da manh\u00e3, o consultor educacional e formador Oliver Lima assumiu a responsabilidade de iniciar os trabalhos falando aos presentes sobre o tema \u201cVozes da Inf\u00e2ncia: Garantindo os direitos das crian\u00e7as e construindo mem\u00f3rias em nossos territ\u00f3rios\u201d. Em seguida, os secret\u00e1rios de Sa\u00fade \u2013 Demilson Cordeiro, de Assist\u00eancia Social \u2013 Raquel Gregolin e de Educa\u00e7\u00e3o \u2013 Silv\u00e2nia Cintra (atrav\u00e9s de sua equipe t\u00e9cnica e pedag\u00f3gica), apresentaram resumos de todos os servi\u00e7os j\u00e1 existentes no Munic\u00edpio voltados \u00e0 Primeira Inf\u00e2ncia.<\/p>\n\n\n\n<p>Encerrada esta etapa de diagn\u00f3stico, os grupos iniciaram as abordagens sobre novas a\u00e7\u00f5es, programas, projetos e parcerias intersetoriais necess\u00e1rias para consolidar os direitos das crian\u00e7as de 0 a 6 anos, em proje\u00e7\u00f5es a curto, m\u00e9dio e longo prazo.<\/p>\n\n\n\n<p>S\u00e3o estas pondera\u00e7\u00f5es sobre necessidades locais que fundamentar\u00e3o o Plano Municipal pela Primeira Inf\u00e2ncia, que ser\u00e1 redigido por um Comit\u00ea apresentado durante o pr\u00f3prio Semin\u00e1rio e que deve ser oficializado em breve atrav\u00e9s de Decreto. Este colegiado ser\u00e1 coordenado pela Secret\u00e1ria municipal de Educa\u00e7\u00e3o, Cultura e Desporto, Silv\u00e2nia Cintra e ter\u00e1 como membros os representantes da Educa\u00e7\u00e3o Infantil (Creches) \u2013 Kauana Damaris Coelho Aranha e Rog\u00e9rio Batista dos Santos; da Educa\u00e7\u00e3o Infantil (Pr\u00e9-Escola) \u2013 Janaina Balbino Veloso e Marcela Navarro Balane; do Ensino Fundamental \u2013 T\u00e2nia Regina Morais Nascimento; T\u00e9cnica de Programas e Projetos Educacionais \u2013 Maria Soares Rosalez da Silva; da Alimenta\u00e7\u00e3o Escolar Infantil \u2013 Maira Teresa Barreto Bernardino; da Secretaria Municipal de Assist\u00eancia Social \u2013 Ambrosina Alvares Pessoa e Roselaine Dias; da Secretaria Municipal de Sa\u00fade \u2013 Demilson Cordeiro da Silva e Carlos Roberto Tencarte; da Pastoral da Crian\u00e7a \u2013 Mar\u00edlia Adelfa Cardoso Pereira e Sueli Moelas Sotini.<\/p>\n\n\n\n<p><em><strong>Participe da comunidade do Canal Roni Paparazzi no Whatsapp\u00a0<\/strong>e receba as principais not\u00edcias do dia direto no\u00a0<strong>seu celular<\/strong>.\u00a0<a rel=\"noreferrer noopener\" href=\"https:\/\/chat.whatsapp.com\/GsG1XKo0jPOEfjzudWQcml\" target=\"_blank\">\u00a0Clique aqui e se inscreva.<\/a><\/em><\/p>\n","protected":false},"excerpt":{"rendered":"<p>Evento promovido pelo Governo de Castilho reuniu autoridades locais das \u00e1reas de Educa\u00e7\u00e3o, Sa\u00fade e Assist\u00eancia Social e representantes de pelo menos dez cidades vizinhas Um p\u00fablico estimado em 250 pessoas ligadas \u00e0s \u00e1reas de Educa\u00e7\u00e3o, Sa\u00fade, Assist\u00eancia Social e Cultura compareceu ao anfiteatro do CIEC nesta ter\u00e7a-feira (27) para discutir pol\u00edticas p\u00fablicas j\u00e1 existentes &hellip;<\/p>\n","protected":false},"author":1,"featured_media":3850,"comment_status":"open","ping_status":"open","sticky":false,"template":"","format":"standard","meta":{"_jetpack_memberships_contains_paid_content":false,"footnotes":"","jetpack_publicize_message":"","jetpack_publicize_feature_enabled":true,"jetpack_social_post_already_shared":false,"jetpack_social_options":{"image_generator_settings":{"template":"highway","default_image_id":0,"enabled":false},"version":2}},"categories":[6],"tags":[],"class_list":["post-3849","post","type-post","status-publish","format-standard","has-post-thumbnail","hentry","category-entretenimento"],"jetpack_publicize_connections":[],"jetpack_featured_media_url":"https:\/\/i0.wp.com\/www.paparazzinews.com.br\/wp-content\/uploads\/2023\/06\/b5cd8958-0b4d-471b-b91d-939b3b88fb43-e1688140918979.jpg?fit=1000%2C450&ssl=1","views":"4517","jetpack_likes_enabled":true,"jetpack_sharing_enabled":true,"_links":{"self":[{"href":"https:\/\/www.paparazzinews.com.br\/index.php?rest_route=\/wp\/v2\/posts\/3849","targetHints":{"allow":["GET"]}}],"collection":[{"href":"https:\/\/www.paparazzinews.com.br\/index.php?rest_route=\/wp\/v2\/posts"}],"about":[{"href":"https:\/\/www.paparazzinews.com.br\/index.php?rest_route=\/wp\/v2\/types\/post"}],"author":[{"embeddable":true,"href":"https:\/\/www.paparazzinews.com.br\/index.php?rest_route=\/wp\/v2\/users\/1"}],"replies":[{"embeddable":true,"href":"https:\/\/www.paparazzinews.com.br\/index.php?rest_route=%2Fwp%2Fv2%2Fcomments&post=3849"}],"version-history":[{"count":1,"href":"https:\/\/www.paparazzinews.com.br\/index.php?rest_route=\/wp\/v2\/posts\/3849\/revisions"}],"predecessor-version":[{"id":3851,"href":"https:\/\/www.paparazzinews.com.br\/index.php?rest_route=\/wp\/v2\/posts\/3849\/revisions\/3851"}],"wp:featuredmedia":[{"embeddable":true,"href":"https:\/\/www.paparazzinews.com.br\/index.php?rest_route=\/wp\/v2\/media\/3850"}],"wp:attachment":[{"href":"https:\/\/www.paparazzinews.com.br\/index.php?rest_route=%2Fwp%2Fv2%2Fmedia&parent=3849"}],"wp:term":[{"taxonomy":"category","embeddable":true,"href":"https:\/\/www.paparazzinews.com.br\/index.php?rest_route=%2Fwp%2Fv2%2Fcategories&post=3849"},{"taxonomy":"post_tag","embeddable":true,"href":"https:\/\/www.paparazzinews.com.br\/index.php?rest_route=%2Fwp%2Fv2%2Ftags&post=3849"}],"curies":[{"name":"wp","href":"https:\/\/api.w.org\/{rel}","templated":true}]}}