{"id":381,"date":"2022-07-27T16:33:45","date_gmt":"2022-07-27T19:33:45","guid":{"rendered":"https:\/\/www.paparazzinews.com.br\/?p=381"},"modified":"2022-07-27T16:33:47","modified_gmt":"2022-07-27T19:33:47","slug":"cursos-profissionalizantes-serao-oferecidos-na-fundacao-casa","status":"publish","type":"post","link":"https:\/\/www.paparazzinews.com.br\/?p=381","title":{"rendered":"Cursos profissionalizantes ser\u00e3o oferecidos na Funda\u00e7\u00e3o CASA\u00a0"},"content":{"rendered":"\n<p>O programa Novotec Expresso, da Secretaria de Desenvolvimento Econ\u00f4mico do Estado de S\u00e3o Paulo, est\u00e1 com 345 vagas para cursos de qualifica\u00e7\u00e3o profissional destinados aos internos que cumprem medidas socioeducativas em Unidades da Funda\u00e7\u00e3o CASA (Centro de Atendimento Socioeducativo ao Adolescente). No geral, somente este ano, a iniciativa j\u00e1 beneficiou mais de 16 mil jovens, entre 14 e 24 anos, no Estado.&nbsp;<\/p>\n\n\n\n<p>\u201cAcreditamos que a educa\u00e7\u00e3o \u00e9 um agente transformador na vida dos jovens. Por isso, ofertar cursos que os ajudem, sobretudo os mais vulner\u00e1veis, a se qualificar para entrar no mercado de trabalho \u00e9 um dos deveres que o Estado tem cumprido\u201d, afirma Zeina Latif, secret\u00e1ria de Desenvolvimento Econ\u00f4mico.&nbsp;<\/p>\n\n\n\n<p>A a\u00e7\u00e3o em parceria com a Funda\u00e7\u00e3o CASA visa a preparar os jovens para aumentar as chances de coloca\u00e7\u00e3o no mercado de trabalho no per\u00edodo de ressocializa\u00e7\u00e3o. Os cursos, ministrados dentro das Unidades, s\u00e3o na \u00e1rea de gest\u00e3o e projetos, com carga hor\u00e1ria de 120 horas, e podem ser realizados em at\u00e9 quatro meses.&nbsp;<\/p>\n\n\n\n<p>\u201cO Novotec Expresso s\u00f3 vem a agregar a esses adolescentes que cumprem medida socioeducativa, porque a qualifica\u00e7\u00e3o profissional durante o cumprimento da medida \u00e9 parte das metas do plano individual de atendimento\u201d, explica o secret\u00e1rio da Justi\u00e7a e Cidadania e presidente da Funda\u00e7\u00e3o CASA, Fernando Jos\u00e9 da Costa. \u201c\u00c9 mais uma forma\u00e7\u00e3o de qualidade para que eles possam tentar a inser\u00e7\u00e3o no mercado de trabalho ap\u00f3s a desinterna\u00e7\u00e3o.\u201d&nbsp;<\/p>\n\n\n\n<p>Os internos com idade entre 14 e 18 anos e com ensino fundamental completo est\u00e3o aptos a participar e poder\u00e3o manifestar interesse diretamente na secretaria das unidades participantes. As aulas t\u00eam previs\u00e3o de in\u00edcio no dia 15 de agosto e ser\u00e3o conclu\u00eddas em 1\u00ba de dezembro. Aqueles que est\u00e3o cursando o ensino m\u00e9dio e 75% de frequ\u00eancia ainda ter\u00e3o direito a uma bolsa-aux\u00edlio de at\u00e9 R$ 600, divididos em quatro parcelas mensais de R$ 150, ao longo do curso.&nbsp;<\/p>\n\n\n\n<p>Os 23 Centros de Atendimento da Funda\u00e7\u00e3o CASA participantes do programa Novotec Expresso s\u00e3o: Ara\u00e7\u00e1, em Ara\u00e7atuba; Araraquara; Rio Dourado, em Lins; Guarulhos; Esperan\u00e7a, em Itapetininga; Taquaritinga; Atibaia; Novo Tempo e Tapaj\u00f3s, em Franco da Rocha; Osasco I, em Osasco; Ribeir\u00e3o Preto e Rio Pardo, em Ribeir\u00e3o Preto; Santo Andr\u00e9 II e Diadema, no ABCD paulista; Mongagu\u00e1; Pirituba, Rio Paran\u00e1, Juqui\u00e1, Rio T\u00e2misa, Chiquinha Gonzaga, Nova Aroeira Nova Vida e S\u00e3o Paulo, na cidade de S\u00e3o Paulo.&nbsp;<\/p>\n","protected":false},"excerpt":{"rendered":"<p>O programa Novotec Expresso, da Secretaria de Desenvolvimento Econ\u00f4mico do Estado de S\u00e3o Paulo, est\u00e1 com 345 vagas para cursos de qualifica\u00e7\u00e3o profissional destinados aos internos que cumprem medidas socioeducativas em Unidades da Funda\u00e7\u00e3o CASA (Centro de Atendimento Socioeducativo ao Adolescente). No geral, somente este ano, a iniciativa j\u00e1 beneficiou mais de 16 mil jovens, &hellip;<\/p>\n","protected":false},"author":1,"featured_media":382,"comment_status":"open","ping_status":"open","sticky":false,"template":"","format":"standard","meta":{"_jetpack_memberships_contains_paid_content":false,"footnotes":"","jetpack_publicize_message":"","jetpack_publicize_feature_enabled":true,"jetpack_social_post_already_shared":false,"jetpack_social_options":{"image_generator_settings":{"template":"highway","default_image_id":0,"enabled":false},"version":2}},"categories":[4],"tags":[],"class_list":["post-381","post","type-post","status-publish","format-standard","has-post-thumbnail","hentry","category-regiao"],"jetpack_publicize_connections":[],"jetpack_featured_media_url":"https:\/\/i0.wp.com\/www.paparazzinews.com.br\/wp-content\/uploads\/2022\/07\/Adolescente_Estudo_Div.jpg?fit=1001%2C667&ssl=1","views":"3310","jetpack_likes_enabled":true,"jetpack_sharing_enabled":true,"_links":{"self":[{"href":"https:\/\/www.paparazzinews.com.br\/index.php?rest_route=\/wp\/v2\/posts\/381","targetHints":{"allow":["GET"]}}],"collection":[{"href":"https:\/\/www.paparazzinews.com.br\/index.php?rest_route=\/wp\/v2\/posts"}],"about":[{"href":"https:\/\/www.paparazzinews.com.br\/index.php?rest_route=\/wp\/v2\/types\/post"}],"author":[{"embeddable":true,"href":"https:\/\/www.paparazzinews.com.br\/index.php?rest_route=\/wp\/v2\/users\/1"}],"replies":[{"embeddable":true,"href":"https:\/\/www.paparazzinews.com.br\/index.php?rest_route=%2Fwp%2Fv2%2Fcomments&post=381"}],"version-history":[{"count":1,"href":"https:\/\/www.paparazzinews.com.br\/index.php?rest_route=\/wp\/v2\/posts\/381\/revisions"}],"predecessor-version":[{"id":383,"href":"https:\/\/www.paparazzinews.com.br\/index.php?rest_route=\/wp\/v2\/posts\/381\/revisions\/383"}],"wp:featuredmedia":[{"embeddable":true,"href":"https:\/\/www.paparazzinews.com.br\/index.php?rest_route=\/wp\/v2\/media\/382"}],"wp:attachment":[{"href":"https:\/\/www.paparazzinews.com.br\/index.php?rest_route=%2Fwp%2Fv2%2Fmedia&parent=381"}],"wp:term":[{"taxonomy":"category","embeddable":true,"href":"https:\/\/www.paparazzinews.com.br\/index.php?rest_route=%2Fwp%2Fv2%2Fcategories&post=381"},{"taxonomy":"post_tag","embeddable":true,"href":"https:\/\/www.paparazzinews.com.br\/index.php?rest_route=%2Fwp%2Fv2%2Ftags&post=381"}],"curies":[{"name":"wp","href":"https:\/\/api.w.org\/{rel}","templated":true}]}}