{"id":3807,"date":"2023-06-28T14:29:08","date_gmt":"2023-06-28T17:29:08","guid":{"rendered":"https:\/\/www.paparazzinews.com.br\/?p=3807"},"modified":"2023-06-28T14:29:09","modified_gmt":"2023-06-28T17:29:09","slug":"sp-sem-fogo-saiba-as-diferentes-tecnicas-dos-bombeiros-para-combater-focos-de-incendio","status":"publish","type":"post","link":"https:\/\/www.paparazzinews.com.br\/?p=3807","title":{"rendered":"SP Sem Fogo: saiba as diferentes t\u00e9cnicas dos bombeiros para combater focos de inc\u00eandio"},"content":{"rendered":"\n<p>Com o per\u00edodo de estiagem iniciado neste m\u00eas de junho, o Governo do Estado de S\u00e3o Paulo intensificou as a\u00e7\u00f5es de preven\u00e7\u00e3o e combate a inc\u00eandios em vegeta\u00e7\u00e3o, por meio da Opera\u00e7\u00e3o SP Sem Fogo. A \u00e9poca mais seca do ano, que vai at\u00e9 o m\u00eas de outubro, facilita a propaga\u00e7\u00e3o do fogo especialmente em regi\u00f5es de mata.<\/p>\n\n\n\n<p>O capit\u00e3o Danilo Passaretti, do Corpo de Bombeiros, explica que a atua\u00e7\u00e3o nesse tipo de inc\u00eandio exige t\u00e9cnicas e expertise espec\u00edficas em rela\u00e7\u00e3o ao combate feitos em outros ambientes, como constru\u00e7\u00f5es urbanas, por exemplo.<\/p>\n\n\n\n<p>\u201cAlguns fatores dificultam: ser\u00e1 que a viatura chega no local? Se a viatura chegar, a gente faz o combate de uma forma, a gente pode utilizar \u00e1gua, fica mais f\u00e1cil. Tem ponto de abastecimento pr\u00f3ximo? O problema \u00e9 que, \u00e0s vezes, \u00e9 em um local remoto, em regi\u00f5es em que a gente n\u00e3o consegue chegar com os nossos caminh\u00f5es\u201d, afirma o capit\u00e3o.<\/p>\n\n\n\n<p>Nesses casos em que n\u00e3o \u00e9 poss\u00edvel entrar no local com o caminh\u00e3o, os homens da corpora\u00e7\u00e3o precisam entrar na mata com abafadores e bombas costais, uma esp\u00e9cie de mochila d\u2019\u00e1gua que o bombeiro carrega para fazer o resfriamento da vegeta\u00e7\u00e3o atingida.<\/p>\n\n\n\n<p>\u201cS\u00e3o as t\u00e9cnicas mais comuns. O abafador \u00e9 um equipamento parecido com uma vassoura, s\u00f3 que na ponta tem borrachas. Quando o bombeiro bate essa borracha na vegeta\u00e7\u00e3o, faz com que o fogo se apague, \u00e9 um trabalho bem de formiguinha. Imagina quil\u00f4metros e quil\u00f4metros pegando fogo. Ali voc\u00ea faz a extin\u00e7\u00e3o pontual\u201d, explica Passaretti.<\/p>\n\n\n\n<p>Outra t\u00e9cnica utilizada \u00e9 o aceiro, que consiste em retirar um trecho da vegeta\u00e7\u00e3o para evitar que as chamas se alastrem. \u201cQuando o fogo bate na terra, ele para por ali. Isso pode estar pronto antes tamb\u00e9m, o aceiro preventivo, em que os pr\u00f3prios propriet\u00e1rios das \u00e1reas podem realizar. Ou fazemos o aceiro emergencial, em que os pr\u00f3prios bombeiros conseguem compartimentar o inc\u00eandio\u201d, afirma o capit\u00e3o do Corpo de Bombeiros.<\/p>\n\n\n\n<p>H\u00e1 ainda o modelo conhecido como fogo contra fogo. Nessa t\u00e9cnica, um pequeno trecho de mata \u00e9 incendiado de forma proposital enquanto o fogo se alastra. Com isso, um ponto a frente que j\u00e1 seria consumido pelas chamas \u00e9 queimado previamente e de forma controlada, \u201cfreando\u201d o caminho das labaredas.<\/p>\n\n\n\n<p>O fogo contra fogo \u00e9 parecido com outra t\u00e9cnica: a queima prescrita, que integra o que se chama de manejo integrado do fogo. Este tipo de a\u00e7\u00e3o \u00e9 preventiva, ou seja, \u00e9 feita antes de o inc\u00eandio ocorrer. Ela consiste em utilizar o fogo de forma controlada em pequenos trechos, sob supervis\u00e3o das equipes t\u00e9cnicas, para que as chamas consumam a mat\u00e9ria org\u00e2nica, como folhas secas, galhos mortos e capim, reduzindo o material combust\u00edvel e evitando a propaga\u00e7\u00e3o. No dia 12 de junho, por exemplo, o Governo de SP iniciou a aplica\u00e7\u00e3o da t\u00e9cnica em \u00e1reas protegidas da Esta\u00e7\u00e3o Ecol\u00f3gica de Jata\u00ed, na cidade de Luiz Ant\u00f4nio.<\/p>\n\n\n\n<p>Outra diferen\u00e7a do combate a inc\u00eandios florestais em rela\u00e7\u00e3o a ocorr\u00eancias urbanas \u00e9 o equipamento utilizado, como explica o capit\u00e3o Renan Souza. \u201cO equipamento de prote\u00e7\u00e3o individual de bombeiro que estamos acostumados a ver \u00e9 muito pesado, mais comum para combate a inc\u00eandios em edifica\u00e7\u00e3o. Na vegeta\u00e7\u00e3o, onde o trabalho costuma durar horas, esse EPI cansa muito o agente, ele precisa ser mais leve\u201d, explica o militar.<\/p>\n\n\n\n<p><strong>Aeronaves<\/strong><\/p>\n\n\n\n<p>Em fogos de maiores propor\u00e7\u00f5es, as equipes tamb\u00e9m podem lan\u00e7ar m\u00e3o de aeronaves de asa fixa, contratadas temporariamente por meio da Defesa Civil. Desta forma, em grandes inc\u00eandios, os avi\u00f5es tradicionalmente utilizados por empresas para pulverizar planta\u00e7\u00f5es com defensivos agr\u00edcolas s\u00e3o alugados pelo Governo do Estado para jogar \u00e1gua sobre pontos estrat\u00e9gicos das chamas.<\/p>\n\n\n\n<p>\u201cNa estiagem, normalmente, as aeronaves agr\u00edcolas trabalham menos. Ent\u00e3o, as empresas aproveitam dessa subutiliza\u00e7\u00e3o e integram esses contratos feitos pela Defesa Civil. Os avi\u00f5es precisam apenas de pequenas adapta\u00e7\u00f5es para atuarem no combate a inc\u00eandios florestais\u201d, explica o capit\u00e3o Renan Souza, do Corpo de Bombeiros.<\/p>\n\n\n\n<p><strong>Bombeiros civis<\/strong><\/p>\n\n\n\n<p>Neste per\u00edodo de estiagem, a Secretaria Estadual de Meio Ambiente, Infraestrutura e Log\u00edstica (Semil), al\u00e9m do seu corpo pr\u00f3prio de brigadistas nas unidades de conserva\u00e7\u00e3o,que tamb\u00e9m atuam no combate a inc\u00eandios, faz a contrata\u00e7\u00e3o tempor\u00e1ria de bombeiros civis.<\/p>\n\n\n\n<p>Os profissionais s\u00e3o contratados por seis meses, entre junho e novembro. S\u00e3o 114 agentes que atuam em cerca de 80 unidades de conserva\u00e7\u00e3o que possuem algum risco de inc\u00eandio, em especial aquelas concentradas nas regi\u00f5es norte e noroeste do estado. S\u00e3o cerca de 230 mil hectares de \u00e1rea.<\/p>\n\n\n\n<p>\u201cO bombeiro civil vem complementar nossas a\u00e7\u00f5es j\u00e1 existentes. \u00c9 o ataque r\u00e1pido. As equipes monitoram a \u00e1rea, com ve\u00edculos equipados. Geralmente \u00e9 a nossa primeira resposta para um inc\u00eandio\u201d, afirma Vladimir Arrais, coordenador da Opera\u00e7\u00e3o SP Sem Fogo pela Funda\u00e7\u00e3o Florestal. Caso o fogo tome propor\u00e7\u00f5es maiores, s\u00e3o acionados o Corpo de Bombeiros e a Defesa Civil.<\/p>\n\n\n\n<p>Esses profissionais, al\u00e9m do combate ao fogo em si, tamb\u00e9m atuam em a\u00e7\u00f5es educacionais como palestras e programas em escolas. Medidas preventivas como a constru\u00e7\u00e3o de aceiros e manuten\u00e7\u00e3o de equipamentos tamb\u00e9m contam com a atua\u00e7\u00e3o dos bombeiros civis contratados.<\/p>\n\n\n\n<p><em><strong>Participe da comunidade do Canal Roni Paparazzi no Whatsapp\u00a0<\/strong>e receba as principais not\u00edcias do dia direto no\u00a0<strong>seu celular<\/strong>.\u00a0<a rel=\"noreferrer noopener\" href=\"https:\/\/chat.whatsapp.com\/GsG1XKo0jPOEfjzudWQcml\" target=\"_blank\">\u00a0Clique aqui e se inscreva.<\/a><\/em><a href=\"https:\/\/www.paparazzinews.com.br\/wp-admin\/post.php?post=3798&amp;action=edit\"><\/a><\/p>\n\n\n\n<p><a href=\"https:\/\/www.paparazzinews.com.br\/wp-admin\/post.php?post=3804&amp;action=edit\"><\/a><\/p>\n","protected":false},"excerpt":{"rendered":"<p>Com o per\u00edodo de estiagem iniciado neste m\u00eas de junho, o Governo do Estado de S\u00e3o Paulo intensificou as a\u00e7\u00f5es de preven\u00e7\u00e3o e combate a inc\u00eandios em vegeta\u00e7\u00e3o, por meio da Opera\u00e7\u00e3o SP Sem Fogo. A \u00e9poca mais seca do ano, que vai at\u00e9 o m\u00eas de outubro, facilita a propaga\u00e7\u00e3o do fogo especialmente em &hellip;<\/p>\n","protected":false},"author":1,"featured_media":3808,"comment_status":"open","ping_status":"open","sticky":false,"template":"","format":"standard","meta":{"_jetpack_memberships_contains_paid_content":false,"footnotes":"","jetpack_publicize_message":"","jetpack_publicize_feature_enabled":true,"jetpack_social_post_already_shared":false,"jetpack_social_options":{"image_generator_settings":{"template":"highway","default_image_id":0,"enabled":false},"version":2}},"categories":[4],"tags":[],"class_list":["post-3807","post","type-post","status-publish","format-standard","has-post-thumbnail","hentry","category-regiao"],"jetpack_publicize_connections":[],"jetpack_featured_media_url":"https:\/\/i0.wp.com\/www.paparazzinews.com.br\/wp-content\/uploads\/2023\/06\/355864631_246489124783193_1480284779445577503_n-e1687973275621.jpg?fit=1000%2C463&ssl=1","views":"4614","jetpack_likes_enabled":true,"jetpack_sharing_enabled":true,"_links":{"self":[{"href":"https:\/\/www.paparazzinews.com.br\/index.php?rest_route=\/wp\/v2\/posts\/3807","targetHints":{"allow":["GET"]}}],"collection":[{"href":"https:\/\/www.paparazzinews.com.br\/index.php?rest_route=\/wp\/v2\/posts"}],"about":[{"href":"https:\/\/www.paparazzinews.com.br\/index.php?rest_route=\/wp\/v2\/types\/post"}],"author":[{"embeddable":true,"href":"https:\/\/www.paparazzinews.com.br\/index.php?rest_route=\/wp\/v2\/users\/1"}],"replies":[{"embeddable":true,"href":"https:\/\/www.paparazzinews.com.br\/index.php?rest_route=%2Fwp%2Fv2%2Fcomments&post=3807"}],"version-history":[{"count":1,"href":"https:\/\/www.paparazzinews.com.br\/index.php?rest_route=\/wp\/v2\/posts\/3807\/revisions"}],"predecessor-version":[{"id":3809,"href":"https:\/\/www.paparazzinews.com.br\/index.php?rest_route=\/wp\/v2\/posts\/3807\/revisions\/3809"}],"wp:featuredmedia":[{"embeddable":true,"href":"https:\/\/www.paparazzinews.com.br\/index.php?rest_route=\/wp\/v2\/media\/3808"}],"wp:attachment":[{"href":"https:\/\/www.paparazzinews.com.br\/index.php?rest_route=%2Fwp%2Fv2%2Fmedia&parent=3807"}],"wp:term":[{"taxonomy":"category","embeddable":true,"href":"https:\/\/www.paparazzinews.com.br\/index.php?rest_route=%2Fwp%2Fv2%2Fcategories&post=3807"},{"taxonomy":"post_tag","embeddable":true,"href":"https:\/\/www.paparazzinews.com.br\/index.php?rest_route=%2Fwp%2Fv2%2Ftags&post=3807"}],"curies":[{"name":"wp","href":"https:\/\/api.w.org\/{rel}","templated":true}]}}