{"id":3784,"date":"2023-06-28T10:56:51","date_gmt":"2023-06-28T13:56:51","guid":{"rendered":"https:\/\/www.paparazzinews.com.br\/?p=3784"},"modified":"2023-06-28T10:56:52","modified_gmt":"2023-06-28T13:56:52","slug":"voluntarios-se-mobilizam-para-acoes-no-dia-de-cooperar-em-andradina-e-castilho","status":"publish","type":"post","link":"https:\/\/www.paparazzinews.com.br\/?p=3784","title":{"rendered":"Volunt\u00e1rios se mobilizam para a\u00e7\u00f5es no Dia de Cooperar em Andradina e Castilho"},"content":{"rendered":"\n<p>Neste s\u00e1bado 01\/07 v\u00e1rias a\u00e7\u00f5es sociais e recreativas gratuitas ser\u00e3o promovidas para a comunidade pelos volunt\u00e1rios da cooperativa Sicredi Alta Noroeste SP para celebrar o Dia C (Dia de Cooperar). Muitas dessas a\u00e7\u00f5es j\u00e1 tiveram in\u00edcio do m\u00eas de junho e duram o ano todo. A iniciativa \u00e9 lirada pelo Sistema OCB (Organiza\u00e7\u00e3o das Cooperativas do Brasil) e conta com a intercoopera\u00e7\u00e3o das cooperativas em cada cidade.<\/p>\n\n\n\n<p>O Dia C acontece sempre no 1\u00ba s\u00e1bado de julho para comemorar o Dia Internacional do Cooperativismo. Em 2022, o Sicredi realizou mais de 550 atividades como palestras sobre educa\u00e7\u00e3o financeira, revitaliza\u00e7\u00e3o de espa\u00e7os p\u00fablicos, doa\u00e7\u00e3o de cestas b\u00e1sicas, entre outras. Durante o ano todo foram&nbsp;cerca de 3,5 mil a\u00e7\u00f5es que beneficiaram aproximadamente 540 mil pessoas e mobilizaram mais de 50 mil volunt\u00e1rios.<\/p>\n\n\n\n<p><strong>Andradina<\/strong><\/p>\n\n\n\n<p>Atrav\u00e9s da rifa de uma caixa de som Alexa Echo Dot 5\u00aa Gera\u00e7\u00e3o da marca, por apenas R$ 10 cada n\u00famero, os colaboradores da ag\u00eancia buscam mobilizar recursos para&nbsp;ajudar nas reformas da cooperativa de recicladores da cidade Cooperanda, que em maio sofreu um inc\u00eandio que destruiu todos os seus equipamentos de trabalho, comprometendo suas instala\u00e7\u00f5es e a fonte de renda mensal de mais de 35 fam\u00edlias.<\/p>\n\n\n\n<p><strong>Ara\u00e7atuba<\/strong><\/p>\n\n\n\n<p>Os colaboradores da ag\u00eancia de Ara\u00e7atuba est\u00e3o mobilizando recursos com amigos e associados para a compra de um processador de alimentos industrial para a institui\u00e7\u00e3o Nosso Lar. No s\u00e1bado, al\u00e9m da doa\u00e7\u00e3o dos recursos, a ag\u00eancia e outros volunt\u00e1rios ajudar\u00e3o na separa\u00e7\u00e3o de alimentos e montagem de cestas b\u00e1sicas para retirada das fam\u00edlias carentes.<\/p>\n\n\n\n<p><strong>Birigui<\/strong><\/p>\n\n\n\n<p>Uma grande festa acontece das 8h \u00e0s 12h na&nbsp;Escola Estadual Terezinha Lot Zin, na Rua Wanderley Martins Vinhotti, 370,&nbsp;Portal da Perola 2. Haver\u00e1 brinquedos, conta\u00e7\u00e3o de hist\u00f3rias, pintura facial, cabeleireiros, pipoca, frutas, exame de press\u00e3o arterial e glicemia, e aconselhamento financeiro para pessoas e microempreendedores individuais (MEI), e doa\u00e7\u00e3o de cestas b\u00e1sicas para mais de 100 fam\u00edlias pr\u00e9-selecionadas.<\/p>\n\n\n\n<p><strong>Buritama<\/strong><\/p>\n\n\n\n<p>A ag\u00eancia realiza novamente sua a\u00e7\u00e3o em prol as fam\u00edlias carentes da cidade com apoio ao Programa Viva Leite, um projeto social de distribui\u00e7\u00e3o gratuita de leite. Os associados s\u00e3o convidados mais uma vez a fortalecer o estoque de leite do projeto fazendo sua doa\u00e7\u00e3o diretamente na ag\u00eancia.<\/p>\n\n\n\n<p><strong>Castilho<\/strong><\/p>\n\n\n\n<p>Blitz da Coopera\u00e7\u00e3o \u00e9 o que os colaboradores da rec\u00e9m-inaugurada ag\u00eancia de Castilho promover\u00e3o das 8h \u00e0s 12h deste s\u00e1bado. Diversas a\u00e7\u00f5es culturais e de sa\u00fade ser\u00e3o oferecidas gratuitamente na pra\u00e7a central da cidade com o objetivo de angariar doa\u00e7\u00f5es de alimentos n\u00e3o perec\u00edveis em prol ao Asilo Betel. O local estar\u00e1 identificado com uma tenda e sonoriza\u00e7\u00e3o.<\/p>\n\n\n\n<p><strong>Guararapes<\/strong><\/p>\n\n\n\n<p>Neste s\u00e1bado colaboradores e associados volunt\u00e1rios v\u00e3o promover uma manh\u00e3 de aditividades recreativas, apresenta\u00e7\u00e3o de artes marciais e oficina de musicaliza\u00e7\u00e3o para as crian\u00e7as e adolescentes da Funda\u00e7\u00e3o Mirim da cidade. A entidade atende mais de 80 crian\u00e7as em contraturno escolar e j\u00e1 tem sido beneficiada com diversas a\u00e7\u00f5es da cooperativa na \u00e1rea de educa\u00e7\u00e3o financeira.<\/p>\n\n\n\n<p><strong>Ilha Solteira<\/strong><\/p>\n\n\n\n<p>Na tarde desta sexta-feira 30\/06 os volunt\u00e1rios da ag\u00eancia v\u00e3o dar uma incrementada especial no tradicional caf\u00e9 da tarde para comemorar o aniversariante do m\u00eas do Lar Centro Dia de Ilha Solteira. V\u00e3o servir o lanche e os doces. E para a comemora\u00e7\u00e3o do m\u00eas seguinte deixaram agendada a Orquestra Caipira da cidade, que tem entre os membros um colaborador da cooperativa.<\/p>\n\n\n\n<p><strong>Pen\u00e1polis<\/strong><\/p>\n\n\n\n<p>Um mutir\u00e3o na porta dos supermercados da cidade tem sido feito pelos colaboradores da ag\u00eancia. Eles buscam grandes arrecada\u00e7\u00f5es de alimentos e itens de higiene pessoal para a entidade Vila da Inf\u00e2ncia. A entidade com mais de 70 anos atende mais de 290 crian\u00e7as e adolescentes com risco pessoal e social com atividades socioeducativas. As doa\u00e7\u00f5es ser\u00e3o entregues neste s\u00e1bado tamb\u00e9m.<\/p>\n\n\n\n<p><strong>Promiss\u00e3o<\/strong><\/p>\n\n\n\n<p>Em Promiss\u00e3o os esfor\u00e7os s\u00e3o para ajudar o projeto Promiss\u00e3o Sem Fome com a arrecada\u00e7\u00e3o de alimentos. O projeto social independente \u00e9 liderado por 16 jovens volunt\u00e1rios da cidade e busca ajudar mensalmente mais de 120 fam\u00edlias carentes da cidade.<\/p>\n\n\n\n<p><strong><em>Sobre o Sicredi<\/em><\/strong><\/p>\n\n\n\n<p><em>O Sicredi \u00e9 uma institui\u00e7\u00e3o financeira cooperativa comprometida com o crescimento de seus associados e com o desenvolvimento das regi\u00f5es onde atua. Possui um modelo de gest\u00e3o que valoriza a participa\u00e7\u00e3o dos mais de 6,5 milh\u00f5es de associados, que exercem o papel de donos do neg\u00f3cio. Com mais de 2.500 ag\u00eancias, o Sicredi est\u00e1 presente fisicamente em todos os estados brasileiros e no Distrito Federal, disponibilizando uma gama completa de solu\u00e7\u00f5es financeiras e n\u00e3o financeiras.<\/em><\/p>\n\n\n\n<p><em><strong>Participe da comunidade do Canal Roni Paparazzi no Whatsapp\u00a0<\/strong>e receba as principais not\u00edcias do dia direto no\u00a0<strong>seu celular<\/strong>.\u00a0<a rel=\"noreferrer noopener\" href=\"https:\/\/chat.whatsapp.com\/GsG1XKo0jPOEfjzudWQcml\" target=\"_blank\">\u00a0Clique aqui e se inscreva.<\/a><\/em><\/p>\n","protected":false},"excerpt":{"rendered":"<p>Neste s\u00e1bado 01\/07 v\u00e1rias a\u00e7\u00f5es sociais e recreativas gratuitas ser\u00e3o promovidas para a comunidade pelos volunt\u00e1rios da cooperativa Sicredi Alta Noroeste SP para celebrar o Dia C (Dia de Cooperar). Muitas dessas a\u00e7\u00f5es j\u00e1 tiveram in\u00edcio do m\u00eas de junho e duram o ano todo. A iniciativa \u00e9 lirada pelo Sistema OCB (Organiza\u00e7\u00e3o das Cooperativas &hellip;<\/p>\n","protected":false},"author":1,"featured_media":3785,"comment_status":"open","ping_status":"open","sticky":false,"template":"","format":"standard","meta":{"_jetpack_memberships_contains_paid_content":false,"footnotes":"","jetpack_publicize_message":"","jetpack_publicize_feature_enabled":true,"jetpack_social_post_already_shared":false,"jetpack_social_options":{"image_generator_settings":{"template":"highway","default_image_id":0,"enabled":false},"version":2}},"categories":[4],"tags":[],"class_list":["post-3784","post","type-post","status-publish","format-standard","has-post-thumbnail","hentry","category-regiao"],"jetpack_publicize_connections":[],"jetpack_featured_media_url":"https:\/\/i0.wp.com\/www.paparazzinews.com.br\/wp-content\/uploads\/2023\/06\/Esta-Chegando-o-Dia.jpg?fit=560%2C243&ssl=1","views":"2474","jetpack_likes_enabled":true,"jetpack_sharing_enabled":true,"_links":{"self":[{"href":"https:\/\/www.paparazzinews.com.br\/index.php?rest_route=\/wp\/v2\/posts\/3784","targetHints":{"allow":["GET"]}}],"collection":[{"href":"https:\/\/www.paparazzinews.com.br\/index.php?rest_route=\/wp\/v2\/posts"}],"about":[{"href":"https:\/\/www.paparazzinews.com.br\/index.php?rest_route=\/wp\/v2\/types\/post"}],"author":[{"embeddable":true,"href":"https:\/\/www.paparazzinews.com.br\/index.php?rest_route=\/wp\/v2\/users\/1"}],"replies":[{"embeddable":true,"href":"https:\/\/www.paparazzinews.com.br\/index.php?rest_route=%2Fwp%2Fv2%2Fcomments&post=3784"}],"version-history":[{"count":1,"href":"https:\/\/www.paparazzinews.com.br\/index.php?rest_route=\/wp\/v2\/posts\/3784\/revisions"}],"predecessor-version":[{"id":3786,"href":"https:\/\/www.paparazzinews.com.br\/index.php?rest_route=\/wp\/v2\/posts\/3784\/revisions\/3786"}],"wp:featuredmedia":[{"embeddable":true,"href":"https:\/\/www.paparazzinews.com.br\/index.php?rest_route=\/wp\/v2\/media\/3785"}],"wp:attachment":[{"href":"https:\/\/www.paparazzinews.com.br\/index.php?rest_route=%2Fwp%2Fv2%2Fmedia&parent=3784"}],"wp:term":[{"taxonomy":"category","embeddable":true,"href":"https:\/\/www.paparazzinews.com.br\/index.php?rest_route=%2Fwp%2Fv2%2Fcategories&post=3784"},{"taxonomy":"post_tag","embeddable":true,"href":"https:\/\/www.paparazzinews.com.br\/index.php?rest_route=%2Fwp%2Fv2%2Ftags&post=3784"}],"curies":[{"name":"wp","href":"https:\/\/api.w.org\/{rel}","templated":true}]}}