{"id":3777,"date":"2023-06-28T09:03:05","date_gmt":"2023-06-28T12:03:05","guid":{"rendered":"https:\/\/www.paparazzinews.com.br\/?p=3777"},"modified":"2023-06-28T09:03:06","modified_gmt":"2023-06-28T12:03:06","slug":"grupo-do-mato-agita-neste-sabado-arraia-na-praca-de-castilho","status":"publish","type":"post","link":"https:\/\/www.paparazzinews.com.br\/?p=3777","title":{"rendered":"Grupo do Mato agita neste s\u00e1bado Arrai\u00e1 na Pra\u00e7a de Castilho"},"content":{"rendered":"\n<p>Em reuni\u00e3o na tarde desta ter\u00e7a-feira,27, a Comiss\u00e3o de Festas de Castilho optou pela realiza\u00e7\u00e3o de um arrai\u00e1 no pr\u00f3ximo s\u00e1bado, 01 de julho, na Pra\u00e7a da Matriz. Entre os atrativos haver\u00e1 show com o j\u00e1 conhecido Grupo do Mato. O evento inicia \u00e0s 19h.<\/p>\n\n\n\n<p>De acordo com a Comiss\u00e3o, essa festa ser\u00e1 mais simples e n\u00e3o ter\u00e1 o mesmo aparato que os eventos anteriores denominados \u201cCastilho Com Elas\u201d. A insist\u00eancia pela realiza\u00e7\u00e3o do arrai\u00e1 foi um pedido das pr\u00f3prias assentadas e artes\u00e3s que se prontificaram em montar suas pr\u00f3prias barracas.<\/p>\n\n\n\n<p>O espa\u00e7o tamb\u00e9m dever\u00e1 ser aberto para comerciantes locais que desejam vender produtos \u2013 desde que sejam t\u00edpicos de festas juninas. O Fundo Social de Solidariedade ter\u00e1 sua barraca, tal como entidades sociais do munic\u00edpio.<\/p>\n\n\n\n<p>\u201cSer\u00e1 de um modo simples, mas com muito amor, carinho e dedica\u00e7\u00e3o. Tenho certeza que a popula\u00e7\u00e3o vai amar a festa e nosso com\u00e9rcio tamb\u00e9m ser\u00e1 muito beneficiado\u201d, destaca a presidente do Fundo Social, Edileuza Boaventura.<\/p>\n\n\n\n<p><em><strong>Participe da comunidade do Canal Roni Paparazzi no Whatsapp\u00a0<\/strong>e receba as principais not\u00edcias do dia direto no\u00a0<strong>seu celular<\/strong>.\u00a0<a rel=\"noreferrer noopener\" href=\"https:\/\/chat.whatsapp.com\/GsG1XKo0jPOEfjzudWQcml\" target=\"_blank\">\u00a0Clique aqui e se inscreva.<\/a><\/em><\/p>\n","protected":false},"excerpt":{"rendered":"<p>Em reuni\u00e3o na tarde desta ter\u00e7a-feira,27, a Comiss\u00e3o de Festas de Castilho optou pela realiza\u00e7\u00e3o de um arrai\u00e1 no pr\u00f3ximo s\u00e1bado, 01 de julho, na Pra\u00e7a da Matriz. Entre os atrativos haver\u00e1 show com o j\u00e1 conhecido Grupo do Mato. O evento inicia \u00e0s 19h. De acordo com a Comiss\u00e3o, essa festa ser\u00e1 mais simples &hellip;<\/p>\n","protected":false},"author":1,"featured_media":3779,"comment_status":"open","ping_status":"open","sticky":false,"template":"","format":"standard","meta":{"_jetpack_memberships_contains_paid_content":false,"footnotes":"","jetpack_publicize_message":"","jetpack_publicize_feature_enabled":true,"jetpack_social_post_already_shared":false,"jetpack_social_options":{"image_generator_settings":{"template":"highway","default_image_id":0,"enabled":false},"version":2}},"categories":[6],"tags":[],"class_list":["post-3777","post","type-post","status-publish","format-standard","has-post-thumbnail","hentry","category-entretenimento"],"jetpack_publicize_connections":[],"jetpack_featured_media_url":"https:\/\/i0.wp.com\/www.paparazzinews.com.br\/wp-content\/uploads\/2023\/06\/32cf4c29-02c9-4e45-a4bc-4a4f50d2bd85.jpg?fit=1080%2C1080&ssl=1","views":"5133","jetpack_likes_enabled":true,"jetpack_sharing_enabled":true,"_links":{"self":[{"href":"https:\/\/www.paparazzinews.com.br\/index.php?rest_route=\/wp\/v2\/posts\/3777","targetHints":{"allow":["GET"]}}],"collection":[{"href":"https:\/\/www.paparazzinews.com.br\/index.php?rest_route=\/wp\/v2\/posts"}],"about":[{"href":"https:\/\/www.paparazzinews.com.br\/index.php?rest_route=\/wp\/v2\/types\/post"}],"author":[{"embeddable":true,"href":"https:\/\/www.paparazzinews.com.br\/index.php?rest_route=\/wp\/v2\/users\/1"}],"replies":[{"embeddable":true,"href":"https:\/\/www.paparazzinews.com.br\/index.php?rest_route=%2Fwp%2Fv2%2Fcomments&post=3777"}],"version-history":[{"count":1,"href":"https:\/\/www.paparazzinews.com.br\/index.php?rest_route=\/wp\/v2\/posts\/3777\/revisions"}],"predecessor-version":[{"id":3780,"href":"https:\/\/www.paparazzinews.com.br\/index.php?rest_route=\/wp\/v2\/posts\/3777\/revisions\/3780"}],"wp:featuredmedia":[{"embeddable":true,"href":"https:\/\/www.paparazzinews.com.br\/index.php?rest_route=\/wp\/v2\/media\/3779"}],"wp:attachment":[{"href":"https:\/\/www.paparazzinews.com.br\/index.php?rest_route=%2Fwp%2Fv2%2Fmedia&parent=3777"}],"wp:term":[{"taxonomy":"category","embeddable":true,"href":"https:\/\/www.paparazzinews.com.br\/index.php?rest_route=%2Fwp%2Fv2%2Fcategories&post=3777"},{"taxonomy":"post_tag","embeddable":true,"href":"https:\/\/www.paparazzinews.com.br\/index.php?rest_route=%2Fwp%2Fv2%2Ftags&post=3777"}],"curies":[{"name":"wp","href":"https:\/\/api.w.org\/{rel}","templated":true}]}}