{"id":3775,"date":"2023-06-27T13:47:15","date_gmt":"2023-06-27T16:47:15","guid":{"rendered":"https:\/\/www.paparazzinews.com.br\/?p=3775"},"modified":"2023-06-27T13:47:16","modified_gmt":"2023-06-27T16:47:16","slug":"conflitos-do-bairro-em-andradina-pedreiro-vai-a-juri-por-tentativa-de-homicidio","status":"publish","type":"post","link":"https:\/\/www.paparazzinews.com.br\/?p=3775","title":{"rendered":"Conflitos do bairro em Andradina: pedreiro vai a j\u00fari por tentativa de homic\u00eddio"},"content":{"rendered":"\n<p>O Tribunal do J\u00fari de Andradina se re\u00fane nesta quarta-feira (28), a partir das 9h, para julgar o pedreiro Ronaldo da Silva, de 45 anos.<\/p>\n\n\n\n<p>&nbsp;&nbsp;&nbsp;&nbsp;&nbsp;&nbsp;&nbsp;&nbsp;&nbsp;&nbsp;&nbsp; Ele \u00e9 acusado de tentar matar o aut\u00f4nomo Kevin Martin Santana da Silva, de 28 anos, na madrugada de 1\u00ba de janeiro de 2021, na rua Augusto Rosa, na Vila Messias, em Andradina.<\/p>\n\n\n\n<p>\u00a0\u00a0\u00a0\u00a0\u00a0\u00a0\u00a0\u00a0\u00a0\u00a0\u00a0 De acordo com a den\u00fancia do Minist\u00e9rio P\u00fablico, r\u00e9u e v\u00edtima faziam partes de bairros que aterrorizaram Andradina durante alguns anos, com v\u00e1rios homic\u00eddios.<\/p>\n\n\n\n<p>Descreve a acusa\u00e7\u00e3o da Promotoria: \u201cSegundo restou apurado, a v\u00edtima encontrava-se em uma festa de confraterniza\u00e7\u00e3o de final de ano juntamente com seu irm\u00e3o Dillon, e mais alguns familiares e amigos quando, em dado momento, Ronaldo a chamou para fora do local com a justificativa de que iriam conversar.<\/p>\n\n\n\n<p>Ato cont\u00ednuo, em uma rua pr\u00f3xima ao local da festa, Ronaldo, com o intuito de matar, surpreendeu a v\u00edtima com v\u00e1rios golpes de facas, que atingiram a regi\u00e3o da cabe\u00e7a e do t\u00f3rax.<\/p>\n\n\n\n<p>Algumas pessoas que passaram pelo local e viram a v\u00edtima ca\u00edda no ch\u00e3o, avisaram as pessoas que estavam na festa, dentre elas seu irm\u00e3o Dillon, que foi at\u00e9 o local e conseguiu ver Ronaldo empreendendo fuga. Ainda, o acusado, ao passar por ele, gritou \u201caqui \u00e9 Jardim Europa\u201d, demonstrando o seu envolvimento com a guerra de gangues e que essa seria a motiva\u00e7\u00e3o do crime.<\/p>\n\n\n\n<p>Ao chegar no local onde seu irm\u00e3o estava ca\u00eddo e todo ensanguentado, Dillon ouviu da v\u00edtima que o autor do crime foi Ronaldo, \u201cpai de Ozeias\u201d, conhecido por ter envolvimento com o tr\u00e1fico de drogas na cidade e com a guerra de gangue.<\/p>\n\n\n\n<p>O resgate foi acionado e socorreu a v\u00edtima, encaminhando-a ao Pronto Atendimento, o que a salvou.\u201d<\/p>\n\n\n\n<p>Em ju\u00edzo, o r\u00e9u negou ter sido o autor das facadas.<\/p>\n\n\n\n<p><em><strong>Participe da comunidade do Canal Roni Paparazzi no Whatsapp\u00a0<\/strong>e receba as principais not\u00edcias do dia direto no\u00a0<strong>seu celular<\/strong>.\u00a0<a rel=\"noreferrer noopener\" href=\"https:\/\/chat.whatsapp.com\/GsG1XKo0jPOEfjzudWQcml\" target=\"_blank\">\u00a0Clique aqui e se inscreva.<\/a><\/em><a href=\"https:\/\/www.paparazzinews.com.br\/wp-admin\/post.php?post=3762&amp;action=edit\"><\/a><a href=\"https:\/\/www.paparazzinews.com.br\/wp-admin\/post.php?post=3766&amp;action=edit\"><\/a><\/p>\n\n\n\n<p><a href=\"https:\/\/www.paparazzinews.com.br\/wp-admin\/post.php?post=3770&amp;action=edit\"><\/a><\/p>\n","protected":false},"excerpt":{"rendered":"<p>O Tribunal do J\u00fari de Andradina se re\u00fane nesta quarta-feira (28), a partir das 9h, para julgar o pedreiro Ronaldo da Silva, de 45 anos. &nbsp;&nbsp;&nbsp;&nbsp;&nbsp;&nbsp;&nbsp;&nbsp;&nbsp;&nbsp;&nbsp; Ele \u00e9 acusado de tentar matar o aut\u00f4nomo Kevin Martin Santana da Silva, de 28 anos, na madrugada de 1\u00ba de janeiro de 2021, na rua Augusto Rosa, na &hellip;<\/p>\n","protected":false},"author":1,"featured_media":3630,"comment_status":"open","ping_status":"open","sticky":false,"template":"","format":"standard","meta":{"_jetpack_memberships_contains_paid_content":false,"footnotes":"","jetpack_publicize_message":"","jetpack_publicize_feature_enabled":true,"jetpack_social_post_already_shared":false,"jetpack_social_options":{"image_generator_settings":{"template":"highway","default_image_id":0,"enabled":false},"version":2}},"categories":[3],"tags":[],"class_list":["post-3775","post","type-post","status-publish","format-standard","has-post-thumbnail","hentry","category-policial"],"jetpack_publicize_connections":[],"jetpack_featured_media_url":"https:\/\/i0.wp.com\/www.paparazzinews.com.br\/wp-content\/uploads\/2023\/06\/IMG_2573.jpg?fit=1024%2C683&ssl=1","views":"3410","jetpack_likes_enabled":true,"jetpack_sharing_enabled":true,"_links":{"self":[{"href":"https:\/\/www.paparazzinews.com.br\/index.php?rest_route=\/wp\/v2\/posts\/3775","targetHints":{"allow":["GET"]}}],"collection":[{"href":"https:\/\/www.paparazzinews.com.br\/index.php?rest_route=\/wp\/v2\/posts"}],"about":[{"href":"https:\/\/www.paparazzinews.com.br\/index.php?rest_route=\/wp\/v2\/types\/post"}],"author":[{"embeddable":true,"href":"https:\/\/www.paparazzinews.com.br\/index.php?rest_route=\/wp\/v2\/users\/1"}],"replies":[{"embeddable":true,"href":"https:\/\/www.paparazzinews.com.br\/index.php?rest_route=%2Fwp%2Fv2%2Fcomments&post=3775"}],"version-history":[{"count":1,"href":"https:\/\/www.paparazzinews.com.br\/index.php?rest_route=\/wp\/v2\/posts\/3775\/revisions"}],"predecessor-version":[{"id":3776,"href":"https:\/\/www.paparazzinews.com.br\/index.php?rest_route=\/wp\/v2\/posts\/3775\/revisions\/3776"}],"wp:featuredmedia":[{"embeddable":true,"href":"https:\/\/www.paparazzinews.com.br\/index.php?rest_route=\/wp\/v2\/media\/3630"}],"wp:attachment":[{"href":"https:\/\/www.paparazzinews.com.br\/index.php?rest_route=%2Fwp%2Fv2%2Fmedia&parent=3775"}],"wp:term":[{"taxonomy":"category","embeddable":true,"href":"https:\/\/www.paparazzinews.com.br\/index.php?rest_route=%2Fwp%2Fv2%2Fcategories&post=3775"},{"taxonomy":"post_tag","embeddable":true,"href":"https:\/\/www.paparazzinews.com.br\/index.php?rest_route=%2Fwp%2Fv2%2Ftags&post=3775"}],"curies":[{"name":"wp","href":"https:\/\/api.w.org\/{rel}","templated":true}]}}