{"id":3744,"date":"2023-06-23T15:04:20","date_gmt":"2023-06-23T18:04:20","guid":{"rendered":"https:\/\/www.paparazzinews.com.br\/?p=3744"},"modified":"2023-06-23T15:04:21","modified_gmt":"2023-06-23T18:04:21","slug":"forum-recebera-equipe-do-imesc-para-mutirao-com-reus-presos-e-soltos","status":"publish","type":"post","link":"https:\/\/www.paparazzinews.com.br\/?p=3744","title":{"rendered":"F\u00f3rum receber\u00e1 equipe do Imesc para mutir\u00e3o com r\u00e9us presos e soltos"},"content":{"rendered":"\n<p>O Instituto de Medicina Social e de Criminologia de S\u00e3o Paulo (Imesc), \u00f3rg\u00e3o vinculado \u00e0 Secretaria da Justi\u00e7a e Cidadania do Estado de S\u00e3o Paulo, em parceria com o Tribunal de Justi\u00e7a realizar\u00e1, entre sexta-feira e s\u00e1bado (23 e 24 de junho), a partir das 7h, o seu terceiro mutir\u00e3o em 2023.<\/p>\n\n\n\n<p>O atendimento ser\u00e1 voltado para r\u00e9us presos e soltos, da 8\u00aa Regi\u00e3o Administrativa Judici\u00e1ria (RAJ) \u2013 S\u00e3o Jos\u00e9 do Rio Preto, composta por 30 cidades, no campo da psiquiatria, interdi\u00e7\u00e3o e interna\u00e7\u00e3o compuls\u00f3ria com o objetivo de avaliar a imputabilidade penal.<\/p>\n\n\n\n<p>Na sexta-feira (23\/06), est\u00e3o agendados 296 r\u00e9us e no s\u00e1bado (24\/06), mais 148, totalizando 444 atendimentos para os dois dias.<\/p>\n\n\n\n<p>Neste mutir\u00e3o o Imesc estar\u00e1 equipado com seis peritos m\u00e9dicos atuando entre os dois dias, em salas separadas dentro do F\u00f3rum Criminal de S\u00e3o Jos\u00e9 do Rio Preto, localizado na Rua Marechal Deodoro da Fonseca, 3036, Centro. Os r\u00e9us que n\u00e3o tiverem condi\u00e7\u00f5es de se locomover at\u00e9 as salas ser\u00e3o atendidos nos ve\u00edculos que ficar\u00e3o estacionados em pontos indicados, em formato \u201cdrive thru\u201d.<\/p>\n\n\n\n<p>De 2021 at\u00e9 o momento j\u00e1 foram realizados 32 mutir\u00f5es, em v\u00e1rias atua\u00e7\u00f5es, totalizando mais de 4 mil atendimentos em todo o Estado. Os procedimentos nesses mutir\u00f5es s\u00e3o para analisar variados quadros de sa\u00fade.<\/p>\n\n\n\n<p><strong>Servi\u00e7o:<\/strong><\/p>\n\n\n\n<p>Mutir\u00f5es do Imesc no F\u00f3rum Criminal de S\u00e3o Jos\u00e9 do Rio Preto com r\u00e9us presos<\/p>\n\n\n\n<p>Data: sexta-feira (23\/06), das 07h \u00e0s 16h30, e s\u00e1bado (24\/06), das 07h \u00e0s 12h30min<\/p>\n\n\n\n<p>Local: F\u00f3rum Criminal de S\u00e3o Jos\u00e9 do Rio Preto<\/p>\n\n\n\n<p>Endere\u00e7o: Rua Marechal Deodoro da Fonseca, 3036, Centro de S\u00e3o Jos\u00e9 do Rio Preto<\/p>\n\n\n\n<p><em><strong>Participe da comunidade do Canal Roni Paparazzi no Whatsapp\u00a0<\/strong>e receba as principais not\u00edcias do dia direto no\u00a0<strong>seu celular<\/strong>.\u00a0<a rel=\"noreferrer noopener\" href=\"https:\/\/chat.whatsapp.com\/GsG1XKo0jPOEfjzudWQcml\" target=\"_blank\">\u00a0Clique aqui e se inscreva.<\/a><\/em><\/p>\n","protected":false},"excerpt":{"rendered":"<p>O Instituto de Medicina Social e de Criminologia de S\u00e3o Paulo (Imesc), \u00f3rg\u00e3o vinculado \u00e0 Secretaria da Justi\u00e7a e Cidadania do Estado de S\u00e3o Paulo, em parceria com o Tribunal de Justi\u00e7a realizar\u00e1, entre sexta-feira e s\u00e1bado (23 e 24 de junho), a partir das 7h, o seu terceiro mutir\u00e3o em 2023. O atendimento ser\u00e1 &hellip;<\/p>\n","protected":false},"author":1,"featured_media":3745,"comment_status":"open","ping_status":"open","sticky":false,"template":"","format":"standard","meta":{"_jetpack_memberships_contains_paid_content":false,"footnotes":"","jetpack_publicize_message":"","jetpack_publicize_feature_enabled":true,"jetpack_social_post_already_shared":false,"jetpack_social_options":{"image_generator_settings":{"template":"highway","default_image_id":0,"enabled":false},"version":2}},"categories":[3],"tags":[],"class_list":["post-3744","post","type-post","status-publish","format-standard","has-post-thumbnail","hentry","category-policial"],"jetpack_publicize_connections":[],"jetpack_featured_media_url":"https:\/\/i0.wp.com\/www.paparazzinews.com.br\/wp-content\/uploads\/2023\/06\/Foto-Divulgacao_Imesc_credito-Charles-Roberto-e1687543437938.png?fit=1000%2C563&ssl=1","views":"3858","jetpack_likes_enabled":true,"jetpack_sharing_enabled":true,"_links":{"self":[{"href":"https:\/\/www.paparazzinews.com.br\/index.php?rest_route=\/wp\/v2\/posts\/3744","targetHints":{"allow":["GET"]}}],"collection":[{"href":"https:\/\/www.paparazzinews.com.br\/index.php?rest_route=\/wp\/v2\/posts"}],"about":[{"href":"https:\/\/www.paparazzinews.com.br\/index.php?rest_route=\/wp\/v2\/types\/post"}],"author":[{"embeddable":true,"href":"https:\/\/www.paparazzinews.com.br\/index.php?rest_route=\/wp\/v2\/users\/1"}],"replies":[{"embeddable":true,"href":"https:\/\/www.paparazzinews.com.br\/index.php?rest_route=%2Fwp%2Fv2%2Fcomments&post=3744"}],"version-history":[{"count":1,"href":"https:\/\/www.paparazzinews.com.br\/index.php?rest_route=\/wp\/v2\/posts\/3744\/revisions"}],"predecessor-version":[{"id":3746,"href":"https:\/\/www.paparazzinews.com.br\/index.php?rest_route=\/wp\/v2\/posts\/3744\/revisions\/3746"}],"wp:featuredmedia":[{"embeddable":true,"href":"https:\/\/www.paparazzinews.com.br\/index.php?rest_route=\/wp\/v2\/media\/3745"}],"wp:attachment":[{"href":"https:\/\/www.paparazzinews.com.br\/index.php?rest_route=%2Fwp%2Fv2%2Fmedia&parent=3744"}],"wp:term":[{"taxonomy":"category","embeddable":true,"href":"https:\/\/www.paparazzinews.com.br\/index.php?rest_route=%2Fwp%2Fv2%2Fcategories&post=3744"},{"taxonomy":"post_tag","embeddable":true,"href":"https:\/\/www.paparazzinews.com.br\/index.php?rest_route=%2Fwp%2Fv2%2Ftags&post=3744"}],"curies":[{"name":"wp","href":"https:\/\/api.w.org\/{rel}","templated":true}]}}