{"id":3707,"date":"2023-06-22T16:07:34","date_gmt":"2023-06-22T19:07:34","guid":{"rendered":"https:\/\/www.paparazzinews.com.br\/?p=3707"},"modified":"2023-06-22T16:15:27","modified_gmt":"2023-06-22T19:15:27","slug":"vereadores-aprovam-8-milhoes-para-os-cofres-da-santa-casa-de-andradina","status":"publish","type":"post","link":"https:\/\/www.paparazzinews.com.br\/?p=3707","title":{"rendered":"Vereadores aprovam 8 milh\u00f5es para os cofres da Santa Casa de Andradina"},"content":{"rendered":"\n<p>A C\u00e2mara de Andradina realizou, nesta quarta-feira (21), uma sess\u00e3o extraordin\u00e1ria para deliberar sobre 19 projetos de lei encaminhados pelo Executivo. Os trabalhos foram conduzidos pelo vice-presidente do Legislativo, Fabr\u00edcio Mazotti (Podemos). A sess\u00e3o se estendeu por mais de 4 horas e resultou na aprova\u00e7\u00e3o de investimentos significativos para o munic\u00edpio, totalizando mais de R$ 23 milh\u00f5es.<\/p>\n\n\n\n<p>Um dos destaques da sess\u00e3o foi o repasse de R$ 8 milh\u00f5es \u00e0 Santa Casa de Andradina ao longo do segundo semestre deste ano. Esses recursos t\u00eam como objetivo garantir o atendimento no hospital, que est\u00e1 sob interven\u00e7\u00e3o municipal. A medida demonstra o compromisso da C\u00e2mara e do Executivo em assegurar a qualidade dos servi\u00e7os de sa\u00fade oferecidos \u00e0 popula\u00e7\u00e3o.<br><\/p>\n\n\n\n<p>Al\u00e9m disso, os vereadores aprovaram a destina\u00e7\u00e3o de R$ 15,3 milh\u00f5es de super\u00e1vit financeiro para a Prefeitura. Esses recursos ser\u00e3o principalmente aplicados em investimentos na infraestrutura da cidade, como pavimenta\u00e7\u00f5es nos bairros e recapeamentos, incluindo a recupera\u00e7\u00e3o do asfalto no centro comercial de Andradina.<br><\/p>\n\n\n\n<p>O vice-presidente da C\u00e2mara, Fabr\u00edcio Mazotti, ressaltou a import\u00e2ncia dessa sess\u00e3o extraordin\u00e1ria que resultou na aprova\u00e7\u00e3o de diversos projetos essenciais para o desenvolvimento do munic\u00edpio. &#8220;A realiza\u00e7\u00e3o dessa sess\u00e3o foi fundamental para dar celeridade a importantes propostas para a cidade de Andradina. <\/p>\n\n\n\n<p>Os investimentos aprovados v\u00e3o contribuir diretamente para a melhoria da qualidade de vida da popula\u00e7\u00e3o e fortalecer setores fundamentais, como a sa\u00fade e a infraestrutura&#8221;, afirmou.<br>Outro vereador que teve destaque durante a sess\u00e3o foi Hugo Zamboni (Patriota), que falou sobre o aprimoramento do Prodesan (Programa de Desenvolvimento Econ\u00f4mico Sustent\u00e1vel de Andradina) a partir de uma propositura sua de revis\u00e3o do c\u00f3digo tribut\u00e1rio. Zamboni tamb\u00e9m mencionou investimentos nos setores de turismo e sa\u00fade mental, destacando a import\u00e2ncia dessas iniciativas para o progresso do munic\u00edpio.<br><\/p>\n\n\n\n<p>Diversos outros vereadores fizeram uso da tribuna durante a sess\u00e3o extraordin\u00e1ria. S\u00e9rgio Santaella (Uni\u00e3o Brasil) discursou sobre quest\u00f5es relevantes, como a sa\u00fade e a reestrutura\u00e7\u00e3o salarial no Executivo. Hernani Martins da Silva (Podemos) defendeu projetos voltados \u00e0 melhoria da qualidade de vida da popula\u00e7\u00e3o, enquanto Rodarte da Silva dos Anjos (PDT) enfatizou a import\u00e2ncia do repasse de recursos para a \u00e1rea da sa\u00fade. Guilherme Pugliese (PSDB) tamb\u00e9m ressaltou a iniciativa da sess\u00e3o extraordin\u00e1ria, destacando a relev\u00e2ncia dos projetos em pauta.<br><\/p>\n\n\n\n<p>\u201cCom a realiza\u00e7\u00e3o dessa sess\u00e3o extraordin\u00e1ria, a C\u00e2mara de Andradina demonstra o compromisso em trabalhar em prol do desenvolvimento do munic\u00edpio e do bem-estar da popula\u00e7\u00e3o. Os investimentos aprovados fortalecem setores estrat\u00e9gicos, contribuindo para uma cidade mais pr\u00f3spera e com melhores condi\u00e7\u00f5es de vida para seus habitantes\u201d, destacou Mazotti.<\/p>\n\n\n\n<p><em><strong>Participe da comunidade do Canal Roni Paparazzi no Whatsapp\u00a0<\/strong>e receba as principais not\u00edcias do dia direto no\u00a0<strong>seu celular<\/strong>.\u00a0<a rel=\"noreferrer noopener\" href=\"https:\/\/chat.whatsapp.com\/GsG1XKo0jPOEfjzudWQcml\" target=\"_blank\">\u00a0Clique aqui e se inscreva.<\/a><\/em><\/p>\n","protected":false},"excerpt":{"rendered":"<p>A C\u00e2mara de Andradina realizou, nesta quarta-feira (21), uma sess\u00e3o extraordin\u00e1ria para deliberar sobre 19 projetos de lei encaminhados pelo Executivo. Os trabalhos foram conduzidos pelo vice-presidente do Legislativo, Fabr\u00edcio Mazotti (Podemos). A sess\u00e3o se estendeu por mais de 4 horas e resultou na aprova\u00e7\u00e3o de investimentos significativos para o munic\u00edpio, totalizando mais de R$ &hellip;<\/p>\n","protected":false},"author":1,"featured_media":3708,"comment_status":"open","ping_status":"open","sticky":false,"template":"","format":"standard","meta":{"_jetpack_memberships_contains_paid_content":false,"footnotes":"","jetpack_publicize_message":"","jetpack_publicize_feature_enabled":true,"jetpack_social_post_already_shared":false,"jetpack_social_options":{"image_generator_settings":{"template":"highway","default_image_id":0,"enabled":false},"version":2}},"categories":[7],"tags":[],"class_list":["post-3707","post","type-post","status-publish","format-standard","has-post-thumbnail","hentry","category-politica"],"jetpack_publicize_connections":[],"jetpack_featured_media_url":"https:\/\/i0.wp.com\/www.paparazzinews.com.br\/wp-content\/uploads\/2023\/06\/ef01cddf-af49-4de7-a2a9-bbdc5aec6534.jpg?fit=1024%2C576&ssl=1","views":"3951","jetpack_likes_enabled":true,"jetpack_sharing_enabled":true,"_links":{"self":[{"href":"https:\/\/www.paparazzinews.com.br\/index.php?rest_route=\/wp\/v2\/posts\/3707","targetHints":{"allow":["GET"]}}],"collection":[{"href":"https:\/\/www.paparazzinews.com.br\/index.php?rest_route=\/wp\/v2\/posts"}],"about":[{"href":"https:\/\/www.paparazzinews.com.br\/index.php?rest_route=\/wp\/v2\/types\/post"}],"author":[{"embeddable":true,"href":"https:\/\/www.paparazzinews.com.br\/index.php?rest_route=\/wp\/v2\/users\/1"}],"replies":[{"embeddable":true,"href":"https:\/\/www.paparazzinews.com.br\/index.php?rest_route=%2Fwp%2Fv2%2Fcomments&post=3707"}],"version-history":[{"count":2,"href":"https:\/\/www.paparazzinews.com.br\/index.php?rest_route=\/wp\/v2\/posts\/3707\/revisions"}],"predecessor-version":[{"id":3713,"href":"https:\/\/www.paparazzinews.com.br\/index.php?rest_route=\/wp\/v2\/posts\/3707\/revisions\/3713"}],"wp:featuredmedia":[{"embeddable":true,"href":"https:\/\/www.paparazzinews.com.br\/index.php?rest_route=\/wp\/v2\/media\/3708"}],"wp:attachment":[{"href":"https:\/\/www.paparazzinews.com.br\/index.php?rest_route=%2Fwp%2Fv2%2Fmedia&parent=3707"}],"wp:term":[{"taxonomy":"category","embeddable":true,"href":"https:\/\/www.paparazzinews.com.br\/index.php?rest_route=%2Fwp%2Fv2%2Fcategories&post=3707"},{"taxonomy":"post_tag","embeddable":true,"href":"https:\/\/www.paparazzinews.com.br\/index.php?rest_route=%2Fwp%2Fv2%2Ftags&post=3707"}],"curies":[{"name":"wp","href":"https:\/\/api.w.org\/{rel}","templated":true}]}}