{"id":3698,"date":"2023-06-22T09:27:43","date_gmt":"2023-06-22T12:27:43","guid":{"rendered":"https:\/\/www.paparazzinews.com.br\/?p=3698"},"modified":"2023-06-22T09:27:44","modified_gmt":"2023-06-22T12:27:44","slug":"forca-tatica-apreende-adolescente-em-assentamento-de-andradina","status":"publish","type":"post","link":"https:\/\/www.paparazzinews.com.br\/?p=3698","title":{"rendered":"For\u00e7a T\u00e1tica apreende adolescente em assentamento de Andradina"},"content":{"rendered":"\n<p>Um adolescente considerado foragido da Justi\u00e7a, foi apreendido nesta quarta-feira (21), pela For\u00e7a T\u00e1tica da Pol\u00edcia Militar de Andradina (SP), em um assentamento.<\/p>\n\n\n\n<p>O Roni Paparazzi apurou que o jovem tinha contra si um mandado de pris\u00e3o, n\u00e3o foi revelado o crime que ele cometeu, a equipe policial ao tomar conhecimento foi para o endere\u00e7o onde fez a deten\u00e7\u00e3o do alvo.<\/p>\n\n\n\n<p>A ocorr\u00eancia foi apresentada na Pol\u00edcia Civil onde permaneceu \u00e0 disposi\u00e7\u00e3o da Justi\u00e7a.<\/p>\n\n\n\n<p><em><strong>Participe da comunidade do Canal Roni Paparazzi no Whatsapp\u00a0<\/strong>e receba as principais not\u00edcias do dia direto no\u00a0<strong>seu celular<\/strong>.\u00a0<a rel=\"noreferrer noopener\" href=\"https:\/\/chat.whatsapp.com\/GsG1XKo0jPOEfjzudWQcml\" target=\"_blank\">\u00a0Clique aqui e se inscreva.<\/a><\/em><\/p>\n","protected":false},"excerpt":{"rendered":"<p>Um adolescente considerado foragido da Justi\u00e7a, foi apreendido nesta quarta-feira (21), pela For\u00e7a T\u00e1tica da Pol\u00edcia Militar de Andradina (SP), em um assentamento. O Roni Paparazzi apurou que o jovem tinha contra si um mandado de pris\u00e3o, n\u00e3o foi revelado o crime que ele cometeu, a equipe policial ao tomar conhecimento foi para o endere\u00e7o &hellip;<\/p>\n","protected":false},"author":1,"featured_media":3699,"comment_status":"open","ping_status":"open","sticky":false,"template":"","format":"standard","meta":{"_jetpack_memberships_contains_paid_content":false,"footnotes":"","jetpack_publicize_message":"","jetpack_publicize_feature_enabled":true,"jetpack_social_post_already_shared":false,"jetpack_social_options":{"image_generator_settings":{"template":"highway","default_image_id":0,"enabled":false},"version":2}},"categories":[3],"tags":[],"class_list":["post-3698","post","type-post","status-publish","format-standard","has-post-thumbnail","hentry","category-policial"],"jetpack_publicize_connections":[],"jetpack_featured_media_url":"https:\/\/i0.wp.com\/www.paparazzinews.com.br\/wp-content\/uploads\/2023\/06\/73468815-1961-49e9-a31e-9b20c3f71d55-e1687436847768.jpg?fit=1000%2C450&ssl=1","views":"4307","jetpack_likes_enabled":true,"jetpack_sharing_enabled":true,"_links":{"self":[{"href":"https:\/\/www.paparazzinews.com.br\/index.php?rest_route=\/wp\/v2\/posts\/3698","targetHints":{"allow":["GET"]}}],"collection":[{"href":"https:\/\/www.paparazzinews.com.br\/index.php?rest_route=\/wp\/v2\/posts"}],"about":[{"href":"https:\/\/www.paparazzinews.com.br\/index.php?rest_route=\/wp\/v2\/types\/post"}],"author":[{"embeddable":true,"href":"https:\/\/www.paparazzinews.com.br\/index.php?rest_route=\/wp\/v2\/users\/1"}],"replies":[{"embeddable":true,"href":"https:\/\/www.paparazzinews.com.br\/index.php?rest_route=%2Fwp%2Fv2%2Fcomments&post=3698"}],"version-history":[{"count":1,"href":"https:\/\/www.paparazzinews.com.br\/index.php?rest_route=\/wp\/v2\/posts\/3698\/revisions"}],"predecessor-version":[{"id":3700,"href":"https:\/\/www.paparazzinews.com.br\/index.php?rest_route=\/wp\/v2\/posts\/3698\/revisions\/3700"}],"wp:featuredmedia":[{"embeddable":true,"href":"https:\/\/www.paparazzinews.com.br\/index.php?rest_route=\/wp\/v2\/media\/3699"}],"wp:attachment":[{"href":"https:\/\/www.paparazzinews.com.br\/index.php?rest_route=%2Fwp%2Fv2%2Fmedia&parent=3698"}],"wp:term":[{"taxonomy":"category","embeddable":true,"href":"https:\/\/www.paparazzinews.com.br\/index.php?rest_route=%2Fwp%2Fv2%2Fcategories&post=3698"},{"taxonomy":"post_tag","embeddable":true,"href":"https:\/\/www.paparazzinews.com.br\/index.php?rest_route=%2Fwp%2Fv2%2Ftags&post=3698"}],"curies":[{"name":"wp","href":"https:\/\/api.w.org\/{rel}","templated":true}]}}