{"id":3689,"date":"2023-06-22T08:45:47","date_gmt":"2023-06-22T11:45:47","guid":{"rendered":"https:\/\/www.paparazzinews.com.br\/?p=3689"},"modified":"2023-06-22T08:45:48","modified_gmt":"2023-06-22T11:45:48","slug":"cachorro-do-mato-aparece-pela-primeira-vez-na-area-urbana-de-castilho","status":"publish","type":"post","link":"https:\/\/www.paparazzinews.com.br\/?p=3689","title":{"rendered":"Cachorro do Mato aparece pela primeira vez na \u00e1rea urbana de Castilho"},"content":{"rendered":"\n<p>Um Cachorro do Mato foi resgatado de dentro de um com\u00e9rcio que revende \u00e1gua e g\u00e1s pela Brigada Municipal e o Corpo de Bombeiros nesta quarta-feira (21), no bairro Laranjeiras em Castilho (SP).<\/p>\n\n\n\n<p>O Roni Paparazzi apurou que o animal entrou assustado dentro do pr\u00e9dio comercial, ap\u00f3s ser capturado foi encaminhado para a Pol\u00edcia Ambiental da cidade, de acordo com relatos a unidade nunca tinha visto ou capturado essa esp\u00e9cie em \u00e1rea urbana. O mesmo foi deixado aos cuidados da Pol\u00edcia Ambiental, que dar\u00e1 destino seguro ao animal.<\/p>\n\n\n\n<h3 class=\"wp-block-heading\">Descri\u00e7\u00e3o f\u00edsica<\/h3>\n\n\n\n<p>\u00c9 o can\u00eddeo brasileiro mais bem conhecido. Cachorros-do-mato possuem uma colora\u00e7\u00e3o vari\u00e1vel, exibindo uma colora\u00e7\u00e3o de cinza e marrom, usualmente com tons de amarelo. As orelhas s\u00e3o curtas com tons avermelhados. A cauda \u00e9 relativamente longa com p\u00ealos longos tendendo a uma colora\u00e7\u00e3o preta.<\/p>\n\n\n\n<h3 class=\"wp-block-heading\">Ecologia e Habitat<\/h3>\n\n\n\n<p>\u00c9 amplamente distribu\u00eddo na Am\u00e9rica do Sul (excluindo a bacia Amaz\u00f4nica), desde o norte da Colombia at\u00e9 o norte da Argentina. Sua distribui\u00e7\u00e3o ocorre de costas a regi\u00f5es montanhosas (at\u00e9 3000 m) e esses can\u00eddeos normalmente habitam \u00e1reas abertas, campos e cerrados. \u00c9 um animal territorialista e pode ser observado em grupos compreendendo um casal mon\u00f3gamo de adultos e 1-5 filhotes. \u00c9 usualmente um ca\u00e7ador solit\u00e1rio e raramente ca\u00e7a em pares (Brady 1979).<\/p>\n\n\n\n<p>A dieta on\u00edvora varia dependendo da esta\u00e7\u00e3o e tipo de habitat mas geralmente incluem grandes propor\u00e7\u00f5es de frutos e pequenos mam\u00edferos, mas tamb\u00e9m podem ser encontrados artr\u00f3podes, aves, r\u00e9pteis e anf\u00edbios (Bueno &amp; Motta 2004; Facure &amp; Monteiro-Filho 1996; Facure et al. 2003; Gatti et al. 2006a; Gatti et al. 2006b; Montgomery &amp; Lubin 1978; Pedo et al. 2006; Rocha et al. 2008; Vasconcellos-Neto et al. 2009; Vieira &amp; Port 2007).<\/p>\n\n\n\n<h3 class=\"wp-block-heading\">Amea\u00e7as e conserva\u00e7\u00e3o<\/h3>\n\n\n\n<p>N\u00e3o existe prote\u00e7\u00e3o espec\u00edfica na legisla\u00e7\u00e3o para essa esp\u00e9cie em nenhum pa\u00eds e n\u00e3o h\u00e1 necessidade de medidas de prote\u00e7\u00e3o especificas atualmente. A principal amea\u00e7a potencial s\u00e3o doen\u00e7as transmitidas por c\u00e3es dom\u00e9sticos. No Parque Nacional da Serra da Canastra, Brasil, cachorros-do-mato se alimentam de lixo humano e ficam em contato com c\u00e3es dom\u00e9sticos n\u00e3o-vacinados ao longo dos limites do parque (R. Cunha de Paula comm. pess.). \u00c9 classificado pela IUCN (Uni\u00e3o Internacional para a Conserva\u00e7\u00e3o da Natureza) como uma esp\u00e9cie \u201cMenos preocupante\u201d.<\/p>\n\n\n\n<p><em><strong>Participe da comunidade do Canal Roni Paparazzi no Whatsapp\u00a0<\/strong>e receba as principais not\u00edcias do dia direto no\u00a0<strong>seu celular<\/strong>.\u00a0<a rel=\"noreferrer noopener\" href=\"https:\/\/chat.whatsapp.com\/GsG1XKo0jPOEfjzudWQcml\" target=\"_blank\">\u00a0Clique aqui e se inscreva.<\/a><\/em><\/p>\n","protected":false},"excerpt":{"rendered":"<p>Um Cachorro do Mato foi resgatado de dentro de um com\u00e9rcio que revende \u00e1gua e g\u00e1s pela Brigada Municipal e o Corpo de Bombeiros nesta quarta-feira (21), no bairro Laranjeiras em Castilho (SP). O Roni Paparazzi apurou que o animal entrou assustado dentro do pr\u00e9dio comercial, ap\u00f3s ser capturado foi encaminhado para a Pol\u00edcia Ambiental &hellip;<\/p>\n","protected":false},"author":1,"featured_media":3690,"comment_status":"open","ping_status":"open","sticky":false,"template":"","format":"standard","meta":{"_jetpack_memberships_contains_paid_content":false,"footnotes":"","jetpack_publicize_message":"","jetpack_publicize_feature_enabled":true,"jetpack_social_post_already_shared":false,"jetpack_social_options":{"image_generator_settings":{"template":"highway","default_image_id":0,"enabled":false},"version":2}},"categories":[3],"tags":[],"class_list":["post-3689","post","type-post","status-publish","format-standard","has-post-thumbnail","hentry","category-policial"],"jetpack_publicize_connections":[],"jetpack_featured_media_url":"https:\/\/i0.wp.com\/www.paparazzinews.com.br\/wp-content\/uploads\/2023\/06\/ecdd0fac-9cb8-4260-bbe6-705a0f1d0a30-e1687434337854.jpg?fit=1000%2C451&ssl=1","views":"4218","jetpack_likes_enabled":true,"jetpack_sharing_enabled":true,"_links":{"self":[{"href":"https:\/\/www.paparazzinews.com.br\/index.php?rest_route=\/wp\/v2\/posts\/3689","targetHints":{"allow":["GET"]}}],"collection":[{"href":"https:\/\/www.paparazzinews.com.br\/index.php?rest_route=\/wp\/v2\/posts"}],"about":[{"href":"https:\/\/www.paparazzinews.com.br\/index.php?rest_route=\/wp\/v2\/types\/post"}],"author":[{"embeddable":true,"href":"https:\/\/www.paparazzinews.com.br\/index.php?rest_route=\/wp\/v2\/users\/1"}],"replies":[{"embeddable":true,"href":"https:\/\/www.paparazzinews.com.br\/index.php?rest_route=%2Fwp%2Fv2%2Fcomments&post=3689"}],"version-history":[{"count":1,"href":"https:\/\/www.paparazzinews.com.br\/index.php?rest_route=\/wp\/v2\/posts\/3689\/revisions"}],"predecessor-version":[{"id":3691,"href":"https:\/\/www.paparazzinews.com.br\/index.php?rest_route=\/wp\/v2\/posts\/3689\/revisions\/3691"}],"wp:featuredmedia":[{"embeddable":true,"href":"https:\/\/www.paparazzinews.com.br\/index.php?rest_route=\/wp\/v2\/media\/3690"}],"wp:attachment":[{"href":"https:\/\/www.paparazzinews.com.br\/index.php?rest_route=%2Fwp%2Fv2%2Fmedia&parent=3689"}],"wp:term":[{"taxonomy":"category","embeddable":true,"href":"https:\/\/www.paparazzinews.com.br\/index.php?rest_route=%2Fwp%2Fv2%2Fcategories&post=3689"},{"taxonomy":"post_tag","embeddable":true,"href":"https:\/\/www.paparazzinews.com.br\/index.php?rest_route=%2Fwp%2Fv2%2Ftags&post=3689"}],"curies":[{"name":"wp","href":"https:\/\/api.w.org\/{rel}","templated":true}]}}