{"id":3680,"date":"2023-06-21T17:16:40","date_gmt":"2023-06-21T20:16:40","guid":{"rendered":"https:\/\/www.paparazzinews.com.br\/?p=3680"},"modified":"2023-06-21T17:16:41","modified_gmt":"2023-06-21T20:16:41","slug":"ar-condicionado-automotivo-vale-a-pena-usar-no-inverno","status":"publish","type":"post","link":"https:\/\/www.paparazzinews.com.br\/?p=3680","title":{"rendered":"Ar-condicionado automotivo: vale a pena usar no inverno?"},"content":{"rendered":"\n<p>Durante o ver\u00e3o brasileiro, o uso do ar-condicionado \u00e9 indispens\u00e1vel, mas surgem d\u00favidas quando as temperaturas caem. Embora seja \u00fatil tamb\u00e9m para desemba\u00e7ar os vidros em dias chuvosos ou extremamente \u00famidos e frios, o equipamento precisa de aten\u00e7\u00e3o especial o ano todo para evitar riscos ao ve\u00edculo e aos passageiros.<\/p>\n\n\n\n<p>Independentemente da temperatura, \u00e9 importante que o ar-condicionado seja utilizado pelo menos uma vez por semana. Todos os modelos, desde os mais antigos at\u00e9 os mais modernos, devem ser ligados por pelo menos cinco minutos semanalmente. \u201cIsso ajuda a prolongar a vida \u00fatil do aparelho, j\u00e1 que o g\u00e1s de resfriamento \u00e9 corrosivo e precisa circular pelas tubula\u00e7\u00f5es junto com um \u00f3leo para evitar a corros\u00e3o. Se o aparelho ficar desligado, esse \u00f3leo tamb\u00e9m fica parado e pode prejudicar o funcionamento do sistema\u201d, explica&nbsp;Mauro Cezar Candido, chefe de oficina da Ford Slaviero.<\/p>\n\n\n\n<p><strong>Manuten\u00e7\u00e3o em dia, mais conforto<\/strong><\/p>\n\n\n\n<p>Garantir mais conforto \u00e9 um dos principais objetivos do ar-condicionado, mas, para aproveit\u00e1-lo ao m\u00e1ximo, o motorista deve conhecer os detalhes e saber como utiliz\u00e1-lo da melhor maneira. H\u00e1 muitos mitos sobre o uso do ar quente, como gastar mais combust\u00edvel, proliferar fungos e bact\u00e9rias e causar mau cheiro. \u201cMuitos desses mitos n\u00e3o est\u00e3o relacionados ao aquecimento em si, mas ao uso inadequado ou excessivo do aparelho. O aumento de consumo de combust\u00edvel, por exemplo, ocorre ao se utilizar as temperaturas m\u00e1ximas, seja quente ou fria, ou ao deixar o ar ligado por muito tempo\u201d, esclarece&nbsp;Mauro, d\u00e1 dicas de como evitar esses problemas:<\/p>\n\n\n\n<ul class=\"wp-block-list\">\n<li>Trocar os filtros de ar a cada 10 mil km \u00e9 essencial para evitar a prolifera\u00e7\u00e3o de fungos, bact\u00e9rias e sujeiras que possam entrar no ve\u00edculo, especialmente para quem, eventualmente, circula em estradas de terra.<\/li>\n\n\n\n<li>Antes de chegar ao destino, desligue o ar e deixe a ventila\u00e7\u00e3o ligada. Isso ajuda a secar os dutos e evita mau cheiro no pr\u00f3ximo uso.<\/li>\n\n\n\n<li>Limpe o sistema por completo anualmente para evitar odores indesejados e ac\u00famulo de sujeira.<\/li>\n\n\n\n<li>Evite usar a recircula\u00e7\u00e3o por muito tempo para manter o calor interno. Abra as janelas de vez em quando para renovar o ar e garantir a entrada&nbsp; de oxig\u00eanio para os passageiros.<\/li>\n<\/ul>\n\n\n\n<p><strong>Modelos e novidades<\/strong><\/p>\n\n\n\n<p>O ar-condicionado, que antes era opcional, agora \u00e9 um item obrigat\u00f3rio nos ve\u00edculos atuais e varia de acordo com a tecnologia utilizada. A linha Ford&nbsp;Ranger, por&nbsp;exemplo, oferece aparelhos de alta tecnologia totalmente autom\u00e1ticos e digitais, que regulam a temperatura do ambiente com precis\u00e3o de acordo com a escolha do usu\u00e1rio. Essa funcionalidade evita que o passageiro precise regular a temperatura ideal v\u00e1rias vezes e identifica os ventiladores mais adequados para cada situa\u00e7\u00e3o.<\/p>\n\n\n\n<p>Alguns modelos mais b\u00e1sicos, combinam a funcionalidade digital com a anal\u00f3gica, garantindo a estabilidade da temperatura no interior do ve\u00edculo por meio de bot\u00f5es de regulagem girat\u00f3rios e um&nbsp;<em>display<\/em>&nbsp;digital de informa\u00e7\u00f5es.<\/p>\n\n\n\n<p><strong><em>Sobre a Ford Slaviero<\/em><\/strong><\/p>\n\n\n\n<p><em>H\u00e1 quase 80 anos no mercado automotivo, a Ford Slaviero \u00e9 uma das concession\u00e1rias de ve\u00edculos mais tradicionais e s\u00f3lidas do mercado, sendo revenda Ford com maior tempo de mercado em Curitiba. Os clientes podem contar com as facilidades oferecidas no com\u00e9rcio de ve\u00edculos 0km, seminovos multimarcas, pe\u00e7as e servi\u00e7os especializados. Mais informa\u00e7\u00f5es:<\/em><a href=\"https:\/\/www.fordslaviero.com.br\/\" target=\"_blank\" rel=\"noreferrer noopener\">&nbsp;<em>fordslaviero.com.br<\/em><\/a>.<\/p>\n\n\n\n<p><em><strong>Participe da comunidade do Canal Roni Paparazzi no Whatsapp\u00a0<\/strong>e receba as principais not\u00edcias do dia direto no\u00a0<strong>seu celular<\/strong>.\u00a0<a rel=\"noreferrer noopener\" href=\"https:\/\/chat.whatsapp.com\/GsG1XKo0jPOEfjzudWQcml\" target=\"_blank\">\u00a0Clique aqui e se inscreva.<\/a><\/em><\/p>\n","protected":false},"excerpt":{"rendered":"<p>Durante o ver\u00e3o brasileiro, o uso do ar-condicionado \u00e9 indispens\u00e1vel, mas surgem d\u00favidas quando as temperaturas caem. Embora seja \u00fatil tamb\u00e9m para desemba\u00e7ar os vidros em dias chuvosos ou extremamente \u00famidos e frios, o equipamento precisa de aten\u00e7\u00e3o especial o ano todo para evitar riscos ao ve\u00edculo e aos passageiros. Independentemente da temperatura, \u00e9 importante &hellip;<\/p>\n","protected":false},"author":1,"featured_media":3681,"comment_status":"open","ping_status":"open","sticky":false,"template":"","format":"standard","meta":{"_jetpack_memberships_contains_paid_content":false,"footnotes":"","jetpack_publicize_message":"","jetpack_publicize_feature_enabled":true,"jetpack_social_post_already_shared":false,"jetpack_social_options":{"image_generator_settings":{"template":"highway","default_image_id":0,"enabled":false},"version":2}},"categories":[4],"tags":[],"class_list":["post-3680","post","type-post","status-publish","format-standard","has-post-thumbnail","hentry","category-regiao"],"jetpack_publicize_connections":[],"jetpack_featured_media_url":"https:\/\/i0.wp.com\/www.paparazzinews.com.br\/wp-content\/uploads\/2023\/06\/image-of-car-air-conditioning-2022-11-01-02-07-51-utc.jpg?fit=1024%2C683&ssl=1","views":"4845","jetpack_likes_enabled":true,"jetpack_sharing_enabled":true,"_links":{"self":[{"href":"https:\/\/www.paparazzinews.com.br\/index.php?rest_route=\/wp\/v2\/posts\/3680","targetHints":{"allow":["GET"]}}],"collection":[{"href":"https:\/\/www.paparazzinews.com.br\/index.php?rest_route=\/wp\/v2\/posts"}],"about":[{"href":"https:\/\/www.paparazzinews.com.br\/index.php?rest_route=\/wp\/v2\/types\/post"}],"author":[{"embeddable":true,"href":"https:\/\/www.paparazzinews.com.br\/index.php?rest_route=\/wp\/v2\/users\/1"}],"replies":[{"embeddable":true,"href":"https:\/\/www.paparazzinews.com.br\/index.php?rest_route=%2Fwp%2Fv2%2Fcomments&post=3680"}],"version-history":[{"count":1,"href":"https:\/\/www.paparazzinews.com.br\/index.php?rest_route=\/wp\/v2\/posts\/3680\/revisions"}],"predecessor-version":[{"id":3682,"href":"https:\/\/www.paparazzinews.com.br\/index.php?rest_route=\/wp\/v2\/posts\/3680\/revisions\/3682"}],"wp:featuredmedia":[{"embeddable":true,"href":"https:\/\/www.paparazzinews.com.br\/index.php?rest_route=\/wp\/v2\/media\/3681"}],"wp:attachment":[{"href":"https:\/\/www.paparazzinews.com.br\/index.php?rest_route=%2Fwp%2Fv2%2Fmedia&parent=3680"}],"wp:term":[{"taxonomy":"category","embeddable":true,"href":"https:\/\/www.paparazzinews.com.br\/index.php?rest_route=%2Fwp%2Fv2%2Fcategories&post=3680"},{"taxonomy":"post_tag","embeddable":true,"href":"https:\/\/www.paparazzinews.com.br\/index.php?rest_route=%2Fwp%2Fv2%2Ftags&post=3680"}],"curies":[{"name":"wp","href":"https:\/\/api.w.org\/{rel}","templated":true}]}}