{"id":3653,"date":"2023-06-20T18:06:14","date_gmt":"2023-06-20T21:06:14","guid":{"rendered":"https:\/\/www.paparazzinews.com.br\/?p=3653"},"modified":"2023-06-20T18:06:15","modified_gmt":"2023-06-20T21:06:15","slug":"gestores-da-sanesul-visitaram-instalacoes-da-aguas-andradina-como-referencia","status":"publish","type":"post","link":"https:\/\/www.paparazzinews.com.br\/?p=3653","title":{"rendered":"Gestores da Sanesul visitaram instala\u00e7\u00f5es da \u00c1guas Andradina como refer\u00eancia"},"content":{"rendered":"\n<p>No in\u00edcio de junho, representantes da \u00c1guas Andradina, empresa do grupo Igu\u00e1 Saneamento e Sabesp, receberam a visita t\u00e9cnica de Madson Roberto Pereira Valente, diretor Comercial e de Opera\u00e7\u00f5es, Elthon Santos Teixeira, &nbsp;gerente de Desenvolvimento Operacional, Ubirajara Marcheti, gerente de Manuten\u00e7\u00e3o, Adilson da Silva Bahia, gerente regional e Alfredo Ant\u00f4nio de Oliveira, coordenador t\u00e9cnico Regional, gestores da Sanesul &#8211; Empresa de Saneamento do Estado de Mato Grosso do Sul.<\/p>\n\n\n\n<p>Segundo o gerente operacional da concession\u00e1ria, Matheus Felipe Silva, o objetivo da visita foi conhecer de perto os reservat\u00f3rios flex\u00edveis de fabrica\u00e7\u00e3o francesa, uma inova\u00e7\u00e3o no setor de saneamento no Brasil. Esses equipamentos, instalados nos sistemas Bandeirantes, Jardim Europa, Jardim das \u00c1guas e Vila Mineira, s\u00e3o feitos com materiais de alta resist\u00eancia.&nbsp; Al\u00e9m disso, s\u00e3o sistemas m\u00f3veis, que podem ser desmontados e retirados do local, sem a necessidade de grandes estruturas fixas e sem impacto ambiental \u00e0 regi\u00e3o.<\/p>\n\n\n\n<p>\u201cEsse tipo de a\u00e7\u00e3o de<em>&nbsp;benchmarking<\/em>&nbsp;\u00e9 muito importante dentro do nosso setor de saneamento para trocarmos experi\u00eancias com outras companhias e realizar an\u00e1lises profundas sobre novidades em tecnologia e solu\u00e7\u00f5es, por isso estamos sempre abertos para receber visitas e mostrar os avan\u00e7os implantados nos servi\u00e7os de \u00e1gua e esgoto de Andradina\u201d, explica.<\/p>\n\n\n\n<p><strong>*Refer\u00eancia em tecnologia para controle operacional*<\/strong><\/p>\n\n\n\n<p>Al\u00e9m dos reservat\u00f3rios, os visitantes tamb\u00e9m conheceram o Centro de Controle Operacional (CCO).&nbsp; Com oito telas de 50 polegadas, atualiza\u00e7\u00e3o de dados em tempo real e funcionamento 24 horas por dia, sete dias por semana, essa central \u00e9 o \u201cc\u00e9rebro\u201d da \u00c1guas Andradina e \u00c1guas Castilho e \u00c1guas Castilho por gerar dados em tempo real e hist\u00f3ricos de par\u00e2metros operacionais das redes como vaz\u00e3o, press\u00e3o, consumo de energia, n\u00edveis de reservat\u00f3rios e funcionamento das esta\u00e7\u00f5es elevat\u00f3rias e de tratamento de esgoto.<\/p>\n\n\n\n<p>Com o uso de t\u00e9cnicas de intelig\u00eancia artificial, o CCO&nbsp;possibilita identificar altera\u00e7\u00e3o de press\u00e3o em um determinado ponto estrat\u00e9gico da rede de abastecimento de \u00e1gua, por exemplo. \u201cQuando isso acontece, a tomada de decis\u00e3o \u00e9 imediata para realizar as melhorias necess\u00e1rias. Antes, o tempo estimado para monitorar todo o sistema era de&nbsp;at\u00e9 12 horas, hoje \u00e9 poss\u00edvel enxergar tudo em tempo real, reduzindo o tempo de resposta quando houver algum problema, minimizando assim os impactos das manuten\u00e7\u00f5es para os nossos clientes\u201d, explica Matheus.<\/p>\n\n\n\n<p>Saiba mais sobre as not\u00edcias da \u00c1guas Andradina no site\u00a0<a rel=\"noreferrer noopener\" href=\"https:\/\/protect.checkpoint.com\/v2\/___http:\/www.igua.com.br\/andradina___.YzJ1OmlndWFzYW5lYW1lbnRvOmM6bzo1MWQ0NmMxOWVhZjJlZjczN2UzYmVmMTg3OGQxY2UwOTo2OmU2YTk6NzhkYjU2NmY0YmYyOTk1M2NlMGI3YTAyNGFmMzczMDBmN2QzNTk3MGEzMDcxODlhZDZiYjVmYWM0OWY2M2E1OTpoOkY\" target=\"_blank\">www.igua.com.br\/andradina<\/a>.<\/p>\n\n\n\n<p><em><strong>Participe da comunidade do Canal Roni Paparazzi no Whatsapp <\/strong>e receba as principais not\u00edcias do dia direto no <strong>seu celular<\/strong>.\u00a0<a rel=\"noreferrer noopener\" href=\"https:\/\/chat.whatsapp.com\/GsG1XKo0jPOEfjzudWQcml\" target=\"_blank\">\u00a0Clique aqui e se inscreva.<\/a><\/em><\/p>\n","protected":false},"excerpt":{"rendered":"<p>No in\u00edcio de junho, representantes da \u00c1guas Andradina, empresa do grupo Igu\u00e1 Saneamento e Sabesp, receberam a visita t\u00e9cnica de Madson Roberto Pereira Valente, diretor Comercial e de Opera\u00e7\u00f5es, Elthon Santos Teixeira, &nbsp;gerente de Desenvolvimento Operacional, Ubirajara Marcheti, gerente de Manuten\u00e7\u00e3o, Adilson da Silva Bahia, gerente regional e Alfredo Ant\u00f4nio de Oliveira, coordenador t\u00e9cnico Regional, &hellip;<\/p>\n","protected":false},"author":1,"featured_media":3654,"comment_status":"open","ping_status":"open","sticky":false,"template":"","format":"standard","meta":{"_jetpack_memberships_contains_paid_content":false,"footnotes":"","jetpack_publicize_message":"","jetpack_publicize_feature_enabled":true,"jetpack_social_post_already_shared":false,"jetpack_social_options":{"image_generator_settings":{"template":"highway","default_image_id":0,"enabled":false},"version":2}},"categories":[4],"tags":[],"class_list":["post-3653","post","type-post","status-publish","format-standard","has-post-thumbnail","hentry","category-regiao"],"jetpack_publicize_connections":[],"jetpack_featured_media_url":"https:\/\/i0.wp.com\/www.paparazzinews.com.br\/wp-content\/uploads\/2023\/06\/Gestores-da-Sanesul-visitaram-instalacoes-da-Aguas-Andradina-e1687295144236.jpeg?fit=1000%2C606&ssl=1","views":"4673","jetpack_likes_enabled":true,"jetpack_sharing_enabled":true,"_links":{"self":[{"href":"https:\/\/www.paparazzinews.com.br\/index.php?rest_route=\/wp\/v2\/posts\/3653","targetHints":{"allow":["GET"]}}],"collection":[{"href":"https:\/\/www.paparazzinews.com.br\/index.php?rest_route=\/wp\/v2\/posts"}],"about":[{"href":"https:\/\/www.paparazzinews.com.br\/index.php?rest_route=\/wp\/v2\/types\/post"}],"author":[{"embeddable":true,"href":"https:\/\/www.paparazzinews.com.br\/index.php?rest_route=\/wp\/v2\/users\/1"}],"replies":[{"embeddable":true,"href":"https:\/\/www.paparazzinews.com.br\/index.php?rest_route=%2Fwp%2Fv2%2Fcomments&post=3653"}],"version-history":[{"count":1,"href":"https:\/\/www.paparazzinews.com.br\/index.php?rest_route=\/wp\/v2\/posts\/3653\/revisions"}],"predecessor-version":[{"id":3655,"href":"https:\/\/www.paparazzinews.com.br\/index.php?rest_route=\/wp\/v2\/posts\/3653\/revisions\/3655"}],"wp:featuredmedia":[{"embeddable":true,"href":"https:\/\/www.paparazzinews.com.br\/index.php?rest_route=\/wp\/v2\/media\/3654"}],"wp:attachment":[{"href":"https:\/\/www.paparazzinews.com.br\/index.php?rest_route=%2Fwp%2Fv2%2Fmedia&parent=3653"}],"wp:term":[{"taxonomy":"category","embeddable":true,"href":"https:\/\/www.paparazzinews.com.br\/index.php?rest_route=%2Fwp%2Fv2%2Fcategories&post=3653"},{"taxonomy":"post_tag","embeddable":true,"href":"https:\/\/www.paparazzinews.com.br\/index.php?rest_route=%2Fwp%2Fv2%2Ftags&post=3653"}],"curies":[{"name":"wp","href":"https:\/\/api.w.org\/{rel}","templated":true}]}}