{"id":363,"date":"2022-07-25T14:25:15","date_gmt":"2022-07-25T17:25:15","guid":{"rendered":"https:\/\/www.paparazzinews.com.br\/?p=363"},"modified":"2022-07-25T14:25:16","modified_gmt":"2022-07-25T17:25:16","slug":"sinalizacoes-sao-reforcadas-em-andradina-nas-passagens-de-nivel","status":"publish","type":"post","link":"https:\/\/www.paparazzinews.com.br\/?p=363","title":{"rendered":"Sinaliza\u00e7\u00f5es s\u00e3o refor\u00e7adas em Andradina nas passagens de n\u00edvel"},"content":{"rendered":"\n<p>Com o objetivo de garantir a circula\u00e7\u00e3o segura para ve\u00edculos e pedestres nas passagens sobre a ferrovia no per\u00edmetro urbano de Andradina, a Secretaria de Obras est\u00e1 realizando o refor\u00e7o da sinaliza\u00e7\u00e3o de solo e de placas de tr\u00e2nsito nos principais cruzamentos da linha f\u00e9rrea.<\/p>\n\n\n\n<p>O trabalho teve in\u00edcio ap\u00f3s, a decis\u00e3o da Prefeitura de desativar as guaritas e cancelas nas passagens de n\u00edvel da cidade. O objetivo do trabalho \u00e9 mostrar aos condutores a necessidade da parada obrigat\u00f3ria e aten\u00e7\u00e3o nas passagens de n\u00edvel. A orienta\u00e7\u00e3o \u00e9 para que os motoristas obede\u00e7am a sinaliza\u00e7\u00e3o da via e reduzam a velocidade para garantir uma passagem segura nos cruzamentos.<\/p>\n\n\n\n<p>Na \u00faltima semana a prefeitura demoliu a guarita existente na passagem de n\u00edvel na conex\u00e3o entre a Avenida Guanabara e rua Rodrigues Alves. A demoli\u00e7\u00e3o, das estruturas \u00e9 uma recomenda\u00e7\u00e3o para que o s motoristas possam ter mais visibilidade na hora de transpor a linha de trem.<br>A demoli\u00e7\u00e3o da cancela tamb\u00e9m significa que os tr\u00eas turnos de vigias ser\u00e3o remanejados para outros setores da administra\u00e7\u00e3o p\u00fablica. Segundo Lima Augusto, o patrim\u00f4nio p\u00fablico vem sendo alvo de diversos ataques de v\u00e2ndalos que n\u00e3o s\u00e3o evitados pela falta de guardas municipais que, em sua grande totalidade est\u00e3o envolvidos com a seguran\u00e7a nas passagens de n\u00edvel.<\/p>\n\n\n\n<p>Lei<br>O C\u00f3digo de Tr\u00e2nsito Brasileiro, em seu artigo 212, prev\u00ea que o descumprimento da parada obrigat\u00f3ria ao cruzar a linha f\u00e9rrea \u00e9 infra\u00e7\u00e3o grav\u00edssima, com 7 pontos na carteira e multa. Por isso todos devem ficar atentos e colaborar.<\/p>\n\n\n\n<p>Lima Augusto acredita que vale ressaltar, mais uma vez, que \u00e9 necess\u00e1rio aten\u00e7\u00e3o e cumprimento das leis de tr\u00e2nsito ao fazer a travessia da via f\u00e9rrea. \u201cObedecer a sinaliza\u00e7\u00e3o \u00e9 fundamental para a seguran\u00e7a da popula\u00e7\u00e3o\u201d, disse.<\/p>\n","protected":false},"excerpt":{"rendered":"<p>Com o objetivo de garantir a circula\u00e7\u00e3o segura para ve\u00edculos e pedestres nas passagens sobre a ferrovia no per\u00edmetro urbano de Andradina, a Secretaria de Obras est\u00e1 realizando o refor\u00e7o da sinaliza\u00e7\u00e3o de solo e de placas de tr\u00e2nsito nos principais cruzamentos da linha f\u00e9rrea. O trabalho teve in\u00edcio ap\u00f3s, a decis\u00e3o da Prefeitura de &hellip;<\/p>\n","protected":false},"author":1,"featured_media":364,"comment_status":"open","ping_status":"open","sticky":false,"template":"","format":"standard","meta":{"_jetpack_memberships_contains_paid_content":false,"footnotes":"","jetpack_publicize_message":"","jetpack_publicize_feature_enabled":true,"jetpack_social_post_already_shared":false,"jetpack_social_options":{"image_generator_settings":{"template":"highway","default_image_id":0,"enabled":false},"version":2}},"categories":[4],"tags":[],"class_list":["post-363","post","type-post","status-publish","format-standard","has-post-thumbnail","hentry","category-regiao"],"jetpack_publicize_connections":[],"jetpack_featured_media_url":"https:\/\/i0.wp.com\/www.paparazzinews.com.br\/wp-content\/uploads\/2022\/07\/1a65f9d7-5f73-4b30-b71f-7eaae75696e1-e1658769904746.jpg?fit=1000%2C666&ssl=1","views":"4097","jetpack_likes_enabled":true,"jetpack_sharing_enabled":true,"_links":{"self":[{"href":"https:\/\/www.paparazzinews.com.br\/index.php?rest_route=\/wp\/v2\/posts\/363","targetHints":{"allow":["GET"]}}],"collection":[{"href":"https:\/\/www.paparazzinews.com.br\/index.php?rest_route=\/wp\/v2\/posts"}],"about":[{"href":"https:\/\/www.paparazzinews.com.br\/index.php?rest_route=\/wp\/v2\/types\/post"}],"author":[{"embeddable":true,"href":"https:\/\/www.paparazzinews.com.br\/index.php?rest_route=\/wp\/v2\/users\/1"}],"replies":[{"embeddable":true,"href":"https:\/\/www.paparazzinews.com.br\/index.php?rest_route=%2Fwp%2Fv2%2Fcomments&post=363"}],"version-history":[{"count":1,"href":"https:\/\/www.paparazzinews.com.br\/index.php?rest_route=\/wp\/v2\/posts\/363\/revisions"}],"predecessor-version":[{"id":365,"href":"https:\/\/www.paparazzinews.com.br\/index.php?rest_route=\/wp\/v2\/posts\/363\/revisions\/365"}],"wp:featuredmedia":[{"embeddable":true,"href":"https:\/\/www.paparazzinews.com.br\/index.php?rest_route=\/wp\/v2\/media\/364"}],"wp:attachment":[{"href":"https:\/\/www.paparazzinews.com.br\/index.php?rest_route=%2Fwp%2Fv2%2Fmedia&parent=363"}],"wp:term":[{"taxonomy":"category","embeddable":true,"href":"https:\/\/www.paparazzinews.com.br\/index.php?rest_route=%2Fwp%2Fv2%2Fcategories&post=363"},{"taxonomy":"post_tag","embeddable":true,"href":"https:\/\/www.paparazzinews.com.br\/index.php?rest_route=%2Fwp%2Fv2%2Ftags&post=363"}],"curies":[{"name":"wp","href":"https:\/\/api.w.org\/{rel}","templated":true}]}}