{"id":3629,"date":"2023-06-20T16:11:58","date_gmt":"2023-06-20T19:11:58","guid":{"rendered":"https:\/\/www.paparazzinews.com.br\/?p=3629"},"modified":"2023-06-20T16:27:44","modified_gmt":"2023-06-20T19:27:44","slug":"comerciante-de-andradina-vai-a-juri-acusado-de-matar-casal-em-discussao-de-divida-em-2011","status":"publish","type":"post","link":"https:\/\/www.paparazzinews.com.br\/?p=3629","title":{"rendered":"Comerciante de Andradina vai a j\u00fari acusado de matar casal em discuss\u00e3o de d\u00edvida em 2011"},"content":{"rendered":"\n<p>O Tribunal do J\u00fari de Andradina se re\u00fane nesta quarta-feira (21), a partir das 9h, para julgar o comerciante Waldiney Nunes Pereira, de 42 anos, acusado de matar o motorista Jeferson Henrique dos Santos Ribeiro, aos 25 anos, e sua mulher, Mirian Aparecida Alves, no dia 6 de novembro de 2011, na rua Xavier de Macedo, Bairro Bela Vista, em Andradina.<\/p>\n\n\n\n<p>&nbsp;&nbsp;&nbsp;&nbsp;&nbsp;&nbsp;&nbsp;&nbsp;&nbsp;&nbsp;&nbsp; Conforme a den\u00fancia da Promotoria, o acusado era dono, na \u00e9poca, do \u201cMercado Super Primos\u201d, onde as v\u00edtimas deviam aproximadamente R$ 220,00. <\/p>\n\n\n\n<p>&nbsp;&nbsp;&nbsp;&nbsp;&nbsp;&nbsp;&nbsp;&nbsp;&nbsp;&nbsp;&nbsp; Num certo dia, Waldiney se recusou a vender cerveja para um parente das v\u00edtimas e ficou com o seu dinheiro, a fim de abater da d\u00edvida de Jeferson. Tamb\u00e9m avisou que n\u00e3o venderia mais nada \u00e0 fam\u00edlia, o que acirrou os \u00e2nimos com Jeferson.<\/p>\n\n\n\n<p>&nbsp;&nbsp;&nbsp;&nbsp;&nbsp;&nbsp;&nbsp;&nbsp;&nbsp;&nbsp;&nbsp; No dia dos fatos, houve uma discuss\u00e3o e Waldiney atirou, acertando Jeferson e Mirian, ent\u00e3o com 23 anos. Ele morreu na mesma data, e ela chegou a ser internada na Santa Casa de Ara\u00e7atuba em decorr\u00eancia dos tiros, mas n\u00e3o resistiu um dia ap\u00f3s ser ferida.<\/p>\n\n\n\n<p>\u00a0\u00a0\u00a0\u00a0\u00a0\u00a0\u00a0\u00a0\u00a0\u00a0\u00a0 O Minist\u00e9rio P\u00fablico chegou \u00e0 conclus\u00e3o de que o r\u00e9u praticou o crime por causa da d\u00edvida.<\/p>\n\n\n\n<p><em>Participe da comunidade do Canal Roni Paparazzi no Whatsapp e receba as principais not\u00edcias do dia direto no seu celular.\u00a0<a rel=\"noreferrer noopener\" href=\"https:\/\/chat.whatsapp.com\/GsG1XKo0jPOEfjzudWQcml\" data-type=\"URL\" data-id=\"https:\/\/chat.whatsapp.com\/GsG1XKo0jPOEfjzudWQcml\" target=\"_blank\">\u00a0Clique aqui e se inscreva.<\/a><\/em><\/p>\n","protected":false},"excerpt":{"rendered":"<p>O Tribunal do J\u00fari de Andradina se re\u00fane nesta quarta-feira (21), a partir das 9h, para julgar o comerciante Waldiney Nunes Pereira, de 42 anos, acusado de matar o motorista Jeferson Henrique dos Santos Ribeiro, aos 25 anos, e sua mulher, Mirian Aparecida Alves, no dia 6 de novembro de 2011, na rua Xavier de &hellip;<\/p>\n","protected":false},"author":1,"featured_media":3630,"comment_status":"open","ping_status":"open","sticky":false,"template":"","format":"standard","meta":{"_jetpack_memberships_contains_paid_content":false,"footnotes":"","jetpack_publicize_message":"","jetpack_publicize_feature_enabled":true,"jetpack_social_post_already_shared":false,"jetpack_social_options":{"image_generator_settings":{"template":"highway","default_image_id":0,"enabled":false},"version":2}},"categories":[3],"tags":[],"class_list":["post-3629","post","type-post","status-publish","format-standard","has-post-thumbnail","hentry","category-policial"],"jetpack_publicize_connections":[],"jetpack_featured_media_url":"https:\/\/i0.wp.com\/www.paparazzinews.com.br\/wp-content\/uploads\/2023\/06\/IMG_2573.jpg?fit=1024%2C683&ssl=1","views":"7001","jetpack_likes_enabled":true,"jetpack_sharing_enabled":true,"_links":{"self":[{"href":"https:\/\/www.paparazzinews.com.br\/index.php?rest_route=\/wp\/v2\/posts\/3629","targetHints":{"allow":["GET"]}}],"collection":[{"href":"https:\/\/www.paparazzinews.com.br\/index.php?rest_route=\/wp\/v2\/posts"}],"about":[{"href":"https:\/\/www.paparazzinews.com.br\/index.php?rest_route=\/wp\/v2\/types\/post"}],"author":[{"embeddable":true,"href":"https:\/\/www.paparazzinews.com.br\/index.php?rest_route=\/wp\/v2\/users\/1"}],"replies":[{"embeddable":true,"href":"https:\/\/www.paparazzinews.com.br\/index.php?rest_route=%2Fwp%2Fv2%2Fcomments&post=3629"}],"version-history":[{"count":2,"href":"https:\/\/www.paparazzinews.com.br\/index.php?rest_route=\/wp\/v2\/posts\/3629\/revisions"}],"predecessor-version":[{"id":3636,"href":"https:\/\/www.paparazzinews.com.br\/index.php?rest_route=\/wp\/v2\/posts\/3629\/revisions\/3636"}],"wp:featuredmedia":[{"embeddable":true,"href":"https:\/\/www.paparazzinews.com.br\/index.php?rest_route=\/wp\/v2\/media\/3630"}],"wp:attachment":[{"href":"https:\/\/www.paparazzinews.com.br\/index.php?rest_route=%2Fwp%2Fv2%2Fmedia&parent=3629"}],"wp:term":[{"taxonomy":"category","embeddable":true,"href":"https:\/\/www.paparazzinews.com.br\/index.php?rest_route=%2Fwp%2Fv2%2Fcategories&post=3629"},{"taxonomy":"post_tag","embeddable":true,"href":"https:\/\/www.paparazzinews.com.br\/index.php?rest_route=%2Fwp%2Fv2%2Ftags&post=3629"}],"curies":[{"name":"wp","href":"https:\/\/api.w.org\/{rel}","templated":true}]}}