{"id":3623,"date":"2023-06-20T15:05:54","date_gmt":"2023-06-20T18:05:54","guid":{"rendered":"https:\/\/www.paparazzinews.com.br\/?p=3623"},"modified":"2023-06-20T15:05:54","modified_gmt":"2023-06-20T18:05:54","slug":"estudantes-do-armel-miranda-realizam-visita-tecnica-a-camara-de-vereadores-de-castilho","status":"publish","type":"post","link":"https:\/\/www.paparazzinews.com.br\/?p=3623","title":{"rendered":"Estudantes do Armel Miranda realizam visita t\u00e9cnica \u00e0 C\u00e2mara de Vereadores de Castilho"},"content":{"rendered":"\n<p>Na \u00faltima semana, um grupo de alunos da escola estadual Armel Miranda  de Castilho participou de uma atividade extra-sala de aula em visita a C\u00e2mara de Vereadores. Integrantes da eletiva \u201cDo Direito ao Direito\u201d, os alunos foram conhecer de perto a import\u00e2ncia da Casa Legislativa, bem como o papel dos que atuam dentro dela.<\/p>\n\n\n\n<p>A eletiva \u00e9 ministrada pelos professores Pablo Afonso Silva e Robson Ferreira Dias. Na ocasi\u00e3o, todos foram prontamente acolhidos pelos servidores na \u201cCasa do Povo\u201d. O assessor t\u00e9cnico legislativo Anderson da Silva conduziu e explanou aos estudantes acerca da estrutura e do funcionamento da C\u00e2mara Municipal.<\/p>\n\n\n\n<p>\u201cEle nos mostrou desde os espa\u00e7os f\u00edsicos aos setores como: Plen\u00e1ria, secretaria, jur\u00eddico, assessoria, inform\u00e1tica, gabinete do presidente Ailton Pereira de Souza e dos demais vereadores\u201d, explicou o professor Pablo.<\/p>\n\n\n\n<p>Durante a visita aos gabinetes, o grupo encontrou com o vereador Albecyr Pedro da Silva (PODEMOS). Receptivo, Albecyr interagiu com os alunos e compartilhou seu estilo de trabalho, os deveres que se exige o cargo e falou da import\u00e2ncia de haver harmonia entre os poderes Executivo e Legislativo. Segundo o professor Pablo, \u00e9 fundamental a compreens\u00e3o do funcionamento dos Poderes Executivo, Legislativo e Judici\u00e1rio dentro da sociedade. \u201cPor isso, \u00e9 importante que os alunos tenham uma base s\u00f3lida sobre as principais caracter\u00edsticas do Legislativo Municipal\u201d, destacou.<\/p>\n\n\n\n<p>Para o professor Robson, \u00e9 louv\u00e1vel fomentar a contribui\u00e7\u00e3o para forma\u00e7\u00e3o da cidadania e participa\u00e7\u00e3o pol\u00edtica da juventude castilhenses. \u201cEssa casa de leis apresenta-se disposta e acolhedora para as demandas gerais e contribui\u00e7\u00f5es pertinentes \u00e0 educa\u00e7\u00e3o\u2026[\u2026] Me chamou aten\u00e7\u00e3o, diferente de outras c\u00e2maras municipais, o fato dos vereadores n\u00e3o terem assessores individuais, e sim uma pequena equipe de assessores (6)\u201d conclui o professor.<\/p>\n","protected":false},"excerpt":{"rendered":"<p>Na \u00faltima semana, um grupo de alunos da escola estadual Armel Miranda de Castilho participou de uma atividade extra-sala de aula em visita a C\u00e2mara de Vereadores. Integrantes da eletiva \u201cDo Direito ao Direito\u201d, os alunos foram conhecer de perto a import\u00e2ncia da Casa Legislativa, bem como o papel dos que atuam dentro dela. A &hellip;<\/p>\n","protected":false},"author":1,"featured_media":3624,"comment_status":"open","ping_status":"open","sticky":false,"template":"","format":"standard","meta":{"_jetpack_memberships_contains_paid_content":false,"footnotes":"","jetpack_publicize_message":"","jetpack_publicize_feature_enabled":true,"jetpack_social_post_already_shared":false,"jetpack_social_options":{"image_generator_settings":{"template":"highway","default_image_id":0,"enabled":false},"version":2}},"categories":[6],"tags":[],"class_list":["post-3623","post","type-post","status-publish","format-standard","has-post-thumbnail","hentry","category-entretenimento"],"jetpack_publicize_connections":[],"jetpack_featured_media_url":"https:\/\/i0.wp.com\/www.paparazzinews.com.br\/wp-content\/uploads\/2023\/06\/241865e1-a1bc-4134-b486-0513ef792192-e1687284335606.jpg?fit=1000%2C493&ssl=1","views":"4560","jetpack_likes_enabled":true,"jetpack_sharing_enabled":true,"_links":{"self":[{"href":"https:\/\/www.paparazzinews.com.br\/index.php?rest_route=\/wp\/v2\/posts\/3623","targetHints":{"allow":["GET"]}}],"collection":[{"href":"https:\/\/www.paparazzinews.com.br\/index.php?rest_route=\/wp\/v2\/posts"}],"about":[{"href":"https:\/\/www.paparazzinews.com.br\/index.php?rest_route=\/wp\/v2\/types\/post"}],"author":[{"embeddable":true,"href":"https:\/\/www.paparazzinews.com.br\/index.php?rest_route=\/wp\/v2\/users\/1"}],"replies":[{"embeddable":true,"href":"https:\/\/www.paparazzinews.com.br\/index.php?rest_route=%2Fwp%2Fv2%2Fcomments&post=3623"}],"version-history":[{"count":1,"href":"https:\/\/www.paparazzinews.com.br\/index.php?rest_route=\/wp\/v2\/posts\/3623\/revisions"}],"predecessor-version":[{"id":3625,"href":"https:\/\/www.paparazzinews.com.br\/index.php?rest_route=\/wp\/v2\/posts\/3623\/revisions\/3625"}],"wp:featuredmedia":[{"embeddable":true,"href":"https:\/\/www.paparazzinews.com.br\/index.php?rest_route=\/wp\/v2\/media\/3624"}],"wp:attachment":[{"href":"https:\/\/www.paparazzinews.com.br\/index.php?rest_route=%2Fwp%2Fv2%2Fmedia&parent=3623"}],"wp:term":[{"taxonomy":"category","embeddable":true,"href":"https:\/\/www.paparazzinews.com.br\/index.php?rest_route=%2Fwp%2Fv2%2Fcategories&post=3623"},{"taxonomy":"post_tag","embeddable":true,"href":"https:\/\/www.paparazzinews.com.br\/index.php?rest_route=%2Fwp%2Fv2%2Ftags&post=3623"}],"curies":[{"name":"wp","href":"https:\/\/api.w.org\/{rel}","templated":true}]}}