{"id":3575,"date":"2023-06-19T14:31:22","date_gmt":"2023-06-19T17:31:22","guid":{"rendered":"https:\/\/www.paparazzinews.com.br\/?p=3575"},"modified":"2023-06-19T14:31:23","modified_gmt":"2023-06-19T17:31:23","slug":"iv-feira-de-sementes-crioulas-registra-forte-participacao-artistica-e-de-produtos-castilhenses","status":"publish","type":"post","link":"https:\/\/www.paparazzinews.com.br\/?p=3575","title":{"rendered":"IV Feira de Sementes Crioulas registra forte participa\u00e7\u00e3o art\u00edstica e de produtos castilhenses"},"content":{"rendered":"\n<p>Com forte presen\u00e7a do Governo de Castilho, a IV Feira de Sementes Crioulas promovida pela FEA &#8211; Funda\u00e7\u00e3o Educacional de Andradina, come\u00e7ou na manh\u00e3 deste s\u00e1bado (17) com uma ampla oferta de cursos, palestras, exposi\u00e7\u00f5es e, \u00e9 claro, a possibilidade de bons neg\u00f3cios.<\/p>\n\n\n\n<p>Tamanha a import\u00e2ncia do evento para produtores de toda a regi\u00e3o, que n\u00e3o apenas o prefeito Paulo Boaventura, mas tamb\u00e9m sua secret\u00e1ria municipal de Agricultura, Meio Ambiente e Turismo &#8211; Rejane Flor, prestigiaram e parabenizaram Funda\u00e7\u00e3o, prefeitura e c\u00e2mara de Andradina, produtores, artes\u00e3os, Coapar, Itesp, Cati e todos os demais parceiros pelo sucesso desta que \u00e9 a \u00fanica feira municipal do g\u00eanero no Estado de S\u00e3o Paulo.<\/p>\n\n\n\n<p>Para abrilhantar a Feira e recepcionar expositores, alunos, professores e palestrantes, o setor de Cultura da Prefeitura de Castilho levou sua famosa Orquestra de Violeiros que embalou o p\u00fablico com repert\u00f3rio de primeir\u00edssima qualidade e sincronismo, roubando a aten\u00e7\u00e3o dos flashs das c\u00e2meras e celulares.<br>O grupo \u201cQuem Dan\u00e7a Seus Males Espanta\u201d, composto por assentadas castilhenses, tamb\u00e9m realizaram belas apresenta\u00e7\u00f5es coreogr\u00e1ficas e um figurino que, literalmente, era de tirar o chap\u00e9u.<\/p>\n\n\n\n<p>Al\u00e9m dos atrativos culturais, foi igualmente forte a presen\u00e7a castilhenses entre os pequenos produtores expondo produtos como doces, artesanato, bolos, salgados e as bel\u00edssimas Orqu\u00eddeas. \u201cCom o maior n\u00famero de assentamentos rurais da regi\u00e3o e com um n\u00famero expressivo de estudantes castilhenses nas faculdades e cursos t\u00e9cnicos ligados \u00e0 \u00e1rea rural, o Governo de Castilho n\u00e3o poderia deixar de contribuir para o sucesso deste grande evento e reafirmar a nossa parceria com o prefeito M\u00e1rio Celso e sua equipe\u201d, afirmou Paulo Boaventura em seu breve discurso.<\/p>\n\n\n\n<p>Durante todo o evento, o prefeito castilhense circulou entre os estandes dos produtores, conversou com autoridades e velhos amigos, posou para fotos junto aos artistas castilhenses e suas equipes de governo que ali estavam representando os setores do Agro e da Cultura<\/p>\n","protected":false},"excerpt":{"rendered":"<p>Com forte presen\u00e7a do Governo de Castilho, a IV Feira de Sementes Crioulas promovida pela FEA &#8211; Funda\u00e7\u00e3o Educacional de Andradina, come\u00e7ou na manh\u00e3 deste s\u00e1bado (17) com uma ampla oferta de cursos, palestras, exposi\u00e7\u00f5es e, \u00e9 claro, a possibilidade de bons neg\u00f3cios. Tamanha a import\u00e2ncia do evento para produtores de toda a regi\u00e3o, que &hellip;<\/p>\n","protected":false},"author":1,"featured_media":3576,"comment_status":"open","ping_status":"open","sticky":false,"template":"","format":"standard","meta":{"_jetpack_memberships_contains_paid_content":false,"footnotes":"","jetpack_publicize_message":"","jetpack_publicize_feature_enabled":true,"jetpack_social_post_already_shared":false,"jetpack_social_options":{"image_generator_settings":{"template":"highway","default_image_id":0,"enabled":false},"version":2}},"categories":[6],"tags":[],"class_list":["post-3575","post","type-post","status-publish","format-standard","has-post-thumbnail","hentry","category-entretenimento"],"jetpack_publicize_connections":[],"jetpack_featured_media_url":"https:\/\/i0.wp.com\/www.paparazzinews.com.br\/wp-content\/uploads\/2023\/06\/ae06e85c-4ab3-4454-8a9e-1850814952cb-e1687195870216.jpg?fit=1000%2C563&ssl=1","views":"1255","jetpack_likes_enabled":true,"jetpack_sharing_enabled":true,"_links":{"self":[{"href":"https:\/\/www.paparazzinews.com.br\/index.php?rest_route=\/wp\/v2\/posts\/3575","targetHints":{"allow":["GET"]}}],"collection":[{"href":"https:\/\/www.paparazzinews.com.br\/index.php?rest_route=\/wp\/v2\/posts"}],"about":[{"href":"https:\/\/www.paparazzinews.com.br\/index.php?rest_route=\/wp\/v2\/types\/post"}],"author":[{"embeddable":true,"href":"https:\/\/www.paparazzinews.com.br\/index.php?rest_route=\/wp\/v2\/users\/1"}],"replies":[{"embeddable":true,"href":"https:\/\/www.paparazzinews.com.br\/index.php?rest_route=%2Fwp%2Fv2%2Fcomments&post=3575"}],"version-history":[{"count":1,"href":"https:\/\/www.paparazzinews.com.br\/index.php?rest_route=\/wp\/v2\/posts\/3575\/revisions"}],"predecessor-version":[{"id":3577,"href":"https:\/\/www.paparazzinews.com.br\/index.php?rest_route=\/wp\/v2\/posts\/3575\/revisions\/3577"}],"wp:featuredmedia":[{"embeddable":true,"href":"https:\/\/www.paparazzinews.com.br\/index.php?rest_route=\/wp\/v2\/media\/3576"}],"wp:attachment":[{"href":"https:\/\/www.paparazzinews.com.br\/index.php?rest_route=%2Fwp%2Fv2%2Fmedia&parent=3575"}],"wp:term":[{"taxonomy":"category","embeddable":true,"href":"https:\/\/www.paparazzinews.com.br\/index.php?rest_route=%2Fwp%2Fv2%2Fcategories&post=3575"},{"taxonomy":"post_tag","embeddable":true,"href":"https:\/\/www.paparazzinews.com.br\/index.php?rest_route=%2Fwp%2Fv2%2Ftags&post=3575"}],"curies":[{"name":"wp","href":"https:\/\/api.w.org\/{rel}","templated":true}]}}