{"id":3493,"date":"2023-06-15T15:17:01","date_gmt":"2023-06-15T18:17:01","guid":{"rendered":"https:\/\/www.paparazzinews.com.br\/?p=3493"},"modified":"2023-06-15T15:17:02","modified_gmt":"2023-06-15T18:17:02","slug":"projeto-escola-armel-miranda-de-castilho-trara-lucio-ramos-para-palestrar","status":"publish","type":"post","link":"https:\/\/www.paparazzinews.com.br\/?p=3493","title":{"rendered":"Projeto escola Armel Miranda de Castilho trar\u00e1 L\u00facio Ramos para palestrar"},"content":{"rendered":"\n<p>O jornalista L\u00facio Ramos estar\u00e1 na escola Armel Miranda, no dia 27 de junho, a partir das 10h, para bate-papo com alunos e comunidade. O profissional, que apresenta o Tem Not\u00edcias, na afiliada da Rede Globo, falar\u00e1 sobre a \u2018\u2019A Fun\u00e7\u00e3o Social da Imprensa\u2019\u2019. A participa\u00e7\u00e3o dele na \u2018\u2019Culmin\u00e2ncia das Eletivas\u2019\u2019 atende um convite do professor de l\u00edngua portuguesa, Lucas Gustavo. H\u00e1 dois anos, o docente desenvolve na unidade escolar um projeto pr\u00e1tico de comunica\u00e7\u00e3o social com os estudantes.<\/p>\n\n\n\n<p>Por meio das aulas de jornalismo promovidas na escola, os alunos j\u00e1 entrevistaram alguns artistas, como Naiara Azevedo, Fernando &amp; Sorocaba e C\u00e9sar Menotti &amp; Fabiano. Tamb\u00e9m tiveram palestra com Joelma Muniz (do TV Fama), Ney In\u00e1cio (rep\u00f3rter do Programa do Ratinho), al\u00e9m da cantora e apresentadora Marava Maravilha. Neste ano, o professor Lucas tamb\u00e9m levou um grupo de estudantes para participar da plateia do Faust\u00e3o na Band.<\/p>\n\n\n\n<p><strong>SOBRE L\u00daCIO RAMOS<\/strong> &#8211; Formado em comunica\u00e7\u00e3o Social, desde 1998, come\u00e7ou a carreira 10 anos antes, como locutor. Antes de pegar o diploma, j\u00e1 era apresentador na afiliada da REDE GLOBO em Presidente Prudente. Tamb\u00e9m trabalhou como rep\u00f3rter na TV GLOBO em S\u00e3o Paulo, na afiliada da emissora TV TEM em S\u00e3o Jos\u00e9 do Rio Preto, Record e SBT. Tem experi\u00eancia em roteiriza\u00e7\u00e3o e apresenta\u00e7\u00e3o de v\u00eddeos institucionais, al\u00e9m de edi\u00e7\u00e3o de v\u00eddeo.<\/p>\n","protected":false},"excerpt":{"rendered":"<p>O jornalista L\u00facio Ramos estar\u00e1 na escola Armel Miranda, no dia 27 de junho, a partir das 10h, para bate-papo com alunos e comunidade. O profissional, que apresenta o Tem Not\u00edcias, na afiliada da Rede Globo, falar\u00e1 sobre a \u2018\u2019A Fun\u00e7\u00e3o Social da Imprensa\u2019\u2019. A participa\u00e7\u00e3o dele na \u2018\u2019Culmin\u00e2ncia das Eletivas\u2019\u2019 atende um convite do &hellip;<\/p>\n","protected":false},"author":1,"featured_media":3494,"comment_status":"open","ping_status":"open","sticky":false,"template":"","format":"standard","meta":{"_jetpack_memberships_contains_paid_content":false,"footnotes":"","jetpack_publicize_message":"","jetpack_publicize_feature_enabled":true,"jetpack_social_post_already_shared":false,"jetpack_social_options":{"image_generator_settings":{"template":"highway","default_image_id":0,"enabled":false},"version":2}},"categories":[6],"tags":[],"class_list":["post-3493","post","type-post","status-publish","format-standard","has-post-thumbnail","hentry","category-entretenimento"],"jetpack_publicize_connections":[],"jetpack_featured_media_url":"https:\/\/i0.wp.com\/www.paparazzinews.com.br\/wp-content\/uploads\/2023\/06\/8acc6486-fef2-410c-ab50-3fd29e01ebdb-e1686852949503.jpg?fit=1000%2C493&ssl=1","views":"3978","jetpack_likes_enabled":true,"jetpack_sharing_enabled":true,"_links":{"self":[{"href":"https:\/\/www.paparazzinews.com.br\/index.php?rest_route=\/wp\/v2\/posts\/3493","targetHints":{"allow":["GET"]}}],"collection":[{"href":"https:\/\/www.paparazzinews.com.br\/index.php?rest_route=\/wp\/v2\/posts"}],"about":[{"href":"https:\/\/www.paparazzinews.com.br\/index.php?rest_route=\/wp\/v2\/types\/post"}],"author":[{"embeddable":true,"href":"https:\/\/www.paparazzinews.com.br\/index.php?rest_route=\/wp\/v2\/users\/1"}],"replies":[{"embeddable":true,"href":"https:\/\/www.paparazzinews.com.br\/index.php?rest_route=%2Fwp%2Fv2%2Fcomments&post=3493"}],"version-history":[{"count":1,"href":"https:\/\/www.paparazzinews.com.br\/index.php?rest_route=\/wp\/v2\/posts\/3493\/revisions"}],"predecessor-version":[{"id":3495,"href":"https:\/\/www.paparazzinews.com.br\/index.php?rest_route=\/wp\/v2\/posts\/3493\/revisions\/3495"}],"wp:featuredmedia":[{"embeddable":true,"href":"https:\/\/www.paparazzinews.com.br\/index.php?rest_route=\/wp\/v2\/media\/3494"}],"wp:attachment":[{"href":"https:\/\/www.paparazzinews.com.br\/index.php?rest_route=%2Fwp%2Fv2%2Fmedia&parent=3493"}],"wp:term":[{"taxonomy":"category","embeddable":true,"href":"https:\/\/www.paparazzinews.com.br\/index.php?rest_route=%2Fwp%2Fv2%2Fcategories&post=3493"},{"taxonomy":"post_tag","embeddable":true,"href":"https:\/\/www.paparazzinews.com.br\/index.php?rest_route=%2Fwp%2Fv2%2Ftags&post=3493"}],"curies":[{"name":"wp","href":"https:\/\/api.w.org\/{rel}","templated":true}]}}