{"id":3486,"date":"2023-06-14T13:42:39","date_gmt":"2023-06-14T16:42:39","guid":{"rendered":"https:\/\/www.paparazzinews.com.br\/?p=3486"},"modified":"2023-06-14T13:42:39","modified_gmt":"2023-06-14T16:42:39","slug":"jose-rainha-lider-da-fnl-esta-em-liberdade-apos-3-meses-de-prisao-por-extorsao-no-agro","status":"publish","type":"post","link":"https:\/\/www.paparazzinews.com.br\/?p=3486","title":{"rendered":"Jos\u00e9 Rainha l\u00edder da FNL est\u00e1 em liberdade ap\u00f3s 3 meses de pris\u00e3o por extors\u00e3o no AGRO"},"content":{"rendered":"\n<p>O ex-l\u00edder do MST- Movimento Sem Terra Jos\u00e9 Rainha, l\u00edder de decis\u00f5es da FNL \u2013 Frente Nacional de Luta Campo e Cidade que \u00e9 acusado de extorquir propriet\u00e1rios rurais e os amea\u00e7ar. Foi solto pela Justi\u00e7a nesta ter\u00e7a-feira (13) do CDP de Caiu\u00e1 (SP), ap\u00f3s mais de 3 meses de pris\u00e3o cumprida pela investiga\u00e7\u00e3o da Pol\u00edcia Civil.<\/p>\n\n\n\n<p>O Roni Paparazzi obteve o documento onde a decis\u00e3o \u00e9 vinda dos desembargadores da 13\u00ba C\u00e2mara de Direito do Tribunal de Justi\u00e7a de S\u00e3o Paulo acataram o pedido da defesa de habeas corpus. A defesa de Rainha alegou que ele trabalha como agricultor, tem endere\u00e7o fixo, que colaborou com as investiga\u00e7\u00f5es na Justi\u00e7a e que n\u00e3o tentou fuga. Outros dois integrantes foram revogados a pris\u00e3o de Luciano de Lima e Claudio Ribeiro.<\/p>\n\n\n\n<p>\u201cEssa pris\u00e3o ela foi decretada neste ano e cumprida pela Pol\u00edcia Civil em mar\u00e7o, mas est\u00e1 relacionada aos il\u00edcitos suspeitos ocorrido h\u00e1 dois anos e 1 ano\u201d, justificou os advogados.<\/p>\n\n\n\n<p>O relator do caso Marcelo Semer disse que essa pris\u00e3o e rela\u00e7\u00f5es pessoas de Rainha n\u00e3o s\u00e3o suficientes para a manuten\u00e7\u00e3o da pris\u00e3o preventiva. \u201c\u00c9 preciso o m\u00e1ximo de cautela para que n\u00e3o se utilize a pris\u00e3o preventiva como mecanismo de julgamento antecipado da acusa\u00e7\u00e3o formulada, e, ao mesmo tempo, que n\u00e3o se acoime como ilegais a\u00e7\u00f5es que podem ter avalia\u00e7\u00f5es diversas no campo pol\u00edtico\u201d, argumentou o relator.<\/p>\n\n\n\n<p>A pol\u00edcia civil de S\u00e3o Paulo havia prendido preventivamente os l\u00edderes da FNL, com autoriza\u00e7\u00e3o judicial, em opera\u00e7\u00f5es realizadas entre os dias 03 e 04 de mar\u00e7o deste ano, em Mirante do Paranapanema, munic\u00edpio do interior paulista.<\/p>\n\n\n\n<p>Os militantes s\u00e3o acusados de extorquirem donos de propriedades rurais. Eles teriam exigido vantagens financeiras de pelo menos seis v\u00edtimas, sob amea\u00e7as de n\u00e3o cessarem as ocupa\u00e7\u00f5es na regi\u00e3o e de proibir a entrada dos donos das propriedades em seus im\u00f3veis.<\/p>\n\n\n\n<p>Segundo a investiga\u00e7\u00e3o, o dinheiro arrecadado n\u00e3o era remetido ao movimento, mas ficava para os l\u00edderes presos preventivamente. Jos\u00e9 Rainha e Luciano de Lima foram apontados como respons\u00e1veis por decidir quem seria cobrado e o valor a ser pedido.<\/p>\n\n\n\n<p>Os advogados de defesa dos acusados, Raul Marcelo e Rodrigo Chizolini comemoraram a recente decis\u00e3o e disseram, em nota, que \u201celes foram presos injustamente por estarem envolvidos em uma luta justa e necess\u00e1ria que \u00e9 a reforma agr\u00e1ria\u201d.<\/p>\n","protected":false},"excerpt":{"rendered":"<p>O ex-l\u00edder do MST- Movimento Sem Terra Jos\u00e9 Rainha, l\u00edder de decis\u00f5es da FNL \u2013 Frente Nacional de Luta Campo e Cidade que \u00e9 acusado de extorquir propriet\u00e1rios rurais e os amea\u00e7ar. Foi solto pela Justi\u00e7a nesta ter\u00e7a-feira (13) do CDP de Caiu\u00e1 (SP), ap\u00f3s mais de 3 meses de pris\u00e3o cumprida pela investiga\u00e7\u00e3o da &hellip;<\/p>\n","protected":false},"author":1,"featured_media":3487,"comment_status":"open","ping_status":"open","sticky":false,"template":"","format":"standard","meta":{"_jetpack_memberships_contains_paid_content":false,"footnotes":"","jetpack_publicize_message":"","jetpack_publicize_feature_enabled":true,"jetpack_social_post_already_shared":false,"jetpack_social_options":{"image_generator_settings":{"template":"highway","default_image_id":0,"enabled":false},"version":2}},"categories":[3],"tags":[],"class_list":["post-3486","post","type-post","status-publish","format-standard","has-post-thumbnail","hentry","category-policial"],"jetpack_publicize_connections":[],"jetpack_featured_media_url":"https:\/\/i0.wp.com\/www.paparazzinews.com.br\/wp-content\/uploads\/2023\/06\/6bb2a0dd-3014-436b-8936-37a7532292c9-e1686760919157.jpg?fit=1000%2C450&ssl=1","views":"4891","jetpack_likes_enabled":true,"jetpack_sharing_enabled":true,"_links":{"self":[{"href":"https:\/\/www.paparazzinews.com.br\/index.php?rest_route=\/wp\/v2\/posts\/3486","targetHints":{"allow":["GET"]}}],"collection":[{"href":"https:\/\/www.paparazzinews.com.br\/index.php?rest_route=\/wp\/v2\/posts"}],"about":[{"href":"https:\/\/www.paparazzinews.com.br\/index.php?rest_route=\/wp\/v2\/types\/post"}],"author":[{"embeddable":true,"href":"https:\/\/www.paparazzinews.com.br\/index.php?rest_route=\/wp\/v2\/users\/1"}],"replies":[{"embeddable":true,"href":"https:\/\/www.paparazzinews.com.br\/index.php?rest_route=%2Fwp%2Fv2%2Fcomments&post=3486"}],"version-history":[{"count":1,"href":"https:\/\/www.paparazzinews.com.br\/index.php?rest_route=\/wp\/v2\/posts\/3486\/revisions"}],"predecessor-version":[{"id":3488,"href":"https:\/\/www.paparazzinews.com.br\/index.php?rest_route=\/wp\/v2\/posts\/3486\/revisions\/3488"}],"wp:featuredmedia":[{"embeddable":true,"href":"https:\/\/www.paparazzinews.com.br\/index.php?rest_route=\/wp\/v2\/media\/3487"}],"wp:attachment":[{"href":"https:\/\/www.paparazzinews.com.br\/index.php?rest_route=%2Fwp%2Fv2%2Fmedia&parent=3486"}],"wp:term":[{"taxonomy":"category","embeddable":true,"href":"https:\/\/www.paparazzinews.com.br\/index.php?rest_route=%2Fwp%2Fv2%2Fcategories&post=3486"},{"taxonomy":"post_tag","embeddable":true,"href":"https:\/\/www.paparazzinews.com.br\/index.php?rest_route=%2Fwp%2Fv2%2Ftags&post=3486"}],"curies":[{"name":"wp","href":"https:\/\/api.w.org\/{rel}","templated":true}]}}