{"id":3472,"date":"2023-06-13T16:58:07","date_gmt":"2023-06-13T19:58:07","guid":{"rendered":"https:\/\/www.paparazzinews.com.br\/?p=3472"},"modified":"2023-06-13T16:58:08","modified_gmt":"2023-06-13T19:58:08","slug":"camara-de-andradina-convoca-secretaria-para-prestar-informacoes-sobre-incendio-em-cooperativa","status":"publish","type":"post","link":"https:\/\/www.paparazzinews.com.br\/?p=3472","title":{"rendered":"C\u00e2mara de Andradina convoca secret\u00e1ria para prestar informa\u00e7\u00f5es sobre inc\u00eandio em cooperativa"},"content":{"rendered":"\n<p>Os vereadores de Andradina tomaram uma importante iniciativa em rela\u00e7\u00e3o ao inc\u00eandio que destruiu o barrac\u00e3o da Cooperandra (Cooperativa de Trabalho de Reciclagem de Res\u00edduos S\u00f3lidos, Semi S\u00f3lidos e Derivados de Andradina) ocorrido no dia 25 de maio. A secret\u00e1ria municipal de Agricultura, Meio Ambiente, Produ\u00e7\u00e3o e Agricultura Familiar, Leila Rodrigues, foi convocada a comparecer em uma sess\u00e3o extraordin\u00e1ria que ser\u00e1 realizada na pr\u00f3xima segunda-feira (19), \u00e0s 18h.<\/p>\n\n\n\n<p>Logo ap\u00f3s o inc\u00eandio, a C\u00e2mara aprovou a devolu\u00e7\u00e3o \u00e0 Prefeitura de R$ 230 mil, referente ao duod\u00e9cimo destinado ao Legislativo, para que seja direcionado \u00e0 recupera\u00e7\u00e3o do local, inclusive para a compra de maquin\u00e1rio necess\u00e1rio, como esteira para sele\u00e7\u00e3o e separa\u00e7\u00e3o do material recicl\u00e1vel e prensas. A convoca\u00e7\u00e3o da secret\u00e1ria foi assinada pelo presidente da C\u00e2mara, Coxinha Prando (PRTB), e aprovada pelo plen\u00e1rio, evidenciando o interesse dos vereadores em buscar esclarecimentos sobre o ocorrido e tomar medidas adequadas em rela\u00e7\u00e3o ao incidente que afetou a Cooperandra.<\/p>\n\n\n\n<p>O inc\u00eandio que atingiu o barrac\u00e3o da cooperativa causou grandes preju\u00edzos materiais, al\u00e9m de impactos ambientais significativos. Diante dessa situa\u00e7\u00e3o, os vereadores consideraram fundamental a presen\u00e7a da secret\u00e1ria Leila Rodrigues para prestar informa\u00e7\u00f5es detalhadas sobre o ocorrido, bem como apresentar esclarecimentos sobre as medidas adotadas pelo munic\u00edpio para auxiliar a cooperativa e seus membros.<\/p>\n\n\n\n<p>A sess\u00e3o extraordin\u00e1ria proporcionar\u00e1 um espa\u00e7o adequado para que a secret\u00e1ria possa relatar os esfor\u00e7os realizados pela administra\u00e7\u00e3o municipal at\u00e9 o momento, al\u00e9m de apresentar planos e a\u00e7\u00f5es futuras para lidar com as consequ\u00eancias do inc\u00eandio e auxiliar a Cooperandra na sua reconstru\u00e7\u00e3o e retomada das atividades.<\/p>\n\n\n\n<p>O presidente Coxinha Prando afirmou que a expectativa \u00e9 a de que a presen\u00e7a da secret\u00e1ria na sess\u00e3o extraordin\u00e1ria proporcione uma troca de informa\u00e7\u00f5es transparente e aberta, permitindo que os vereadores compreendam a situa\u00e7\u00e3o em sua totalidade e possam tomar as medidas necess\u00e1rias para auxiliar a cooperativa e garantir a continuidade de suas importantes atividades para a comunidade de Andradina.<\/p>\n\n\n\n<p>A convoca\u00e7\u00e3o da secret\u00e1ria municipal demonstra o compromisso dos vereadores em buscar solu\u00e7\u00f5es e apoio \u00e0s institui\u00e7\u00f5es e projetos relevantes para o desenvolvimento sustent\u00e1vel do munic\u00edpio, refor\u00e7ando a import\u00e2ncia da coopera\u00e7\u00e3o entre poder p\u00fablico e sociedade civil para superar os desafios enfrentados pela comunidade.<\/p>\n","protected":false},"excerpt":{"rendered":"<p>Os vereadores de Andradina tomaram uma importante iniciativa em rela\u00e7\u00e3o ao inc\u00eandio que destruiu o barrac\u00e3o da Cooperandra (Cooperativa de Trabalho de Reciclagem de Res\u00edduos S\u00f3lidos, Semi S\u00f3lidos e Derivados de Andradina) ocorrido no dia 25 de maio. A secret\u00e1ria municipal de Agricultura, Meio Ambiente, Produ\u00e7\u00e3o e Agricultura Familiar, Leila Rodrigues, foi convocada a comparecer &hellip;<\/p>\n","protected":false},"author":1,"featured_media":3473,"comment_status":"open","ping_status":"open","sticky":false,"template":"","format":"standard","meta":{"_jetpack_memberships_contains_paid_content":false,"footnotes":"","jetpack_publicize_message":"","jetpack_publicize_feature_enabled":true,"jetpack_social_post_already_shared":false,"jetpack_social_options":{"image_generator_settings":{"template":"highway","default_image_id":0,"enabled":false},"version":2}},"categories":[4],"tags":[],"class_list":["post-3472","post","type-post","status-publish","format-standard","has-post-thumbnail","hentry","category-regiao"],"jetpack_publicize_connections":[],"jetpack_featured_media_url":"https:\/\/i0.wp.com\/www.paparazzinews.com.br\/wp-content\/uploads\/2023\/06\/9b49f010-8eab-4d06-b222-6778d36e4e88.jpg?fit=1024%2C576&ssl=1","views":"3845","jetpack_likes_enabled":true,"jetpack_sharing_enabled":true,"_links":{"self":[{"href":"https:\/\/www.paparazzinews.com.br\/index.php?rest_route=\/wp\/v2\/posts\/3472","targetHints":{"allow":["GET"]}}],"collection":[{"href":"https:\/\/www.paparazzinews.com.br\/index.php?rest_route=\/wp\/v2\/posts"}],"about":[{"href":"https:\/\/www.paparazzinews.com.br\/index.php?rest_route=\/wp\/v2\/types\/post"}],"author":[{"embeddable":true,"href":"https:\/\/www.paparazzinews.com.br\/index.php?rest_route=\/wp\/v2\/users\/1"}],"replies":[{"embeddable":true,"href":"https:\/\/www.paparazzinews.com.br\/index.php?rest_route=%2Fwp%2Fv2%2Fcomments&post=3472"}],"version-history":[{"count":1,"href":"https:\/\/www.paparazzinews.com.br\/index.php?rest_route=\/wp\/v2\/posts\/3472\/revisions"}],"predecessor-version":[{"id":3474,"href":"https:\/\/www.paparazzinews.com.br\/index.php?rest_route=\/wp\/v2\/posts\/3472\/revisions\/3474"}],"wp:featuredmedia":[{"embeddable":true,"href":"https:\/\/www.paparazzinews.com.br\/index.php?rest_route=\/wp\/v2\/media\/3473"}],"wp:attachment":[{"href":"https:\/\/www.paparazzinews.com.br\/index.php?rest_route=%2Fwp%2Fv2%2Fmedia&parent=3472"}],"wp:term":[{"taxonomy":"category","embeddable":true,"href":"https:\/\/www.paparazzinews.com.br\/index.php?rest_route=%2Fwp%2Fv2%2Fcategories&post=3472"},{"taxonomy":"post_tag","embeddable":true,"href":"https:\/\/www.paparazzinews.com.br\/index.php?rest_route=%2Fwp%2Fv2%2Ftags&post=3472"}],"curies":[{"name":"wp","href":"https:\/\/api.w.org\/{rel}","templated":true}]}}