{"id":3454,"date":"2023-06-12T16:01:47","date_gmt":"2023-06-12T19:01:47","guid":{"rendered":"https:\/\/www.paparazzinews.com.br\/?p=3454"},"modified":"2023-06-12T16:01:48","modified_gmt":"2023-06-12T19:01:48","slug":"aguas-andradina-e-castilho-prorroga-mega-feirao-de-negociacoes","status":"publish","type":"post","link":"https:\/\/www.paparazzinews.com.br\/?p=3454","title":{"rendered":"\u00c1guas Andradina e Castilho prorroga Mega Feir\u00e3o de Negocia\u00e7\u00f5es"},"content":{"rendered":"\n<p>A pedido dos clientes, a \u00c1guas Andradina e a \u00c1guas Castilho, empresas do Grupo Igu\u00e1 e da Sabesp, v\u00e3o estender o prazo at\u00e9 o dia 16 de junho, sexta-feira, do&nbsp;Mega&nbsp;Feir\u00e3o de Negocia\u00e7\u00e3o&nbsp;com oportunidades exclusivas para os clientes que possuem contas em atraso.<\/p>\n\n\n\n<p>A a\u00e7\u00e3o traz descontos especiais de negocia\u00e7\u00e3o e op\u00e7\u00f5es de parcelamento em at\u00e9 24 vezes, com valor m\u00ednimo de R$ 30 mensal, com isen\u00e7\u00e3o de 100% de multas e juros&nbsp;para d\u00e9bitos acima de 180 dias, entre outras facilidades.<\/p>\n\n\n\n<p>Os clientes interessados em participar do&nbsp;Mega&nbsp;Feir\u00e3o, \u00e9 s\u00f3 entrar em contato pelos canais de atendimento ao cliente ou acesse os sites&nbsp;<a href=\"http:\/\/www.igua.com.br\/andradina\" target=\"_blank\" rel=\"noreferrer noopener\">www.igua.com.br\/andradina<\/a>&nbsp;e&nbsp;<a href=\"http:\/\/www.igua.com.br\/castilho\" target=\"_blank\" rel=\"noreferrer noopener\">www.igua.com.br\/castilho<\/a>.<\/p>\n\n\n\n<p><strong>\u00c1guas Andradina<\/strong><\/p>\n\n\n\n<p><strong>Telefones:<\/strong>&nbsp;0800 775 0195 (24 horas)<strong><br>Loja de atendimento:<\/strong>&nbsp;rua Doutor Orensy Rodrigues da Silva, 1062, de segunda a sexta-feira das 8h30 \u00e0s 17h.<strong><br>WhatsApp:<\/strong>&nbsp;(18) 99637 4603<\/p>\n\n\n\n<p><strong>\u00c1guas Castilho<\/strong><\/p>\n\n\n\n<p><strong>Telefone:<\/strong>&nbsp;0800 770 3195 (24 horas)<strong><br>Loja de atendimento:<\/strong>&nbsp;Avenida Presidente Get\u00falio Vargas, 20, de segunda a sexta-feira, das 8h30 \u00e0s 17h.<strong><br>WhatsApp:<\/strong>&nbsp;(18) 99609 5213.<\/p>\n","protected":false},"excerpt":{"rendered":"<p>A pedido dos clientes, a \u00c1guas Andradina e a \u00c1guas Castilho, empresas do Grupo Igu\u00e1 e da Sabesp, v\u00e3o estender o prazo at\u00e9 o dia 16 de junho, sexta-feira, do&nbsp;Mega&nbsp;Feir\u00e3o de Negocia\u00e7\u00e3o&nbsp;com oportunidades exclusivas para os clientes que possuem contas em atraso. A a\u00e7\u00e3o traz descontos especiais de negocia\u00e7\u00e3o e op\u00e7\u00f5es de parcelamento em at\u00e9 &hellip;<\/p>\n","protected":false},"author":1,"featured_media":3455,"comment_status":"open","ping_status":"open","sticky":false,"template":"","format":"standard","meta":{"_jetpack_memberships_contains_paid_content":false,"footnotes":"","jetpack_publicize_message":"","jetpack_publicize_feature_enabled":true,"jetpack_social_post_already_shared":false,"jetpack_social_options":{"image_generator_settings":{"template":"highway","default_image_id":0,"enabled":false},"version":2}},"categories":[4],"tags":[],"class_list":["post-3454","post","type-post","status-publish","format-standard","has-post-thumbnail","hentry","category-regiao"],"jetpack_publicize_connections":[],"jetpack_featured_media_url":"https:\/\/i0.wp.com\/www.paparazzinews.com.br\/wp-content\/uploads\/2023\/06\/Fachada-loja-comercial-Aguas-Castilho-foto_ricardoBoni-1-e1686596499126.jpg?fit=1000%2C666&ssl=1","views":"4042","jetpack_likes_enabled":true,"jetpack_sharing_enabled":true,"_links":{"self":[{"href":"https:\/\/www.paparazzinews.com.br\/index.php?rest_route=\/wp\/v2\/posts\/3454","targetHints":{"allow":["GET"]}}],"collection":[{"href":"https:\/\/www.paparazzinews.com.br\/index.php?rest_route=\/wp\/v2\/posts"}],"about":[{"href":"https:\/\/www.paparazzinews.com.br\/index.php?rest_route=\/wp\/v2\/types\/post"}],"author":[{"embeddable":true,"href":"https:\/\/www.paparazzinews.com.br\/index.php?rest_route=\/wp\/v2\/users\/1"}],"replies":[{"embeddable":true,"href":"https:\/\/www.paparazzinews.com.br\/index.php?rest_route=%2Fwp%2Fv2%2Fcomments&post=3454"}],"version-history":[{"count":1,"href":"https:\/\/www.paparazzinews.com.br\/index.php?rest_route=\/wp\/v2\/posts\/3454\/revisions"}],"predecessor-version":[{"id":3456,"href":"https:\/\/www.paparazzinews.com.br\/index.php?rest_route=\/wp\/v2\/posts\/3454\/revisions\/3456"}],"wp:featuredmedia":[{"embeddable":true,"href":"https:\/\/www.paparazzinews.com.br\/index.php?rest_route=\/wp\/v2\/media\/3455"}],"wp:attachment":[{"href":"https:\/\/www.paparazzinews.com.br\/index.php?rest_route=%2Fwp%2Fv2%2Fmedia&parent=3454"}],"wp:term":[{"taxonomy":"category","embeddable":true,"href":"https:\/\/www.paparazzinews.com.br\/index.php?rest_route=%2Fwp%2Fv2%2Fcategories&post=3454"},{"taxonomy":"post_tag","embeddable":true,"href":"https:\/\/www.paparazzinews.com.br\/index.php?rest_route=%2Fwp%2Fv2%2Ftags&post=3454"}],"curies":[{"name":"wp","href":"https:\/\/api.w.org\/{rel}","templated":true}]}}