{"id":3448,"date":"2023-06-12T15:47:52","date_gmt":"2023-06-12T18:47:52","guid":{"rendered":"https:\/\/www.paparazzinews.com.br\/?p=3448"},"modified":"2023-06-12T15:47:53","modified_gmt":"2023-06-12T18:47:53","slug":"quase-100-alunos-do-proerd-de-2-cidades-visitam-batalhao-da-pm-de-andradina","status":"publish","type":"post","link":"https:\/\/www.paparazzinews.com.br\/?p=3448","title":{"rendered":"Quase 100 alunos do PROERD de 2 cidades visitam batalh\u00e3o da PM de Andradina"},"content":{"rendered":"\n<p>Na manh\u00e3 desta segunda-feira, dia 12, cerca de 85 Alunos dos 5\u00ba anos da Rede Municipal de Ensino, das escolas \u201cEMEF Andr\u00e9 Firmino do Amaral\u201d, de Nova Independ\u00eancia e \u201cEMEIF Antonieta Bim Storti\u201d, de Murutinga do Sul, tiveram uma manh\u00e3 diferente ao visitarem a sede do 28\u00ba BPMI\/I, em Andradina.<\/p>\n\n\n\n<p>Os alunos, assistidos pelo Programa Educacional de Resist\u00eancia \u00e0s Drogas e \u00e0 Viol\u00eancia da Policia Militar do Estado de S\u00e3o Paulo \u2013 PROERD, foram acompanhados de seus Professores e Coordenadores das Unidades Escolares, al\u00e9m dos respectivos comandantes de Grupo, 1\u00b0Sargento PM Ara\u00fajo e 2\u00b0Sargento PM Thiago, pelas Instrutoras do PROERD, Soldado PM Antonini e Soldado PM Thainara.<\/p>\n\n\n\n<p>Na chegada, as crian\u00e7as foram recepcionadas pelo Comandante da Primeira Companhia Capit\u00e3o PM Diogo e tamb\u00e9m por demais policiais que lhes deram as boas-vindas. Na visita, puderam conhecer a rotina dos Policiais que trabalham no Quartel, visitando cada sala, recebendo informa\u00e7\u00f5es de como \u00e9 administrativo. Tamb\u00e9m puderam conhecer as viaturas e equipamentos utilizados pelos Policiais no trabalho operacional. Em seguida, assistiram a um v\u00eddeo institucional da Policia Militar de S\u00e3o Paulo, explicando e demonstrando as muitas modalidades existentes no policiamento, todas com a mesma finalidade, que \u00e9 a Preserva\u00e7\u00e3o da Vida e a manuten\u00e7\u00e3o da Ordem P\u00fablica.<\/p>\n\n\n\n<p>Ao final do passeio, realizaram uma partida de futebol e participaram do &#8220;Jogo de perguntas do PROERD&#8221;. Elas tamb\u00e9m tiveram a oportunidade de conhecer e tirar fotos com os policiais, e ficaram felizes com a experi\u00eancia. <\/p>\n\n\n\n<p>O Programa Educacional de Preven\u00e7\u00e3o \u00e0s Drogas e \u00e0 Viol\u00eancia &#8211; PROERD &#8211; foi implementado na PMESP no ano de 1993, quando uma equipe de Mentores da ONG D.A.R.E. (Drug Abuse Resistance Education), sediada em Los Angeles &#8211; Calif\u00f3rnia\/EUA, e da Pol\u00edcia Militar do Estado do Rio de Janeiro formaram a primeira turma de instrutores na Academia de Pol\u00edcia Militar do Barro Branco, em S\u00e3o Paulo.<br>Desde ent\u00e3o, o PROERD atingiu a marca hist\u00f3rica de mais de 11 (onze) milh\u00f5es de alunos formados no programa, constituindo-se na principal atividade de preven\u00e7\u00e3o prim\u00e1ria nas escolas de todas as redes de ensino do Estado de S\u00e3o Paulo, sendo refer\u00eancia de pol\u00edtica p\u00fablica estadual dirigida \u00e0s crian\u00e7as e adolescentes, ensinando-os a tomar decis\u00f5es para uma vida mais segura e saud\u00e1vel, cuja relev\u00e2ncia foi reconhecida por meio da Lei Estadual n\u00b0 12.901, de 08ABR08, que instituiu no calend\u00e1rio oficial &#8220;Dia Estadual do PROERD&#8221;, comemorado em 19 de maio, bem como por meio da Lei Estadual n\u00b0 17.171, de 11OUT19, que determinou a apresenta\u00e7\u00e3o do programa em todas as escolas p\u00fablicas estaduais.<\/p>\n","protected":false},"excerpt":{"rendered":"<p>Na manh\u00e3 desta segunda-feira, dia 12, cerca de 85 Alunos dos 5\u00ba anos da Rede Municipal de Ensino, das escolas \u201cEMEF Andr\u00e9 Firmino do Amaral\u201d, de Nova Independ\u00eancia e \u201cEMEIF Antonieta Bim Storti\u201d, de Murutinga do Sul, tiveram uma manh\u00e3 diferente ao visitarem a sede do 28\u00ba BPMI\/I, em Andradina. Os alunos, assistidos pelo Programa &hellip;<\/p>\n","protected":false},"author":1,"featured_media":3449,"comment_status":"open","ping_status":"open","sticky":false,"template":"","format":"standard","meta":{"_jetpack_memberships_contains_paid_content":false,"footnotes":"","jetpack_publicize_message":"","jetpack_publicize_feature_enabled":true,"jetpack_social_post_already_shared":false,"jetpack_social_options":{"image_generator_settings":{"template":"highway","default_image_id":0,"enabled":false},"version":2}},"categories":[6],"tags":[],"class_list":["post-3448","post","type-post","status-publish","format-standard","has-post-thumbnail","hentry","category-entretenimento"],"jetpack_publicize_connections":[],"jetpack_featured_media_url":"https:\/\/i0.wp.com\/www.paparazzinews.com.br\/wp-content\/uploads\/2023\/06\/9b2af7d0-b64a-49de-828e-2d6399a87ba0-e1686595650210.jpg?fit=1000%2C633&ssl=1","views":"4667","jetpack_likes_enabled":true,"jetpack_sharing_enabled":true,"_links":{"self":[{"href":"https:\/\/www.paparazzinews.com.br\/index.php?rest_route=\/wp\/v2\/posts\/3448","targetHints":{"allow":["GET"]}}],"collection":[{"href":"https:\/\/www.paparazzinews.com.br\/index.php?rest_route=\/wp\/v2\/posts"}],"about":[{"href":"https:\/\/www.paparazzinews.com.br\/index.php?rest_route=\/wp\/v2\/types\/post"}],"author":[{"embeddable":true,"href":"https:\/\/www.paparazzinews.com.br\/index.php?rest_route=\/wp\/v2\/users\/1"}],"replies":[{"embeddable":true,"href":"https:\/\/www.paparazzinews.com.br\/index.php?rest_route=%2Fwp%2Fv2%2Fcomments&post=3448"}],"version-history":[{"count":1,"href":"https:\/\/www.paparazzinews.com.br\/index.php?rest_route=\/wp\/v2\/posts\/3448\/revisions"}],"predecessor-version":[{"id":3450,"href":"https:\/\/www.paparazzinews.com.br\/index.php?rest_route=\/wp\/v2\/posts\/3448\/revisions\/3450"}],"wp:featuredmedia":[{"embeddable":true,"href":"https:\/\/www.paparazzinews.com.br\/index.php?rest_route=\/wp\/v2\/media\/3449"}],"wp:attachment":[{"href":"https:\/\/www.paparazzinews.com.br\/index.php?rest_route=%2Fwp%2Fv2%2Fmedia&parent=3448"}],"wp:term":[{"taxonomy":"category","embeddable":true,"href":"https:\/\/www.paparazzinews.com.br\/index.php?rest_route=%2Fwp%2Fv2%2Fcategories&post=3448"},{"taxonomy":"post_tag","embeddable":true,"href":"https:\/\/www.paparazzinews.com.br\/index.php?rest_route=%2Fwp%2Fv2%2Ftags&post=3448"}],"curies":[{"name":"wp","href":"https:\/\/api.w.org\/{rel}","templated":true}]}}