{"id":3445,"date":"2023-06-12T15:43:35","date_gmt":"2023-06-12T18:43:35","guid":{"rendered":"https:\/\/www.paparazzinews.com.br\/?p=3445"},"modified":"2023-06-12T15:43:36","modified_gmt":"2023-06-12T18:43:36","slug":"identificado-corpo-do-motorista-que-morreu-ao-tombar-carreta-na-rodovia-de-castilho","status":"publish","type":"post","link":"https:\/\/www.paparazzinews.com.br\/?p=3445","title":{"rendered":"Identificado corpo do motorista que morreu ao tombar carreta na rodovia de Castilho"},"content":{"rendered":"\n<p>Diego Garcia de Souza 30 anos morador de Tr\u00eas Lagoas (MS), \u00e9 o motorista que faleceu na madrugada de domingo (11), na Rodovia Marechal Rondon (SP-300) pr\u00f3ximo de um posto de combust\u00edveis, em Castilho (SP). Ele conduzia uma carreta Volvo FH12 carregada de calc\u00e1rio que saiu de Minas Gerais e tombou na canaleta central da pista que vai com destino a TL.<\/p>\n\n\n\n<p>O Roni Paparazzi apurou que foram mobilizadas nesta ocorr\u00eancia a Pol\u00edcia Rodovi\u00e1ria, Unidades de Resgate do Corpo de Bombeiros, Via Rondon e a Brigada Municipal castilhense. &nbsp;&nbsp;<\/p>\n","protected":false},"excerpt":{"rendered":"<p>Diego Garcia de Souza 30 anos morador de Tr\u00eas Lagoas (MS), \u00e9 o motorista que faleceu na madrugada de domingo (11), na Rodovia Marechal Rondon (SP-300) pr\u00f3ximo de um posto de combust\u00edveis, em Castilho (SP). Ele conduzia uma carreta Volvo FH12 carregada de calc\u00e1rio que saiu de Minas Gerais e tombou na canaleta central da &hellip;<\/p>\n","protected":false},"author":1,"featured_media":3446,"comment_status":"open","ping_status":"open","sticky":false,"template":"","format":"standard","meta":{"_jetpack_memberships_contains_paid_content":false,"footnotes":"","jetpack_publicize_message":"","jetpack_publicize_feature_enabled":true,"jetpack_social_post_already_shared":false,"jetpack_social_options":{"image_generator_settings":{"template":"highway","default_image_id":0,"enabled":false},"version":2}},"categories":[3],"tags":[],"class_list":["post-3445","post","type-post","status-publish","format-standard","has-post-thumbnail","hentry","category-policial"],"jetpack_publicize_connections":[],"jetpack_featured_media_url":"https:\/\/i0.wp.com\/www.paparazzinews.com.br\/wp-content\/uploads\/2023\/06\/Ac01.jpg?fit=1000%2C500&ssl=1","views":"7547","jetpack_likes_enabled":true,"jetpack_sharing_enabled":true,"_links":{"self":[{"href":"https:\/\/www.paparazzinews.com.br\/index.php?rest_route=\/wp\/v2\/posts\/3445","targetHints":{"allow":["GET"]}}],"collection":[{"href":"https:\/\/www.paparazzinews.com.br\/index.php?rest_route=\/wp\/v2\/posts"}],"about":[{"href":"https:\/\/www.paparazzinews.com.br\/index.php?rest_route=\/wp\/v2\/types\/post"}],"author":[{"embeddable":true,"href":"https:\/\/www.paparazzinews.com.br\/index.php?rest_route=\/wp\/v2\/users\/1"}],"replies":[{"embeddable":true,"href":"https:\/\/www.paparazzinews.com.br\/index.php?rest_route=%2Fwp%2Fv2%2Fcomments&post=3445"}],"version-history":[{"count":1,"href":"https:\/\/www.paparazzinews.com.br\/index.php?rest_route=\/wp\/v2\/posts\/3445\/revisions"}],"predecessor-version":[{"id":3447,"href":"https:\/\/www.paparazzinews.com.br\/index.php?rest_route=\/wp\/v2\/posts\/3445\/revisions\/3447"}],"wp:featuredmedia":[{"embeddable":true,"href":"https:\/\/www.paparazzinews.com.br\/index.php?rest_route=\/wp\/v2\/media\/3446"}],"wp:attachment":[{"href":"https:\/\/www.paparazzinews.com.br\/index.php?rest_route=%2Fwp%2Fv2%2Fmedia&parent=3445"}],"wp:term":[{"taxonomy":"category","embeddable":true,"href":"https:\/\/www.paparazzinews.com.br\/index.php?rest_route=%2Fwp%2Fv2%2Fcategories&post=3445"},{"taxonomy":"post_tag","embeddable":true,"href":"https:\/\/www.paparazzinews.com.br\/index.php?rest_route=%2Fwp%2Fv2%2Ftags&post=3445"}],"curies":[{"name":"wp","href":"https:\/\/api.w.org\/{rel}","templated":true}]}}