{"id":3389,"date":"2023-06-07T19:46:01","date_gmt":"2023-06-07T22:46:01","guid":{"rendered":"https:\/\/www.paparazzinews.com.br\/?p=3389"},"modified":"2023-06-07T19:48:14","modified_gmt":"2023-06-07T22:48:14","slug":"iniciada-operacao-sp-sem-fogo-contra-incendios-florestais","status":"publish","type":"post","link":"https:\/\/www.paparazzinews.com.br\/?p=3389","title":{"rendered":"Iniciada opera\u00e7\u00e3o SP Sem Fogo contra inc\u00eandios florestais"},"content":{"rendered":"\n<p>O Governo do Estado lan\u00e7ou nesta quarta-feira (7) a opera\u00e7\u00e3o S\u00e3o Paulo Sem Fogo para prevenir e combater inc\u00eandios florestais e queimadas em grandes \u00e1reas verdes pr\u00f3ximas a regi\u00f5es rurais e urbanas. Em cerim\u00f4nia no Pal\u00e1cio dos Bandeirantes, o governador Tarc\u00edsio de Freitas refor\u00e7ou o investimento do estado de mais de R$ 97 milh\u00f5es na aquisi\u00e7\u00e3o de equipamentos anti-inc\u00eandio, ve\u00edculos, limpeza de \u00e1reas marginais de rodovias e amplia\u00e7\u00e3o do uso de tecnologia de boletins meteorol\u00f3gicos e monitoramento via sat\u00e9lite.<\/p>\n\n\n\n<p>&#8220;Hoje damos o pontap\u00e9 inicial&nbsp; de um estado de prontid\u00e3o permanente, porque chegamos nesse per\u00edodo mais cr\u00edtico, onde as aten\u00e7\u00f5es v\u00e3o estar voltadas para os inc\u00eandios florestais. Ent\u00e3o, todo esse aparato de equipamentos e tecnologia \u00e0 disposi\u00e7\u00e3o dos munic\u00edpios \u00e9 para que a gente possa prontamente prever ou dar as respostas necess\u00e1rias. Para que a gente tenha um bom resultado, evitando as queimadas, a perda de reserva florestal, a perda da fauna e do patrim\u00f4nio&#8221;, afirmou Tarc\u00edsio de Freitas.<\/p>\n\n\n\n<p>&#8220;N\u00f3s temos que evitar os inc\u00eandios, temos que evitar o cigarro em rodovias, a queimada irregular, o fogo no lixo, evitar os bal\u00f5es, porque s\u00e3o fontes causadoras de inc\u00eandio e o per\u00edodo de estiagem demanda de n\u00f3s esse cuidado permanente&#8221;, completa o governador.&nbsp;<\/p>\n\n\n\n<p>A solenidade tamb\u00e9m teve a participa\u00e7\u00e3o do secret\u00e1rio-chefe da Casa Civil, Arthur Lima, do secret\u00e1rio-chefe da Casa Militar e coordenador da Defesa Civil do Estado, coronel Henguel Ricardo Pereira, dos secret\u00e1rios de Estado Nat\u00e1lia Resende (Meio Ambiente, Infraestrutura e Log\u00edstica), Guilherme Derrite (Seguran\u00e7a P\u00fablica), Lais Vita (Comunica\u00e7\u00e3o), do deputado estadual Gilmaci Santos, presidente em exerc\u00edcio da Assembleia Legislativa do Estado de S\u00e3o Paulo entre outros parlamentares e autoridades estaduais, municipais e representantes da sociedade civil.<\/p>\n\n\n\n<p>A opera\u00e7\u00e3o \u00e9 uma parceria entre as Secretarias de Meio Ambiente, Infraestrutura e Log\u00edstica e de Seguran\u00e7a P\u00fablica com a Defesa Civil do Estado. Al\u00e9m disso, conta tamb\u00e9m com a\u00e7\u00f5es e investimentos do Corpo de Bombeiros, Pol\u00edcia Militar Ambiental, Companhia Ambiental do Estado de S\u00e3o Paulo (Cetesb), Departamento de Estradas de Rodagem (DER), Funda\u00e7\u00e3o Florestal (FF) e Secretaria de Agricultura e Abastecimento.<\/p>\n\n\n\n<p>Entre as inova\u00e7\u00f5es deste ano, o n\u00famero de munic\u00edpios que integram o plano preventivo da Defesa Civil subiu 87%, passando de 69 para 129 cidades participantes. Com a preven\u00e7\u00e3o ampliada em mais localidades, tamb\u00e9m aumenta o n\u00famero de pessoas protegidas contra efeitos da baixa umidade relativa do ar.<\/p>\n\n\n\n<p>Outra novidade \u00e9 o aperfei\u00e7oamento do sistema SMAC, desenvolvido pela Defesa Civil em parceria com a Climatempo para identificar focos de queimada em tempo real com o uso combinado de intelig\u00eancia artificial e an\u00e1lises de imagens de sat\u00e9lites. O software tamb\u00e9m faz previs\u00f5es de risco de queimadas para os pr\u00f3ximos cinco dias, permitindo o envio de alertas antecipados aos munic\u00edpios.<\/p>\n\n\n\n<p>A PM Ambiental disponibilizou 1,2 mil policiais e 560 viaturas para a opera\u00e7\u00e3o neste ano, contando com o refor\u00e7o dos 60 novos ve\u00edculos entregues pela Secretaria de Meio Ambiente, Infraestrutura e Log\u00edstica. Al\u00e9m disso, tamb\u00e9m faz a\u00e7\u00f5es educativas por meio de palestras, oferta de mudas para plantio, recupera\u00e7\u00e3o ambiental e regenera\u00e7\u00e3o de \u00e1reas verdes. J\u00e1 o Corpo de Bombeiros, que atende em m\u00e9dia 25 mil chamados relativos a inc\u00eandios no per\u00edodo de estiagem, conta com 4,5 mil integrantes na opera\u00e7\u00e3o, al\u00e9m de 20 drones e 320 viaturas.&nbsp;<\/p>\n\n\n\n<p>A Pol\u00edcia Civil, por meio da Delegacia do Meio Ambiente, registra e investiga crimes ambientais que, inclusive, podem ser denunciados de forma 100% segura e an\u00f4nima em qualquer distrito policial. A pena para quem provoca inc\u00eandio em mata ou floresta \u00e9 de reclus\u00e3o de dois a quatro anos, al\u00e9m de multa.<\/p>\n\n\n\n<p>O DER tamb\u00e9m vai investir R$ 59 milh\u00f5es na contrata\u00e7\u00e3o de servi\u00e7os de conserva\u00e7\u00e3o e manuten\u00e7\u00e3o das margens das rodovias, com a poda e limpeza das \u00e1reas das respectivas faixas de dom\u00ednio. A limpeza das margens de rodovias \u00e9 uma a\u00e7\u00e3o preventiva fundamental para evitar inc\u00eandios de grandes propor\u00e7\u00f5es em \u00e1reas verdes afetadas pela estiagem.<\/p>\n\n\n\n<p>Desde o in\u00edcio de 2023, a Defesa Civil do Estado j\u00e1 investiu R$ 22,6 milh\u00f5es para equipar servi\u00e7os p\u00fablicos municipais com cem ve\u00edculos e 200 itens de grande porte para combate a inc\u00eandios, como geradores de energias, motosserras e tendas. Outros R$ 800 mil foram aplicados na compra dos chamados kits port\u00e1teis que incluem itens como bombas costais, abafadores, fac\u00f5es, luvas e \u00f3culos de prote\u00e7\u00e3o.<\/p>\n\n\n\n<p>O Governo de S\u00e3o Paulo tamb\u00e9m vai utilizar 30 drones para identifica\u00e7\u00e3o e mapeamento de \u00e1reas sob risco de inc\u00eandio. Ao longo dos pr\u00f3ximos seis meses, a Funda\u00e7\u00e3o Florestal vai investir R$ 7,6 milh\u00f5es na contrata\u00e7\u00e3o de 114 bombeiros civis ir\u00e3o atuar em 81 unidades de conserva\u00e7\u00e3o, incluindo os Parques Estaduais do Juquery, Campos do Jord\u00e3o e Morro do Diabo, al\u00e9m das Esta\u00e7\u00f5es Ecol\u00f3gicas do Jata\u00ed e Barreiro Rico.<\/p>\n\n\n\n<p>O combate ao fogo tamb\u00e9m ser\u00e1 feito por meio de 14 carretas com equipamento de irriga\u00e7\u00e3o, dispon\u00edveis nas rodovias administradas pelo DER, e avi\u00f5es do modelo asa-fixa para dispers\u00e3o de \u00e1gua sobre \u00e1reas verdes em chamas.<\/p>\n\n\n\n<p><strong>Queima prescrita<\/strong><\/p>\n\n\n\n<p>Ao longo do m\u00eas de junho, o Governo de S\u00e3o Paulo tamb\u00e9m ir\u00e1 promover uma t\u00e9cnica conhecida como queima prescrita nas Esta\u00e7\u00f5es Ecol\u00f3gicas de Jata\u00ed e Itirapina, nos munic\u00edpios de Luiz Ant\u00f4nio e Itirapina. A a\u00e7\u00e3o consiste em utilizar o fogo de forma controlada, em pequenos trechos e sob supervis\u00e3o de equipes t\u00e9cnicas, para que as chamas consumam folhas, galhos secos e capim acumulado na superf\u00edcie.<\/p>\n\n\n\n<p>O objetivo \u00e9 reduzir o material combust\u00edvel e, consequentemente, evitar a propaga\u00e7\u00e3o de labaredas durante os inc\u00eandios. Desta forma, uma queimada iniciada fora das esta\u00e7\u00f5es ecol\u00f3gicas seria interrompida assim que atingisse uma faixa de terra em que a queima prescrita foi aplicada previamente.<\/p>\n\n\n\n<p><strong>Comunica\u00e7\u00e3o e preven\u00e7\u00e3o<\/strong><\/p>\n\n\n\n<p>A participa\u00e7\u00e3o direta da popula\u00e7\u00e3o tamb\u00e9m \u00e9 fundamental para impedir e mitigar a propaga\u00e7\u00e3o descontrolada de inc\u00eandios em \u00e1reas verdes durante a estiagem. O Governo de S\u00e3o Paulo est\u00e1 intensificando alertas em \u00e1reas com grande circula\u00e7\u00e3o de pessoas, como terminais de transporte p\u00fablico, rodovias, unidades do Poupatempo, rel\u00f3gios de rua e pontos de \u00f4nibus, al\u00e9m de campanhas em ve\u00edculos de comunica\u00e7\u00e3o e internet.<\/p>\n\n\n\n<p>\u00c9 importante que a popula\u00e7\u00e3o n\u00e3o queime lixo ou jogue bitucas de cigarro em vias p\u00fablicas ou terrenos. Quem solta bal\u00f5es comete crime ambiental, com pena de um a tr\u00eas anos de deten\u00e7\u00e3o e pagamento de multas. As den\u00fancias podem ser feitas diretamente \u00e0 Pol\u00edcia Militar Ambiental ou Corpo de Bombeiros pelos telefones 190 e 193.<\/p>\n\n\n\n<figure class=\"wp-block-image size-full\"><img data-recalc-dims=\"1\" loading=\"lazy\" decoding=\"async\" width=\"708\" height=\"472\" src=\"https:\/\/i0.wp.com\/www.paparazzinews.com.br\/wp-content\/uploads\/2023\/06\/image-1.png?resize=708%2C472&#038;ssl=1\" alt=\"\" class=\"wp-image-3393\" srcset=\"https:\/\/i0.wp.com\/www.paparazzinews.com.br\/wp-content\/uploads\/2023\/06\/image-1.png?w=799&amp;ssl=1 799w, https:\/\/i0.wp.com\/www.paparazzinews.com.br\/wp-content\/uploads\/2023\/06\/image-1.png?resize=300%2C200&amp;ssl=1 300w, https:\/\/i0.wp.com\/www.paparazzinews.com.br\/wp-content\/uploads\/2023\/06\/image-1.png?resize=768%2C512&amp;ssl=1 768w\" sizes=\"auto, (max-width: 708px) 100vw, 708px\" \/><\/figure>\n\n\n\n<p><\/p>\n\n\n\n<figure class=\"wp-block-image size-full\"><img data-recalc-dims=\"1\" loading=\"lazy\" decoding=\"async\" width=\"708\" height=\"472\" src=\"https:\/\/i0.wp.com\/www.paparazzinews.com.br\/wp-content\/uploads\/2023\/06\/image.png?resize=708%2C472&#038;ssl=1\" alt=\"\" class=\"wp-image-3392\" srcset=\"https:\/\/i0.wp.com\/www.paparazzinews.com.br\/wp-content\/uploads\/2023\/06\/image.png?w=799&amp;ssl=1 799w, https:\/\/i0.wp.com\/www.paparazzinews.com.br\/wp-content\/uploads\/2023\/06\/image.png?resize=300%2C200&amp;ssl=1 300w, https:\/\/i0.wp.com\/www.paparazzinews.com.br\/wp-content\/uploads\/2023\/06\/image.png?resize=768%2C512&amp;ssl=1 768w\" sizes=\"auto, (max-width: 708px) 100vw, 708px\" \/><\/figure>\n","protected":false},"excerpt":{"rendered":"<p>O Governo do Estado lan\u00e7ou nesta quarta-feira (7) a opera\u00e7\u00e3o S\u00e3o Paulo Sem Fogo para prevenir e combater inc\u00eandios florestais e queimadas em grandes \u00e1reas verdes pr\u00f3ximas a regi\u00f5es rurais e urbanas. Em cerim\u00f4nia no Pal\u00e1cio dos Bandeirantes, o governador Tarc\u00edsio de Freitas refor\u00e7ou o investimento do estado de mais de R$ 97 milh\u00f5es na &hellip;<\/p>\n","protected":false},"author":1,"featured_media":3390,"comment_status":"open","ping_status":"open","sticky":false,"template":"","format":"standard","meta":{"_jetpack_memberships_contains_paid_content":false,"footnotes":"","jetpack_publicize_message":"","jetpack_publicize_feature_enabled":true,"jetpack_social_post_already_shared":false,"jetpack_social_options":{"image_generator_settings":{"template":"highway","default_image_id":0,"enabled":false},"version":2}},"categories":[3],"tags":[],"class_list":["post-3389","post","type-post","status-publish","format-standard","has-post-thumbnail","hentry","category-policial"],"jetpack_publicize_connections":[],"jetpack_featured_media_url":"https:\/\/i0.wp.com\/www.paparazzinews.com.br\/wp-content\/uploads\/2023\/06\/00050653.jpg?fit=799%2C497&ssl=1","views":"2862","jetpack_likes_enabled":true,"jetpack_sharing_enabled":true,"_links":{"self":[{"href":"https:\/\/www.paparazzinews.com.br\/index.php?rest_route=\/wp\/v2\/posts\/3389","targetHints":{"allow":["GET"]}}],"collection":[{"href":"https:\/\/www.paparazzinews.com.br\/index.php?rest_route=\/wp\/v2\/posts"}],"about":[{"href":"https:\/\/www.paparazzinews.com.br\/index.php?rest_route=\/wp\/v2\/types\/post"}],"author":[{"embeddable":true,"href":"https:\/\/www.paparazzinews.com.br\/index.php?rest_route=\/wp\/v2\/users\/1"}],"replies":[{"embeddable":true,"href":"https:\/\/www.paparazzinews.com.br\/index.php?rest_route=%2Fwp%2Fv2%2Fcomments&post=3389"}],"version-history":[{"count":2,"href":"https:\/\/www.paparazzinews.com.br\/index.php?rest_route=\/wp\/v2\/posts\/3389\/revisions"}],"predecessor-version":[{"id":3395,"href":"https:\/\/www.paparazzinews.com.br\/index.php?rest_route=\/wp\/v2\/posts\/3389\/revisions\/3395"}],"wp:featuredmedia":[{"embeddable":true,"href":"https:\/\/www.paparazzinews.com.br\/index.php?rest_route=\/wp\/v2\/media\/3390"}],"wp:attachment":[{"href":"https:\/\/www.paparazzinews.com.br\/index.php?rest_route=%2Fwp%2Fv2%2Fmedia&parent=3389"}],"wp:term":[{"taxonomy":"category","embeddable":true,"href":"https:\/\/www.paparazzinews.com.br\/index.php?rest_route=%2Fwp%2Fv2%2Fcategories&post=3389"},{"taxonomy":"post_tag","embeddable":true,"href":"https:\/\/www.paparazzinews.com.br\/index.php?rest_route=%2Fwp%2Fv2%2Ftags&post=3389"}],"curies":[{"name":"wp","href":"https:\/\/api.w.org\/{rel}","templated":true}]}}