{"id":3320,"date":"2023-06-06T15:41:59","date_gmt":"2023-06-06T18:41:59","guid":{"rendered":"https:\/\/www.paparazzinews.com.br\/?p=3320"},"modified":"2023-06-06T16:10:10","modified_gmt":"2023-06-06T19:10:10","slug":"policia-ambiental-de-castilho-reprimi-trafico-de-animais-e-fiscaliza-madeireiras","status":"publish","type":"post","link":"https:\/\/www.paparazzinews.com.br\/?p=3320","title":{"rendered":"Pol\u00edcia Ambiental de Castilho reprime tr\u00e1fico de animais e fiscaliza madeireiras"},"content":{"rendered":"\n<p>No Dia Mundial do Meio Ambiente, o 2\u00b0 Pelot\u00e3o de Pol\u00edcia Ambiental de Castilho, em parceria com outras institui\u00e7\u00f5es ambientais, realizou a &#8220;Opera\u00e7\u00e3o Semana do Meio Ambiente&#8221;. A a\u00e7\u00e3o teve como objetivo principal fiscalizar o transporte de madeira, combater atividades ilegais em madeireiras e reprimir o tr\u00e1fico de animais silvestres na regi\u00e3o.<\/p>\n\n\n\n<p>Al\u00e9m das atividades de fiscaliza\u00e7\u00e3o, a Pol\u00edcia Militar Ambiental tamb\u00e9m realizou uma a\u00e7\u00e3o de educa\u00e7\u00e3o ambiental em parceria com uma escola p\u00fablica local. O objetivo foi conscientizar os alunos sobre a import\u00e2ncia da preserva\u00e7\u00e3o ambiental, estimulando a reflex\u00e3o acerca do papel de cada indiv\u00edduo na conserva\u00e7\u00e3o dos recursos naturais e na prote\u00e7\u00e3o da biodiversidade.<\/p>\n\n\n\n<p>A opera\u00e7\u00e3o &#8220;Semana do Meio Ambiente&#8221; \u00e9 mais uma iniciativa da Pol\u00edcia Militar Ambiental de Castilho para refor\u00e7ar seu engajamento na prote\u00e7\u00e3o do meio ambiente e no bem-estar da popula\u00e7\u00e3o. A conscientiza\u00e7\u00e3o e a\u00e7\u00e3o conjunta s\u00e3o fundamentais para garantir a preserva\u00e7\u00e3o dos recursos naturais e um futuro melhor para as pr\u00f3ximas gera\u00e7\u00f5es.<\/p>\n\n\n<div class=\"wp-block-image\">\n<figure class=\"aligncenter size-large\"><img data-recalc-dims=\"1\" loading=\"lazy\" decoding=\"async\" width=\"708\" height=\"531\" src=\"https:\/\/i0.wp.com\/www.paparazzinews.com.br\/wp-content\/uploads\/2023\/06\/94e57b90-e244-4c48-87cd-36d35a23b8f4.jpg?resize=708%2C531&#038;ssl=1\" alt=\"\" class=\"wp-image-3322\"\/><\/figure>\n<\/div>\n\n<div class=\"wp-block-image\">\n<figure class=\"aligncenter size-large\"><img data-recalc-dims=\"1\" loading=\"lazy\" decoding=\"async\" width=\"708\" height=\"531\" src=\"https:\/\/i0.wp.com\/www.paparazzinews.com.br\/wp-content\/uploads\/2023\/06\/6daa353e-c025-49dc-837b-c864bd7092e1.jpg?resize=708%2C531&#038;ssl=1\" alt=\"\" class=\"wp-image-3323\"\/><\/figure>\n<\/div>","protected":false},"excerpt":{"rendered":"<p>No Dia Mundial do Meio Ambiente, o 2\u00b0 Pelot\u00e3o de Pol\u00edcia Ambiental de Castilho, em parceria com outras institui\u00e7\u00f5es ambientais, realizou a &#8220;Opera\u00e7\u00e3o Semana do Meio Ambiente&#8221;. A a\u00e7\u00e3o teve como objetivo principal fiscalizar o transporte de madeira, combater atividades ilegais em madeireiras e reprimir o tr\u00e1fico de animais silvestres na regi\u00e3o. Al\u00e9m das atividades &hellip;<\/p>\n","protected":false},"author":1,"featured_media":3321,"comment_status":"open","ping_status":"open","sticky":false,"template":"","format":"standard","meta":{"_jetpack_memberships_contains_paid_content":false,"footnotes":"","jetpack_publicize_message":"","jetpack_publicize_feature_enabled":true,"jetpack_social_post_already_shared":false,"jetpack_social_options":{"image_generator_settings":{"template":"highway","default_image_id":0,"enabled":false},"version":2}},"categories":[3],"tags":[],"class_list":["post-3320","post","type-post","status-publish","format-standard","has-post-thumbnail","hentry","category-policial"],"jetpack_publicize_connections":[],"jetpack_featured_media_url":"https:\/\/i0.wp.com\/www.paparazzinews.com.br\/wp-content\/uploads\/2023\/06\/4418ea82-e4e5-4b5c-9b9b-a4d878484ce2-e1686076798725.jpg?fit=1000%2C750&ssl=1","views":"2562","jetpack_likes_enabled":true,"jetpack_sharing_enabled":true,"_links":{"self":[{"href":"https:\/\/www.paparazzinews.com.br\/index.php?rest_route=\/wp\/v2\/posts\/3320","targetHints":{"allow":["GET"]}}],"collection":[{"href":"https:\/\/www.paparazzinews.com.br\/index.php?rest_route=\/wp\/v2\/posts"}],"about":[{"href":"https:\/\/www.paparazzinews.com.br\/index.php?rest_route=\/wp\/v2\/types\/post"}],"author":[{"embeddable":true,"href":"https:\/\/www.paparazzinews.com.br\/index.php?rest_route=\/wp\/v2\/users\/1"}],"replies":[{"embeddable":true,"href":"https:\/\/www.paparazzinews.com.br\/index.php?rest_route=%2Fwp%2Fv2%2Fcomments&post=3320"}],"version-history":[{"count":2,"href":"https:\/\/www.paparazzinews.com.br\/index.php?rest_route=\/wp\/v2\/posts\/3320\/revisions"}],"predecessor-version":[{"id":3333,"href":"https:\/\/www.paparazzinews.com.br\/index.php?rest_route=\/wp\/v2\/posts\/3320\/revisions\/3333"}],"wp:featuredmedia":[{"embeddable":true,"href":"https:\/\/www.paparazzinews.com.br\/index.php?rest_route=\/wp\/v2\/media\/3321"}],"wp:attachment":[{"href":"https:\/\/www.paparazzinews.com.br\/index.php?rest_route=%2Fwp%2Fv2%2Fmedia&parent=3320"}],"wp:term":[{"taxonomy":"category","embeddable":true,"href":"https:\/\/www.paparazzinews.com.br\/index.php?rest_route=%2Fwp%2Fv2%2Fcategories&post=3320"},{"taxonomy":"post_tag","embeddable":true,"href":"https:\/\/www.paparazzinews.com.br\/index.php?rest_route=%2Fwp%2Fv2%2Ftags&post=3320"}],"curies":[{"name":"wp","href":"https:\/\/api.w.org\/{rel}","templated":true}]}}