{"id":3313,"date":"2023-06-06T15:19:19","date_gmt":"2023-06-06T18:19:19","guid":{"rendered":"https:\/\/www.paparazzinews.com.br\/?p=3313"},"modified":"2023-06-06T15:19:21","modified_gmt":"2023-06-06T18:19:21","slug":"aguas-andradina-e-castilho-divulgam-programacao-de-atividades-da-educacao-ambiental","status":"publish","type":"post","link":"https:\/\/www.paparazzinews.com.br\/?p=3313","title":{"rendered":"\u00c1guas Andradina e Castilho divulgam programa\u00e7\u00e3o de atividades da educa\u00e7\u00e3o ambiental"},"content":{"rendered":"\n<p>Neste m\u00eas em que \u00e9 comemorado o Dia Mundial do Meio Ambiente, a equipe de Responsabilidade Social e Meio Ambiente da \u00c1guas Andradina e da \u00c1guas Castilho, empresas do grupo Igua Saneamento e Sabesp, divulgam uma s\u00e9rie de a\u00e7\u00f5es.<\/p>\n\n\n\n<p>A semana come\u00e7ou com muita informa\u00e7\u00e3o. Nesta segunda-feira (05\/06), data em que \u00e9 comemorado o Dia Mundial do Meio Ambiente, foi realizada uma sensibiliza\u00e7\u00e3o com os colaboradores das concession\u00e1rias sobre a import\u00e2ncia deste tema. Na parte da tarde, aconteceu mais uma edi\u00e7\u00e3o do projeto Voc\u00ea no Saneamento com a participa\u00e7\u00e3o de crian\u00e7as atendidas pelo CRAS (Centro de Refer\u00eancia de Assist\u00eancia Social) de Castilho. Eles conheceram de perto as instala\u00e7\u00f5es da \u00c1guas Castilho.<\/p>\n\n\n\n<p>A\u00e7\u00f5es nas escolas<\/p>\n\n\n\n<p>Voc\u00ea sabia que uma garrafa pet leva ao menos 400 anos para se decompor na natureza? Nas m\u00e3os da Cia. Bonecos Urbanos, o que estava destinado ao lixo, vira arte e educa\u00e7\u00e3o ambiental em espet\u00e1culos de teatro e oficinas.<\/p>\n\n\n\n<p>E essa consci\u00eancia ambiental ser\u00e1 passada para cerca de 3 mil alunos e professores de Andradina e Castilho, por meio do Bonecos Urbanos em A\u00e7\u00e3o &#8211; uma iniciativa apoiada pela Igu\u00e1 Saneamento, uma das controladoras da \u00c1guas Andradina e \u00c1guas Castilho, concession\u00e1rias de \u00e1gua e esgoto dessas cidades. Esse trabalho \u00e9 uma realiza\u00e7\u00e3o do Minist\u00e9rio da Cultura por meio da lei de incentivo \u00e0 cultura com patroc\u00ednio da Igu\u00e1 Saneamento e apoio cultural da \u00c1guas Andradina e \u00c1guas Castilho e prefeituras dessas cidades. As atividades v\u00e3o come\u00e7ar a partir de julho.<\/p>\n\n\n\n<p>\u201cEsse assunto \u00e9 t\u00e3o relevante globalmente que a Organiza\u00e7\u00e3o das Na\u00e7\u00f5es Unidas (ONU) escolheu o tema \u201csolu\u00e7\u00f5es para a polui\u00e7\u00e3o pl\u00e1stica\u201d para comemorar o Dia Mundial do Meio Ambiente 2023. Esta a\u00e7\u00e3o reafirma o compromisso das concession\u00e1rias com os princ\u00edpios ESG (Meio Ambiente, Social e Governan\u00e7a)\u201d, explica o diretor geral da \u00c1guas Andradina e \u00c1guas Castilho, Lu\u00eds Guilherme Bizelli<\/p>\n\n\n\n<p>\u201cA ideia \u00e9 levar arte para quem nunca pisou em um teatro e, principalmente, usar a linguagem l\u00fadica para trabalhar conceitos de preserva\u00e7\u00e3o ambiental e diversidade. E, principalmente, despertar nos professores e alunos envolvidos um novo olhar para o lixo por meio das oficinas. Garrafas pets, tampas e meias usadas viram bonecos, despertando o interesse pela arte do teatro e consci\u00eancia ambiental em quem participa\u201d, explica Andr\u00e9 Luiz, integrante da Cia e idealizador do projeto. A Cia Bonecos Urbanos tem 25 anos de hist\u00f3ria, entre os trabalhos de manipula\u00e7\u00e3o e confec\u00e7\u00e3o de bonecos para produ\u00e7\u00f5es de Teatro e Audiovisual, seus atores marcam presen\u00e7a na televis\u00e3o em programas como o Cocoric\u00f3, da TV Cultura.<\/p>\n\n\n\n<p>\u201cInvestir em projetos de responsabilidade social e ambiental faz parte da nossa rotina durante o ano todo e tem ganhado cada vez mais for\u00e7a, impactando de forma positiva a vida de quem mora nas comunidades onde atuamos. Desta forma, assumimos cada vez mais protagonismo nessa miss\u00e3o de transforma\u00e7\u00e3o para um desenvolvimento sustent\u00e1vel\u201d, afirma Bizelli.<\/p>\n\n\n\n<p>As a\u00e7\u00f5es come\u00e7am a partir de julho e v\u00e3o at\u00e9 agosto. As oficinas para alunos e educadores ser\u00e3o exclusivas para as escolas da rede municipal de ensino<\/p>\n\n\n\n<p><strong>Confira a programa\u00e7\u00e3o completa:<\/strong><\/p>\n\n\n<div class=\"wp-block-image\">\n<figure class=\"aligncenter size-full\"><img data-recalc-dims=\"1\" loading=\"lazy\" decoding=\"async\" width=\"708\" height=\"674\" src=\"https:\/\/i0.wp.com\/www.paparazzinews.com.br\/wp-content\/uploads\/2023\/06\/c031b047-650b-413d-93d8-66967577137c.jpg?resize=708%2C674&#038;ssl=1\" alt=\"\" class=\"wp-image-3314\" srcset=\"https:\/\/i0.wp.com\/www.paparazzinews.com.br\/wp-content\/uploads\/2023\/06\/c031b047-650b-413d-93d8-66967577137c.jpg?w=885&amp;ssl=1 885w, https:\/\/i0.wp.com\/www.paparazzinews.com.br\/wp-content\/uploads\/2023\/06\/c031b047-650b-413d-93d8-66967577137c.jpg?resize=300%2C285&amp;ssl=1 300w, https:\/\/i0.wp.com\/www.paparazzinews.com.br\/wp-content\/uploads\/2023\/06\/c031b047-650b-413d-93d8-66967577137c.jpg?resize=768%2C731&amp;ssl=1 768w\" sizes=\"auto, (max-width: 708px) 100vw, 708px\" \/><\/figure>\n<\/div>","protected":false},"excerpt":{"rendered":"<p>Neste m\u00eas em que \u00e9 comemorado o Dia Mundial do Meio Ambiente, a equipe de Responsabilidade Social e Meio Ambiente da \u00c1guas Andradina e da \u00c1guas Castilho, empresas do grupo Igua Saneamento e Sabesp, divulgam uma s\u00e9rie de a\u00e7\u00f5es. A semana come\u00e7ou com muita informa\u00e7\u00e3o. Nesta segunda-feira (05\/06), data em que \u00e9 comemorado o Dia &hellip;<\/p>\n","protected":false},"author":1,"featured_media":3315,"comment_status":"open","ping_status":"open","sticky":false,"template":"","format":"standard","meta":{"_jetpack_memberships_contains_paid_content":false,"footnotes":"","jetpack_publicize_message":"","jetpack_publicize_feature_enabled":true,"jetpack_social_post_already_shared":false,"jetpack_social_options":{"image_generator_settings":{"template":"highway","default_image_id":0,"enabled":false},"version":2}},"categories":[6],"tags":[],"class_list":["post-3313","post","type-post","status-publish","format-standard","has-post-thumbnail","hentry","category-entretenimento"],"jetpack_publicize_connections":[],"jetpack_featured_media_url":"https:\/\/i0.wp.com\/www.paparazzinews.com.br\/wp-content\/uploads\/2023\/06\/e7a066d1-7dda-4c16-9cd3-4db08eb1037b-e1686075511941.jpg?fit=1000%2C666&ssl=1","views":"4177","jetpack_likes_enabled":true,"jetpack_sharing_enabled":true,"_links":{"self":[{"href":"https:\/\/www.paparazzinews.com.br\/index.php?rest_route=\/wp\/v2\/posts\/3313","targetHints":{"allow":["GET"]}}],"collection":[{"href":"https:\/\/www.paparazzinews.com.br\/index.php?rest_route=\/wp\/v2\/posts"}],"about":[{"href":"https:\/\/www.paparazzinews.com.br\/index.php?rest_route=\/wp\/v2\/types\/post"}],"author":[{"embeddable":true,"href":"https:\/\/www.paparazzinews.com.br\/index.php?rest_route=\/wp\/v2\/users\/1"}],"replies":[{"embeddable":true,"href":"https:\/\/www.paparazzinews.com.br\/index.php?rest_route=%2Fwp%2Fv2%2Fcomments&post=3313"}],"version-history":[{"count":1,"href":"https:\/\/www.paparazzinews.com.br\/index.php?rest_route=\/wp\/v2\/posts\/3313\/revisions"}],"predecessor-version":[{"id":3316,"href":"https:\/\/www.paparazzinews.com.br\/index.php?rest_route=\/wp\/v2\/posts\/3313\/revisions\/3316"}],"wp:featuredmedia":[{"embeddable":true,"href":"https:\/\/www.paparazzinews.com.br\/index.php?rest_route=\/wp\/v2\/media\/3315"}],"wp:attachment":[{"href":"https:\/\/www.paparazzinews.com.br\/index.php?rest_route=%2Fwp%2Fv2%2Fmedia&parent=3313"}],"wp:term":[{"taxonomy":"category","embeddable":true,"href":"https:\/\/www.paparazzinews.com.br\/index.php?rest_route=%2Fwp%2Fv2%2Fcategories&post=3313"},{"taxonomy":"post_tag","embeddable":true,"href":"https:\/\/www.paparazzinews.com.br\/index.php?rest_route=%2Fwp%2Fv2%2Ftags&post=3313"}],"curies":[{"name":"wp","href":"https:\/\/api.w.org\/{rel}","templated":true}]}}