{"id":331,"date":"2022-07-19T14:47:02","date_gmt":"2022-07-19T17:47:02","guid":{"rendered":"https:\/\/www.paparazzinews.com.br\/?p=331"},"modified":"2022-07-19T14:51:44","modified_gmt":"2022-07-19T17:51:44","slug":"cavalgada-marca-retorno-da-tradicao-de-andradina","status":"publish","type":"post","link":"https:\/\/www.paparazzinews.com.br\/?p=331","title":{"rendered":"Cavalgada marca retorno da tradi\u00e7\u00e3o de Andradina"},"content":{"rendered":"\n<p>O retorno da Cavalgada Entre Amigos, em comemora\u00e7\u00e3o ao anivers\u00e1rio de 85 anos de Andradina o Governo de Andradina foi um grande sucesso. Movidos pela tradi\u00e7\u00e3o tropeira, que est\u00e1 intimamente ligado as origens da cidade, cerca de dois mil cavaleiros fizeram um percurso pelas ruas de Andradina para lembrar a import\u00e2ncia da figura do sertanejo que transportava uma das maiores riquezas que fizeram desenvolver o interior do pa\u00eds, o gado.<\/p>\n\n\n\n<p>Na bagagem, no lombo dos cavalos, a mem\u00f3ria viva das tradi\u00e7\u00f5es do campo, numa verdadeira prociss\u00e3o da cultura. O evento est\u00e1 em sua 10\u00aa edi\u00e7\u00e3o e \u00e9 considerada a segunda maior do Estado de S\u00e3o Paulo.<br>Fam\u00edlias inteiras desfilaram o orgulho nato de pertencerem ao mundo do \u201chomem do campo\u201d, ainda muito forte na cultura do interior das cidades paulistas e por que n\u00e3o dizer de todo o pa\u00eds.<\/p>\n\n\n\n<p>\u201cA cavalgada \u00e9 a mais tradicional festa popular Andradinense e ligada as nossas tradi\u00e7\u00f5es. N\u00e3o poder\u00edamos ficar de fora dos festejos da cidade que est\u00e1 entrando no mapa dos grandes destinos tur\u00edsticos do pa\u00eds\u201d, disse uma das lideran\u00e7as do grupo Carlos Bisneto.<\/p>\n\n\n\n<p>A popula\u00e7\u00e3o da cidade parou para ver a passagem dos cavaleiros por todo o percurso que terminou no Parque de Exposi\u00e7\u00f5es Miguel Rodrigues da Silva, o, pecuarista goiano, pais de um dos maiores benfeitores da cidade Orensy Rodrigues da Silva, que escolheu Andradina como sua \u201cterra do cora\u00e7\u00e3o\u201d.<\/p>\n\n\n\n<p>Para marcar uma d\u00e9cada de tradi\u00e7\u00e3o, a cavalgada culminou com um churrasco na chegada com show da dupla Marco T\u00falio &amp; Luciano e Orquestra de Viola Caipira no recinto da Expoan.<\/p>\n","protected":false},"excerpt":{"rendered":"<p>O retorno da Cavalgada Entre Amigos, em comemora\u00e7\u00e3o ao anivers\u00e1rio de 85 anos de Andradina o Governo de Andradina foi um grande sucesso. Movidos pela tradi\u00e7\u00e3o tropeira, que est\u00e1 intimamente ligado as origens da cidade, cerca de dois mil cavaleiros fizeram um percurso pelas ruas de Andradina para lembrar a import\u00e2ncia da figura do sertanejo &hellip;<\/p>\n","protected":false},"author":1,"featured_media":332,"comment_status":"open","ping_status":"open","sticky":false,"template":"","format":"standard","meta":{"_jetpack_memberships_contains_paid_content":false,"footnotes":"","jetpack_publicize_message":"","jetpack_publicize_feature_enabled":true,"jetpack_social_post_already_shared":false,"jetpack_social_options":{"image_generator_settings":{"template":"highway","default_image_id":0,"enabled":false},"version":2}},"categories":[6],"tags":[],"class_list":["post-331","post","type-post","status-publish","format-standard","has-post-thumbnail","hentry","category-entretenimento"],"jetpack_publicize_connections":[],"jetpack_featured_media_url":"https:\/\/i0.wp.com\/www.paparazzinews.com.br\/wp-content\/uploads\/2022\/07\/30a5af28-f989-4bbf-8c64-5b29431acc48-e1658252788730.jpg?fit=1000%2C750&ssl=1","views":"3297","jetpack_likes_enabled":true,"jetpack_sharing_enabled":true,"_links":{"self":[{"href":"https:\/\/www.paparazzinews.com.br\/index.php?rest_route=\/wp\/v2\/posts\/331","targetHints":{"allow":["GET"]}}],"collection":[{"href":"https:\/\/www.paparazzinews.com.br\/index.php?rest_route=\/wp\/v2\/posts"}],"about":[{"href":"https:\/\/www.paparazzinews.com.br\/index.php?rest_route=\/wp\/v2\/types\/post"}],"author":[{"embeddable":true,"href":"https:\/\/www.paparazzinews.com.br\/index.php?rest_route=\/wp\/v2\/users\/1"}],"replies":[{"embeddable":true,"href":"https:\/\/www.paparazzinews.com.br\/index.php?rest_route=%2Fwp%2Fv2%2Fcomments&post=331"}],"version-history":[{"count":1,"href":"https:\/\/www.paparazzinews.com.br\/index.php?rest_route=\/wp\/v2\/posts\/331\/revisions"}],"predecessor-version":[{"id":333,"href":"https:\/\/www.paparazzinews.com.br\/index.php?rest_route=\/wp\/v2\/posts\/331\/revisions\/333"}],"wp:featuredmedia":[{"embeddable":true,"href":"https:\/\/www.paparazzinews.com.br\/index.php?rest_route=\/wp\/v2\/media\/332"}],"wp:attachment":[{"href":"https:\/\/www.paparazzinews.com.br\/index.php?rest_route=%2Fwp%2Fv2%2Fmedia&parent=331"}],"wp:term":[{"taxonomy":"category","embeddable":true,"href":"https:\/\/www.paparazzinews.com.br\/index.php?rest_route=%2Fwp%2Fv2%2Fcategories&post=331"},{"taxonomy":"post_tag","embeddable":true,"href":"https:\/\/www.paparazzinews.com.br\/index.php?rest_route=%2Fwp%2Fv2%2Ftags&post=331"}],"curies":[{"name":"wp","href":"https:\/\/api.w.org\/{rel}","templated":true}]}}