{"id":3223,"date":"2023-06-05T18:30:50","date_gmt":"2023-06-05T21:30:50","guid":{"rendered":"https:\/\/www.paparazzinews.com.br\/?p=3223"},"modified":"2023-06-05T18:30:51","modified_gmt":"2023-06-05T21:30:51","slug":"castilho-nao-tem-dia-do-meio-ambiente-aqui-acoes-sao-nos-365-dias","status":"publish","type":"post","link":"https:\/\/www.paparazzinews.com.br\/?p=3223","title":{"rendered":"Castilho n\u00e3o tem Dia do Meio Ambiente. &#8220;Aqui, a\u00e7\u00f5es s\u00e3o nos 365 dias&#8221;"},"content":{"rendered":"\n<blockquote class=\"wp-block-quote is-layout-flow wp-block-quote-is-layout-flow\">\n<p><\/p>\n<cite><strong>\u00c9 com estas palavras e um portf\u00f3lio de grande alcance que a gestora municipal de Meio Ambiente \u2013 Maria Cust\u00f3dio, explica o comprometimento de Castilho com a preserva\u00e7\u00e3o ambiental<\/strong><\/cite><\/blockquote>\n\n\n\n<p>A secretaria municipal de Educa\u00e7\u00e3o encerra nesta segunda-feira (05) mais uma parceria bem sucedida com o setor de Meio Ambiente da SAMAT, recebendo nada menos que 700 estudantes da pr\u00e9-escola numa viagem m\u00e1gica para conhecer a natureza e se transformarem em Guardi\u00f5es do Meio Ambiente.<\/p>\n\n\n\n<p>O programa desenvolvido em conjunto pelos dois setores, \u00e9 parte de uma programa\u00e7\u00e3o muito mais ampla, que extrapola todo o planejamento regional para celebrar o DIA MUNDIAL DO MEIO AMBIENTE, comemorado hoje, dia 05 de junho. Antes mesmo de iniciar o m\u00eas de maio, as engenheiras ambientais Maria Cust\u00f3dio e Elaine Ludovico tem recepcionado grupos distintos em visitas assistidas ao Viveiro Municipal e ao Barrac\u00e3o de Reciclagem.<br><\/p>\n\n\n\n<p>\u201cNossa equipe tem desenvolvido um trabalho bacana em Castilho. Estamos presentes em todos os eventos promovidos pela Prefeitura, distribuindo kits, sementes, adubo, panfletos, mudas de \u00e1rvores nativas e divulgando o trabalho de reciclagem. Como as escolas s\u00e3o o caminho para o cora\u00e7\u00e3o das fam\u00edlias castilhenses, temos ofertado desde o in\u00edcio do ano palestras, visitas assistidas e participando ativamente de atividades ambientais desenvolvidas por outros setores da Administra\u00e7\u00e3o Municipal. Agora, depois de todo o sucesso e repercuss\u00e3o regional do projeto \u2018Guardi\u00e3o Ambiental\u2019, estamos seguindo para duas outras etapas de conscientiza\u00e7\u00e3o igualmente importantes\u201d, afirma a gestora de meio ambiente, Maria Cust\u00f3dio.<\/p>\n\n\n\n<p><strong>PR\u00d3XIMAS ETAPA<\/strong><br>Como Maria e Elaine costumam dizer, a preserva\u00e7\u00e3o e conscientiza\u00e7\u00e3o sobre uso correto dos recursos naturais \u00e9 trabalho cont\u00ednuo que n\u00e3o se limita a um curto espa\u00e7o de tempo. Agora, ap\u00f3s terem dedicado os quatro primeiros meses do ano \u00e0 educa\u00e7\u00e3o infantil e da sociedade organizada, elas entendem que \u00e9 preciso refor\u00e7ar nas ruas o recadinho que os pais recebem constantemente dos filhos.<\/p>\n\n\n\n<p>A etapa seguinte da campanha de conscientiza\u00e7\u00e3o sobre a necessidade de preserva\u00e7\u00e3o ambiental ser\u00e1 realizada pr\u00f3ximo \u00e0 rotat\u00f3ria do bairro Nova York. A partir das 08h, uma equipe composta por Policiais Ambientais, Atividade Delegada e representantes do setor de Meio Ambiente estar\u00e3o posicionados nas duas faixas da Via de Acesso \u201cAnt\u00f4nio Vieira de Brito\u201d para recepcionar quem entra e sai da \u00e1rea urbana de Castilho.<\/p>\n\n\n\n<p>A abordagem visa a orienta\u00e7\u00e3o dos condutores, que receber\u00e3o panfletos informativos, dicas de seguran\u00e7a por parte das autoridades policiais e r\u00e9guas indicando o tamanho ideal dos peixes fisgados e retirados dos rios e lagos de Castilho.<\/p>\n\n\n\n<p>Finalizada esta etapa no per\u00edodo da manh\u00e3, o grupo segue para as pousadas ribeirinhas do munic\u00edpio, onde realizar\u00e3o vistorias e orienta\u00e7\u00e3o em pontos espec\u00edficos de sa\u00edda do territ\u00f3rio castilhense.<br>Al\u00e9m deste trabalho orientativo junto \u00e0s vias de acesso, o setor de Meio Ambiente da SAMAT preparou uma programa\u00e7\u00e3o especial que pretende percorrer os principais bairros urbanos e rurais do munic\u00edpio.<br>A data de in\u00edcio deste projeto est\u00e1 marcada para o dia 24 de junho, no bairro Nova York. A partir das 08h, tendas e outros dispositivos de atendimento ao p\u00fablico estar\u00e3o dispon\u00edveis na pra\u00e7a \u201cPor do Sol\u201d.<\/p>\n\n\n\n<p>\u201cEscolhemos o Nova York porque pra atingir as metas do programa estadual Munic\u00edpio VerdeAzul, Castilho realiza um monitoramento sistem\u00e1tico sobre o descarte de lixo em cada \u00e1rea da cidade. Este diagn\u00f3stico revela que o Nova York \u00e9 o bairro com maior volume de res\u00edduos descartados sem a devida separa\u00e7\u00e3o. Por isso, esta campanha tem o objetivo de transmitir informa\u00e7\u00f5es essenciais sobre o servi\u00e7o Disk Ca\u00e7amba, o programa municipal de Coleta Seletiva e o mapeamento de coleta regular de lixo dom\u00e9stico. \u00c9 um trabalho de orienta\u00e7\u00e3o, que esperamos atingir bons resultados. Pra isso teremos uma equipe preparada para distribuir panfletos, explicar, \u00e1rea pras crian\u00e7as se divertirem e, \u00e9 claro, a presen\u00e7a do \u2018Castileco\u2019, nossa mascote da Coleta Seletiva\u201d, finalizou Maria Cust\u00f3dio, gestora Ambiental.<\/p>\n","protected":false},"excerpt":{"rendered":"<p>\u00c9 com estas palavras e um portf\u00f3lio de grande alcance que a gestora municipal de Meio Ambiente \u2013 Maria Cust\u00f3dio, explica o comprometimento de Castilho com a preserva\u00e7\u00e3o ambiental A secretaria municipal de Educa\u00e7\u00e3o encerra nesta segunda-feira (05) mais uma parceria bem sucedida com o setor de Meio Ambiente da SAMAT, recebendo nada menos que &hellip;<\/p>\n","protected":false},"author":1,"featured_media":3224,"comment_status":"open","ping_status":"open","sticky":false,"template":"","format":"standard","meta":{"_jetpack_memberships_contains_paid_content":false,"footnotes":"","jetpack_publicize_message":"","jetpack_publicize_feature_enabled":true,"jetpack_social_post_already_shared":false,"jetpack_social_options":{"image_generator_settings":{"template":"highway","default_image_id":0,"enabled":false},"version":2}},"categories":[6],"tags":[],"class_list":["post-3223","post","type-post","status-publish","format-standard","has-post-thumbnail","hentry","category-entretenimento"],"jetpack_publicize_connections":[],"jetpack_featured_media_url":"https:\/\/i0.wp.com\/www.paparazzinews.com.br\/wp-content\/uploads\/2023\/06\/58a3863f-1978-49c7-aefb-ede79743384b-e1686000641705.jpg?fit=1000%2C450&ssl=1","views":"2583","jetpack_likes_enabled":true,"jetpack_sharing_enabled":true,"_links":{"self":[{"href":"https:\/\/www.paparazzinews.com.br\/index.php?rest_route=\/wp\/v2\/posts\/3223","targetHints":{"allow":["GET"]}}],"collection":[{"href":"https:\/\/www.paparazzinews.com.br\/index.php?rest_route=\/wp\/v2\/posts"}],"about":[{"href":"https:\/\/www.paparazzinews.com.br\/index.php?rest_route=\/wp\/v2\/types\/post"}],"author":[{"embeddable":true,"href":"https:\/\/www.paparazzinews.com.br\/index.php?rest_route=\/wp\/v2\/users\/1"}],"replies":[{"embeddable":true,"href":"https:\/\/www.paparazzinews.com.br\/index.php?rest_route=%2Fwp%2Fv2%2Fcomments&post=3223"}],"version-history":[{"count":1,"href":"https:\/\/www.paparazzinews.com.br\/index.php?rest_route=\/wp\/v2\/posts\/3223\/revisions"}],"predecessor-version":[{"id":3225,"href":"https:\/\/www.paparazzinews.com.br\/index.php?rest_route=\/wp\/v2\/posts\/3223\/revisions\/3225"}],"wp:featuredmedia":[{"embeddable":true,"href":"https:\/\/www.paparazzinews.com.br\/index.php?rest_route=\/wp\/v2\/media\/3224"}],"wp:attachment":[{"href":"https:\/\/www.paparazzinews.com.br\/index.php?rest_route=%2Fwp%2Fv2%2Fmedia&parent=3223"}],"wp:term":[{"taxonomy":"category","embeddable":true,"href":"https:\/\/www.paparazzinews.com.br\/index.php?rest_route=%2Fwp%2Fv2%2Fcategories&post=3223"},{"taxonomy":"post_tag","embeddable":true,"href":"https:\/\/www.paparazzinews.com.br\/index.php?rest_route=%2Fwp%2Fv2%2Ftags&post=3223"}],"curies":[{"name":"wp","href":"https:\/\/api.w.org\/{rel}","templated":true}]}}