{"id":3213,"date":"2023-06-05T18:14:25","date_gmt":"2023-06-05T21:14:25","guid":{"rendered":"https:\/\/www.paparazzinews.com.br\/?p=3213"},"modified":"2023-06-05T18:14:26","modified_gmt":"2023-06-05T21:14:26","slug":"danca-do-ventre-infantil-de-castilho-vence-o-festival-diversidades-de-andradina","status":"publish","type":"post","link":"https:\/\/www.paparazzinews.com.br\/?p=3213","title":{"rendered":"Dan\u00e7a do Ventre Infantil de Castilho vence o Festival \u201cDiversidades\u201d, de Andradina"},"content":{"rendered":"\n<p>Em mais um final de semana voltado a ganhar experi\u00eancia nos palcos da regi\u00e3o, a professora de dan\u00e7a das Oficinas Culturais de Castilho, Denizy Barsante, convidou suas pequenas bailarinas para representarem o nosso munic\u00edpio no Festival de Dan\u00e7as \u201cDiversidade\u201d.<\/p>\n\n\n\n<p>Promovido pela Secretaria de Cultura de Andradina, este encontro regional reuniu grupos de v\u00e1rias companhias particulares e p\u00fablicas com o objetivo de difundir a arte da dan\u00e7a e express\u00e3o corporal atrav\u00e9s de coreografias representando as diferentes modalidades desta categoria cultual.<br>Importante salientar que esta \u00e9 a primeira vez que Denizy leva suas alunas iniciantes para disputar um Festival. E o resultado n\u00e3o poderia ser melhor. De acordo com a professora, a primeira estrat\u00e9gia foi motivar os pais a participarem ativamente desta experi\u00eancia:<\/p>\n\n\n\n<p>\u201cQuando sa\u00edmos pra representar Castilho em qualquer evento, contamos com todo apoio da Secretaria de Educa\u00e7\u00e3o, Cultura e Desporto em rela\u00e7\u00e3o a transporte, alimenta\u00e7\u00e3o, etc.. Desta vez, usei uma abordagem mais participativa, em que as fam\u00edlias deveriam acompanhar os filhos, assistir aos espet\u00e1culos e estarem presentes em cada momento desde a chegada ao Centro de Eventos \u2018Pioneiros\u2019 at\u00e9 os ensaios e, finalmente a apresenta\u00e7\u00e3o. O bacana \u00e9 que teve fam\u00edlias inteiras acompanhando e apoiando nossas pequenas artistas. A estrat\u00e9gia deu certo, porque nossas alunas se sentiram mais confiantes e realmente brilharam no palco\u201d.<\/p>\n\n\n\n<p><strong>POSITIVIDADE<\/strong> \u2013 Todo esse processo de intera\u00e7\u00e3o e envolvimento das fam\u00edlias na aprendizagem das alunas rendeu bons frutos. Com a \u2018Dan\u00e7a do Ventre\u2019, as pequeninas castilhenses conquistaram o 1\u00ba lugar no Festival.<\/p>\n\n\n\n<p>\u201c\u00c9 in\u00e9dito e ser\u00e1 inesquec\u00edvel tanto pra elas quanto pros pais e demais familiares. A felicidade delas ao comemorar com os pais \u00e9 uma experi\u00eancia que pra n\u00f3s, professores, n\u00e3o tem pre\u00e7o. Por isso, quero agradecer tanto pela confian\u00e7a quanto pela participa\u00e7\u00e3o dos pais e familiares. \u00c9 esse o objetivo. No futuro, se Deus quiser, ser\u00e3o elas comandando a \u00e1rea de Dan\u00e7a na Prefeitura de Castilho. E eu tenho tanto orgulho disso quanto os pais\u201d, finalizou a professora.<\/p>\n\n\n\n<p>Detalhe importante \u00e9 que Denizy tem propriedade e curr\u00edculo pra falar sobre esta experi\u00eancia em particular. S\u00f3 pra ter uma ideia, na mesma noite e neste mesmo evento, ela arrebatou tr\u00eas outros pr\u00eamios atrav\u00e9s de outros projetos pessoais.<\/p>\n","protected":false},"excerpt":{"rendered":"<p>Em mais um final de semana voltado a ganhar experi\u00eancia nos palcos da regi\u00e3o, a professora de dan\u00e7a das Oficinas Culturais de Castilho, Denizy Barsante, convidou suas pequenas bailarinas para representarem o nosso munic\u00edpio no Festival de Dan\u00e7as \u201cDiversidade\u201d. Promovido pela Secretaria de Cultura de Andradina, este encontro regional reuniu grupos de v\u00e1rias companhias particulares &hellip;<\/p>\n","protected":false},"author":1,"featured_media":3214,"comment_status":"open","ping_status":"open","sticky":false,"template":"","format":"standard","meta":{"_jetpack_memberships_contains_paid_content":false,"footnotes":"","jetpack_publicize_message":"","jetpack_publicize_feature_enabled":true,"jetpack_social_post_already_shared":false,"jetpack_social_options":{"image_generator_settings":{"template":"highway","default_image_id":0,"enabled":false},"version":2}},"categories":[6],"tags":[],"class_list":["post-3213","post","type-post","status-publish","format-standard","has-post-thumbnail","hentry","category-entretenimento"],"jetpack_publicize_connections":[],"jetpack_featured_media_url":"https:\/\/i0.wp.com\/www.paparazzinews.com.br\/wp-content\/uploads\/2023\/06\/f2325d2e-01cb-4eb3-a6e8-0d2d792c92fe-e1685999656466.jpg?fit=1000%2C562&ssl=1","views":"3540","jetpack_likes_enabled":true,"jetpack_sharing_enabled":true,"_links":{"self":[{"href":"https:\/\/www.paparazzinews.com.br\/index.php?rest_route=\/wp\/v2\/posts\/3213","targetHints":{"allow":["GET"]}}],"collection":[{"href":"https:\/\/www.paparazzinews.com.br\/index.php?rest_route=\/wp\/v2\/posts"}],"about":[{"href":"https:\/\/www.paparazzinews.com.br\/index.php?rest_route=\/wp\/v2\/types\/post"}],"author":[{"embeddable":true,"href":"https:\/\/www.paparazzinews.com.br\/index.php?rest_route=\/wp\/v2\/users\/1"}],"replies":[{"embeddable":true,"href":"https:\/\/www.paparazzinews.com.br\/index.php?rest_route=%2Fwp%2Fv2%2Fcomments&post=3213"}],"version-history":[{"count":1,"href":"https:\/\/www.paparazzinews.com.br\/index.php?rest_route=\/wp\/v2\/posts\/3213\/revisions"}],"predecessor-version":[{"id":3215,"href":"https:\/\/www.paparazzinews.com.br\/index.php?rest_route=\/wp\/v2\/posts\/3213\/revisions\/3215"}],"wp:featuredmedia":[{"embeddable":true,"href":"https:\/\/www.paparazzinews.com.br\/index.php?rest_route=\/wp\/v2\/media\/3214"}],"wp:attachment":[{"href":"https:\/\/www.paparazzinews.com.br\/index.php?rest_route=%2Fwp%2Fv2%2Fmedia&parent=3213"}],"wp:term":[{"taxonomy":"category","embeddable":true,"href":"https:\/\/www.paparazzinews.com.br\/index.php?rest_route=%2Fwp%2Fv2%2Fcategories&post=3213"},{"taxonomy":"post_tag","embeddable":true,"href":"https:\/\/www.paparazzinews.com.br\/index.php?rest_route=%2Fwp%2Fv2%2Ftags&post=3213"}],"curies":[{"name":"wp","href":"https:\/\/api.w.org\/{rel}","templated":true}]}}