{"id":314,"date":"2022-07-18T15:56:10","date_gmt":"2022-07-18T18:56:10","guid":{"rendered":"https:\/\/www.paparazzinews.com.br\/?p=314"},"modified":"2022-07-18T15:56:12","modified_gmt":"2022-07-18T18:56:12","slug":"centro-cultural-de-andradina-e-vandalizado-pela-quinta-vez-no-mesmo-ano","status":"publish","type":"post","link":"https:\/\/www.paparazzinews.com.br\/?p=314","title":{"rendered":"Centro Cultural de Andradina \u00e9 vandalizado pela quinta vez no mesmo ano"},"content":{"rendered":"\n<p>Um novo ato de vandalismo praticado no Centro Cultural \u201cPioneiros de Andradina\u201d, na de s\u00e1bado para domingo mostra o reflexo do desrespeito ao patrim\u00f4nio p\u00fablico.<\/p>\n\n\n\n<p>Mais uma vez um autor desconhecido quebrou v\u00e1rios vidros das janelas de uma das salas do Centro Cultural sem motivo aparente. Segundo o secret\u00e1rio de Esportes, Cultura, Lazer e Juventude, Andr\u00e9 Ricardo Lopes est\u00e1 foi a quinta vez em 2.022 que algo parecido acontece.<br>\u201cVivemos um estado de alerta constante em nossos espa\u00e7\u00f5es, contra furtos e depreda\u00e7\u00f5es. Nosso contingente de guardas \u00e9 limitado e contamos com o apoio da Pol\u00edcia Militar e da popula\u00e7\u00e3o para vigiar, alertar e coibir atos deste tipo\u201d, disse Andr\u00e9 Lopes.<\/p>\n\n\n\n<p><strong>Mais guardas<br><\/strong>A Prefeitura de Andradina espera conseguir mobilizar mais guardas para vigil\u00e2ncia de espa\u00e7os p\u00fablicos com a a\u00e7\u00e3o de retirada das cancelas no cruzamento de ruas com a ferrovia.<br>O primeiro local a passar pela altera\u00e7\u00e3o foi o cruzamento da via f\u00e9rrea com a rua Vit\u00f3rio Guaraciaba, pr\u00f3ximo a rodovi\u00e1ria que representou a libera\u00e7\u00e3o de tr\u00eas turnos de vigias ser\u00e3o remanejados para outros setores da administra\u00e7\u00e3o p\u00fablica.<\/p>\n","protected":false},"excerpt":{"rendered":"<p>Um novo ato de vandalismo praticado no Centro Cultural \u201cPioneiros de Andradina\u201d, na de s\u00e1bado para domingo mostra o reflexo do desrespeito ao patrim\u00f4nio p\u00fablico. Mais uma vez um autor desconhecido quebrou v\u00e1rios vidros das janelas de uma das salas do Centro Cultural sem motivo aparente. Segundo o secret\u00e1rio de Esportes, Cultura, Lazer e Juventude, &hellip;<\/p>\n","protected":false},"author":1,"featured_media":315,"comment_status":"open","ping_status":"open","sticky":false,"template":"","format":"standard","meta":{"_jetpack_memberships_contains_paid_content":false,"footnotes":"","jetpack_publicize_message":"","jetpack_publicize_feature_enabled":true,"jetpack_social_post_already_shared":false,"jetpack_social_options":{"image_generator_settings":{"template":"highway","default_image_id":0,"enabled":false},"version":2}},"categories":[3],"tags":[],"class_list":["post-314","post","type-post","status-publish","format-standard","has-post-thumbnail","hentry","category-policial"],"jetpack_publicize_connections":[],"jetpack_featured_media_url":"https:\/\/i0.wp.com\/www.paparazzinews.com.br\/wp-content\/uploads\/2022\/07\/80e00fe0-c6c0-4651-91b7-9ff1a0b3c6ba.jpg?fit=720%2C1280&ssl=1","views":"3361","jetpack_likes_enabled":true,"jetpack_sharing_enabled":true,"_links":{"self":[{"href":"https:\/\/www.paparazzinews.com.br\/index.php?rest_route=\/wp\/v2\/posts\/314","targetHints":{"allow":["GET"]}}],"collection":[{"href":"https:\/\/www.paparazzinews.com.br\/index.php?rest_route=\/wp\/v2\/posts"}],"about":[{"href":"https:\/\/www.paparazzinews.com.br\/index.php?rest_route=\/wp\/v2\/types\/post"}],"author":[{"embeddable":true,"href":"https:\/\/www.paparazzinews.com.br\/index.php?rest_route=\/wp\/v2\/users\/1"}],"replies":[{"embeddable":true,"href":"https:\/\/www.paparazzinews.com.br\/index.php?rest_route=%2Fwp%2Fv2%2Fcomments&post=314"}],"version-history":[{"count":1,"href":"https:\/\/www.paparazzinews.com.br\/index.php?rest_route=\/wp\/v2\/posts\/314\/revisions"}],"predecessor-version":[{"id":316,"href":"https:\/\/www.paparazzinews.com.br\/index.php?rest_route=\/wp\/v2\/posts\/314\/revisions\/316"}],"wp:featuredmedia":[{"embeddable":true,"href":"https:\/\/www.paparazzinews.com.br\/index.php?rest_route=\/wp\/v2\/media\/315"}],"wp:attachment":[{"href":"https:\/\/www.paparazzinews.com.br\/index.php?rest_route=%2Fwp%2Fv2%2Fmedia&parent=314"}],"wp:term":[{"taxonomy":"category","embeddable":true,"href":"https:\/\/www.paparazzinews.com.br\/index.php?rest_route=%2Fwp%2Fv2%2Fcategories&post=314"},{"taxonomy":"post_tag","embeddable":true,"href":"https:\/\/www.paparazzinews.com.br\/index.php?rest_route=%2Fwp%2Fv2%2Ftags&post=314"}],"curies":[{"name":"wp","href":"https:\/\/api.w.org\/{rel}","templated":true}]}}