{"id":3136,"date":"2023-05-26T16:52:19","date_gmt":"2023-05-26T19:52:19","guid":{"rendered":"https:\/\/www.paparazzinews.com.br\/?p=3136"},"modified":"2023-05-26T16:55:43","modified_gmt":"2023-05-26T19:55:43","slug":"com-ponte-da-pendengo-se-formando-paulo-leva-gabinete-ao-assentamento-de-castilho","status":"publish","type":"post","link":"https:\/\/www.paparazzinews.com.br\/?p=3136","title":{"rendered":"Com ponte da Pendengo se formando Paulo d\u00e1 prioridade de gabinete ao assentamento de Castilho"},"content":{"rendered":"\n<p>O assentamento Pendengo de Castilho (SP), recebeu nesta sexta-feira (26), o primeiro gabinete itinerante do ano denominado (Prefeitura no Campo) com a presen\u00e7a do prefeito Paulo Boaventura, seus secret\u00e1rios do obras, educa\u00e7\u00e3o, agricultura, sa\u00fade, administra\u00e7\u00e3o, assist\u00eancia social e alguns vereadores. A crian\u00e7ada n\u00e3o foi esquecida, foi montado um parquinho de divers\u00e3o enquanto \u00e0s fam\u00edlias eram atendidas.<\/p>\n\n\n\n<p>O Roni Paparazzi apurou que foi trazido o departamento de transporte para ouvir as solicita\u00e7\u00f5es do povo. DIPAM- Declara\u00e7\u00e3o Para \u00cdndice de Participa\u00e7\u00e3o dos Munic\u00edpios, Banco do Povo, o Sebrae e o Tributos. Na \u00e1rea de sa\u00fade, profissionais aferiram press\u00e3o arterial e verificou as carteiras de vacina\u00e7\u00e3o. A Brigada Municipal e PMs da Agro mais segura apresentaram os ve\u00edculos a comunidade.<\/p>\n\n\n\n<p>O vereador Daniel Batista de Oliveira fez uso da palavra, representando os colegas do legislativo, Ademar On\u00f3rio, Itamar Vieira e Jo\u00e3o Lameu, &#8220;eu sou vereador h\u00e1 27 anos, quero aqui agradecer nosso prefeito Paulinho que foi ver o nosso pedido da c\u00e2mara municipal atendendo a reforma da ponte da Pendengo, outro pedido que eu tenho a falar \u00e9 sobre o \u00f4nibus na zona rural, onde comprou para nos atender, eu garanto que nesses dois anos o que ele fez muitos outros prefeitos que os antecederam n\u00e3o fizeram metade, agora j\u00e1 vai ser comprado o trator que vai substituir e vai atender nossa \u00e1rea rural que \u00e9 grandiosa&#8221;.<\/p>\n\n\n\n<p>&#8220;Eu me considero do s\u00edtio pois nasci nesta terra, parab\u00e9ns prefeito por atender o nosso campo, todos os vereadores est\u00e3o prontos para atender nosso povo, fico feliz que depois de 14 anos est\u00e1 com a oportunidade de construir a ponte da Pendengo, isso \u00e9 uma luta da nossa comunidade&#8221;, agradeceu Itamar.<\/p>\n\n\n\n<p>Jo\u00e3o Lameu, &#8220;eu quero cumprimentar o seu Ant\u00f4nio. Cavalcante, ele sabe da minha hist\u00f3ria , quero aqui dizer que essa administra\u00e7\u00e3o me deixa feliz pois eu tenho orgulho de trabalhar com o Paulo, eu n\u00e3o votei, n\u00e3o apoiei mas hoje \u00e9 o meu administrador, onde tenho certeza que para concluir sua luta precisa de mais um mandato&#8221;.<\/p>\n\n\n\n<p>Ademar On\u00f3rio, &#8220;Paulinho n\u00e3o sou de falar muito, s\u00f3 agrade\u00e7o por seu compromisso com o campo&#8221;.<br>O rela\u00e7\u00e3o institucional Jamil Kassab, &#8221; a minha fun\u00e7\u00e3o \u00e9 atender a demanda que o povo precisa, vamos atender as demandas junto somando for\u00e7as nossa c\u00e2mara de vereadores&#8221;.<\/p>\n\n\n\n<p>Eder morador do bairro comentou que \u00e9 importante a presen\u00e7a de sua equipe administrativa, &#8220;n\u00f3s somos privilegiados por sermos o primeiro assentamento a ser visitados, quero agradecer por mais de 50 fam\u00edlias estarem aqui prestigiando, acima de tudo agradecer a constru\u00e7\u00e3o da nossa ponte&#8221;<br>&#8220;Quando se fala neste local, se recordo do \u00c9der e do Neguin, estamos hoje aqui para comemorar a constru\u00e7\u00e3o dessa ponte, quanta coisa j\u00e1 estamos fazendo e vamos fazer muito mais ainda&#8221;, explicou Edileuza Boaventura.<\/p>\n\n\n\n<p>&#8220;Isso aqui \u00e9 um compromisso do prefeito estar presente no bairro, dialogando, acolhendo as necessidades da popula\u00e7\u00e3o, dizer que fazer gest\u00e3o p\u00fablica n\u00e3o \u00e9 f\u00e1cil, eu n\u00e3o trabalho s\u00f3, conto com a c\u00e2mara de vereadores que nos apoia para trazer benef\u00edcio da cidade&#8221;, explanou Paulo Boaventura.<\/p>\n\n\n\n<figure class=\"wp-block-image size-large\"><img data-recalc-dims=\"1\" loading=\"lazy\" decoding=\"async\" width=\"708\" height=\"472\" src=\"https:\/\/i0.wp.com\/www.paparazzinews.com.br\/wp-content\/uploads\/2023\/05\/f8b210df-72c9-47a2-8c37-f3f5aa0dc723.jpg?resize=708%2C472&#038;ssl=1\" alt=\"\" class=\"wp-image-3138\"\/><\/figure>\n","protected":false},"excerpt":{"rendered":"<p>O assentamento Pendengo de Castilho (SP), recebeu nesta sexta-feira (26), o primeiro gabinete itinerante do ano denominado (Prefeitura no Campo) com a presen\u00e7a do prefeito Paulo Boaventura, seus secret\u00e1rios do obras, educa\u00e7\u00e3o, agricultura, sa\u00fade, administra\u00e7\u00e3o, assist\u00eancia social e alguns vereadores. A crian\u00e7ada n\u00e3o foi esquecida, foi montado um parquinho de divers\u00e3o enquanto \u00e0s fam\u00edlias eram &hellip;<\/p>\n","protected":false},"author":1,"featured_media":3138,"comment_status":"open","ping_status":"open","sticky":false,"template":"","format":"standard","meta":{"_jetpack_memberships_contains_paid_content":false,"footnotes":"","jetpack_publicize_message":"","jetpack_publicize_feature_enabled":true,"jetpack_social_post_already_shared":false,"jetpack_social_options":{"image_generator_settings":{"template":"highway","default_image_id":0,"enabled":false},"version":2}},"categories":[4],"tags":[],"class_list":["post-3136","post","type-post","status-publish","format-standard","has-post-thumbnail","hentry","category-regiao"],"jetpack_publicize_connections":[],"jetpack_featured_media_url":"https:\/\/i0.wp.com\/www.paparazzinews.com.br\/wp-content\/uploads\/2023\/05\/f8b210df-72c9-47a2-8c37-f3f5aa0dc723-e1685130714370.jpg?fit=1000%2C666&ssl=1","views":"5157","jetpack_likes_enabled":true,"jetpack_sharing_enabled":true,"_links":{"self":[{"href":"https:\/\/www.paparazzinews.com.br\/index.php?rest_route=\/wp\/v2\/posts\/3136","targetHints":{"allow":["GET"]}}],"collection":[{"href":"https:\/\/www.paparazzinews.com.br\/index.php?rest_route=\/wp\/v2\/posts"}],"about":[{"href":"https:\/\/www.paparazzinews.com.br\/index.php?rest_route=\/wp\/v2\/types\/post"}],"author":[{"embeddable":true,"href":"https:\/\/www.paparazzinews.com.br\/index.php?rest_route=\/wp\/v2\/users\/1"}],"replies":[{"embeddable":true,"href":"https:\/\/www.paparazzinews.com.br\/index.php?rest_route=%2Fwp%2Fv2%2Fcomments&post=3136"}],"version-history":[{"count":2,"href":"https:\/\/www.paparazzinews.com.br\/index.php?rest_route=\/wp\/v2\/posts\/3136\/revisions"}],"predecessor-version":[{"id":3140,"href":"https:\/\/www.paparazzinews.com.br\/index.php?rest_route=\/wp\/v2\/posts\/3136\/revisions\/3140"}],"wp:featuredmedia":[{"embeddable":true,"href":"https:\/\/www.paparazzinews.com.br\/index.php?rest_route=\/wp\/v2\/media\/3138"}],"wp:attachment":[{"href":"https:\/\/www.paparazzinews.com.br\/index.php?rest_route=%2Fwp%2Fv2%2Fmedia&parent=3136"}],"wp:term":[{"taxonomy":"category","embeddable":true,"href":"https:\/\/www.paparazzinews.com.br\/index.php?rest_route=%2Fwp%2Fv2%2Fcategories&post=3136"},{"taxonomy":"post_tag","embeddable":true,"href":"https:\/\/www.paparazzinews.com.br\/index.php?rest_route=%2Fwp%2Fv2%2Ftags&post=3136"}],"curies":[{"name":"wp","href":"https:\/\/api.w.org\/{rel}","templated":true}]}}