{"id":3056,"date":"2023-05-24T09:36:31","date_gmt":"2023-05-24T12:36:31","guid":{"rendered":"https:\/\/www.paparazzinews.com.br\/?p=3056"},"modified":"2023-05-24T09:36:32","modified_gmt":"2023-05-24T12:36:32","slug":"educacao-e-cultura-finalizam-homenagens-as-maes-com-dia-de-cuidados-especiais","status":"publish","type":"post","link":"https:\/\/www.paparazzinews.com.br\/?p=3056","title":{"rendered":"Educa\u00e7\u00e3o e Cultura finalizam homenagens \u00e0s m\u00e3es com Dia de Cuidados Especiais"},"content":{"rendered":"\n<p>Ap\u00f3s um m\u00eas inteiro (abril) dedicado \u00e0 conscientiza\u00e7\u00e3o sobre o Autismo, a Secretaria de Educa\u00e7\u00e3o, Cultura e Desporto de Castilho decidiu incluir o m\u00eas das M\u00c3ES em sua abordagem sobre a import\u00e2ncia do n\u00facleo familiar para solidificar uma sociedade mais justa e igualit\u00e1ria. Usando a perspectiva da Educa\u00e7\u00e3o Especial e Inclusiva, a equipe t\u00e9cnica desta secretaria se uniu na elabora\u00e7\u00e3o de um projeto capaz de valorizar exatamente estas m\u00e3es que se dedicam t\u00e3o arduamente \u00e0 responsabilidade de cuidar, proteger e educar, que acabam esquecendo de seu pr\u00f3prio papel dentro da estrutura familiar.<\/p>\n\n\n\n<p>Com tantas responsabilidades, fica a pergunta: \u201cQuem cuida de quem CUIDA?\u201d. Afinal de contas, quase n\u00e3o lhes sobra tempo para cuidados pessoais com a beleza, com seu estado emocional e muito menos para os raros [e necess\u00e1rios] momentos de lazer e descontra\u00e7\u00e3o.<\/p>\n\n\n\n<p>Pensando nisso, a secretaria preparou para elas um dia totalmente dedicado a estas peculiaridades t\u00e3o importantes na manuten\u00e7\u00e3o da autoestima, equil\u00edbrio emocional e conhecimento. No CIEC, duas salas do Centro de Tecnologias e Criatividade foram preparadas para receb\u00ea-las no I Encontro de Educa\u00e7\u00e3o Especial e Inclusiva, cujo tema central n\u00e3o poderia ser outro: \u201cCUIDANDO DE QUEM CUIDA\u201d.<\/p>\n\n\n\n<p><strong>DUPLA CELEBRA\u00c7\u00c3O<br><\/strong>\u201cO Dia Internacional da Mulher \u00e9 uma data para celebrar as conquistas e tamb\u00e9m para alertar a sociedade a respeito dos diversos problemas de g\u00eanero que ainda acontecem em pleno s\u00e9culo XXI. Por isso, reservamos este m\u00eas t\u00e3o significativo para jogar luz sobre a mulher que cuida das pessoas com defici\u00eancia. No processo de invisibilidade pela qual passam essas minorias, h\u00e1 tamb\u00e9m uma quest\u00e3o de g\u00eanero que precisa ser observada. M\u00e3es, av\u00f3s, tias, irm\u00e3s\u2026 Quase sempre o principal cuidador do n\u00facleo familiar \u00e9 uma mulher que sofre com o abandono paterno, com o apagamento de sua identidade e sofre todo tipo de exclus\u00e3o social. <\/p>\n\n\n\n<p>Al\u00e9m disso, o m\u00eas de abril foi dedicado \u00e0 conscientiza\u00e7\u00e3o do Autismo, que \u00e9 uma das especialidades mais presentes entre nossa sociedade. Portanto, trata-se de uma a\u00e7\u00e3o complementar que recebe todo o apoio e incentivo do nosso prefeito Paulo Boaventura, que \u00e9 o primeiro na hist\u00f3ria a dedicar uma \u00e1rea espec\u00edfica da Educa\u00e7\u00e3o \u00e0 Inclus\u00e3o, fornecendo os recursos necess\u00e1rios para nosso aprimoramento e melhor acolhimento n\u00e3o apenas das crian\u00e7as especiais, mas tamb\u00e9m destas m\u00e3es guerreiras\u201d, discursou a secret\u00e1ria de Educa\u00e7\u00e3o, Silv\u00e2nia Cintra.<\/p>\n\n\n\n<p>A professora, m\u00e3e dedicada e atual Primeira Dama, Edileuza Boaventura, tamb\u00e9m elogiou a a\u00e7\u00e3o:<br>\u201cCom essa rotina desgastante do dia a dia, muitas vezes n\u00e3o sobra tempo para que voc\u00eas mam\u00e3es, tenham um pouco de cuidado consigo mesmas. Este \u00e9 um dia especial, dedicado exclusivamente para que voc\u00eas possam se lembrar que estamos adequando a Educa\u00e7\u00e3o Municipal e demais servi\u00e7os para acolher voc\u00eas e seus filhos com o m\u00e1ximo carinho e respeito. Parab\u00e9ns por serem estas m\u00e3es t\u00e3o especiais que Deus escolheu a dedo para cuidarem e protegerem estas crian\u00e7as t\u00e3o \u00fanicas quanto voc\u00eas!\u201d<\/p>\n\n\n\n<p><strong>CUIDANDO DE QUEM CUIDA<br><\/strong>Segundo a assessora municipal de Educa\u00e7\u00e3o Especial, Marcela Balane, pelo menos 35 mam\u00e3es prestigiaram o encontro dividido em dois per\u00edodos para facilitar a presen\u00e7a das mesmas. A turma matutina, foi recepcionada pela secret\u00e1ria de Educa\u00e7\u00e3o, Silv\u00e2nia Cintra e sua equipe t\u00e9cnica \u2013 incluindo a secret\u00e1ria-assistente Val\u00e9ria Moraes, respons\u00e1vel pela \u00e1rea de Educa\u00e7\u00e3o Inclusiva; pela 1\u00aa Dama Edileuza Boaventura; a assessora de Cultura, Aparecida Adono; al\u00e9m dos professores de Atendimento Educacional Especializado \u2013 Irlandes e Roberto. Ap\u00f3s as boas vindas, as m\u00e3es participaram de uma animada palestra da psic\u00f3loga Ros\u00e2ngela Parreira, que abordou o tema \u201cMelhorando a qualidade de vida de pais e crian\u00e7as\u201d.<\/p>\n\n\n\n<p>Com o emocional preparado, elas seguiram ent\u00e3o para a segunda parte do evento, sendo recepcionadas pelo violeiro Alex Aniceto e a violinista Brena Caroline, ambos professores nas Oficinas Culturais mantidas pela Prefeitura, enquanto desfrutavam de um delicioso caf\u00e9 da manh\u00e3 em ambiente climatizado e amplo.<br>Outra surpresa reservada pela Secretaria de Educa\u00e7\u00e3o para \u201ccuidar daquelas que cuidam\u201d, foram os cuidados com a beleza pessoal: uma equipe composta por trancistas, cabeleireira e maquiadora atenderam carinhosamente cada mam\u00e3e. Detalhe importante, \u00e9 que cada uma destas profissionais, atuou voluntariamente nesta a\u00e7\u00e3o t\u00e3o importante.<\/p>\n\n\n\n<p>\u201cN\u00e3o temos palavras pra agradecer \u00e0 nossa parceira e cabeleireira Maria Elza, nem tampouco \u00e0 jovem e competente maquiadora L\u00edvia Foizer e, \u00e9 claro, \u00e0s nossas trancistas Emily [que \u00e9 parceira de longa data] e Giovanna, que acaba de se juntar a este movimento. Cada uma delas nos ajudou emprestando talento e dedica\u00e7\u00e3o para transformar estas vidas com um toque de beleza, amor e solidariedade\u201d, agradeceu Marcela Balane.<\/p>\n\n\n\n<p>E foi aproveitando muito bem uma destas oportunidades, que a mam\u00e3e Daniella Batista cortou seu cabelo e o doou voluntariamente ao Hospital de Amor de Barretos. Terminada a sess\u00e3o beleza, faltou apenas eternizar este momento dedicado exclusivamente a estas m\u00e3es at\u00edpicas. Para isso, a Secretaria de Educa\u00e7\u00e3o disponibilizou uma equipe profissional que voluntariamente fotografou cada uma e j\u00e1 entregou em m\u00e3os as suas fotos \u2018reveladas\u2019.<\/p>\n","protected":false},"excerpt":{"rendered":"<p>Ap\u00f3s um m\u00eas inteiro (abril) dedicado \u00e0 conscientiza\u00e7\u00e3o sobre o Autismo, a Secretaria de Educa\u00e7\u00e3o, Cultura e Desporto de Castilho decidiu incluir o m\u00eas das M\u00c3ES em sua abordagem sobre a import\u00e2ncia do n\u00facleo familiar para solidificar uma sociedade mais justa e igualit\u00e1ria. Usando a perspectiva da Educa\u00e7\u00e3o Especial e Inclusiva, a equipe t\u00e9cnica desta &hellip;<\/p>\n","protected":false},"author":1,"featured_media":3057,"comment_status":"open","ping_status":"open","sticky":false,"template":"","format":"standard","meta":{"_jetpack_memberships_contains_paid_content":false,"footnotes":"","jetpack_publicize_message":"","jetpack_publicize_feature_enabled":true,"jetpack_social_post_already_shared":false,"jetpack_social_options":{"image_generator_settings":{"template":"highway","default_image_id":0,"enabled":false},"version":2}},"categories":[6],"tags":[],"class_list":["post-3056","post","type-post","status-publish","format-standard","has-post-thumbnail","hentry","category-entretenimento"],"jetpack_publicize_connections":[],"jetpack_featured_media_url":"https:\/\/i0.wp.com\/www.paparazzinews.com.br\/wp-content\/uploads\/2023\/05\/412eef8d-be99-4b34-b2df-0b7dd6c390e0-e1684931773815.jpg?fit=1000%2C449&ssl=1","views":"2484","jetpack_likes_enabled":true,"jetpack_sharing_enabled":true,"_links":{"self":[{"href":"https:\/\/www.paparazzinews.com.br\/index.php?rest_route=\/wp\/v2\/posts\/3056","targetHints":{"allow":["GET"]}}],"collection":[{"href":"https:\/\/www.paparazzinews.com.br\/index.php?rest_route=\/wp\/v2\/posts"}],"about":[{"href":"https:\/\/www.paparazzinews.com.br\/index.php?rest_route=\/wp\/v2\/types\/post"}],"author":[{"embeddable":true,"href":"https:\/\/www.paparazzinews.com.br\/index.php?rest_route=\/wp\/v2\/users\/1"}],"replies":[{"embeddable":true,"href":"https:\/\/www.paparazzinews.com.br\/index.php?rest_route=%2Fwp%2Fv2%2Fcomments&post=3056"}],"version-history":[{"count":1,"href":"https:\/\/www.paparazzinews.com.br\/index.php?rest_route=\/wp\/v2\/posts\/3056\/revisions"}],"predecessor-version":[{"id":3058,"href":"https:\/\/www.paparazzinews.com.br\/index.php?rest_route=\/wp\/v2\/posts\/3056\/revisions\/3058"}],"wp:featuredmedia":[{"embeddable":true,"href":"https:\/\/www.paparazzinews.com.br\/index.php?rest_route=\/wp\/v2\/media\/3057"}],"wp:attachment":[{"href":"https:\/\/www.paparazzinews.com.br\/index.php?rest_route=%2Fwp%2Fv2%2Fmedia&parent=3056"}],"wp:term":[{"taxonomy":"category","embeddable":true,"href":"https:\/\/www.paparazzinews.com.br\/index.php?rest_route=%2Fwp%2Fv2%2Fcategories&post=3056"},{"taxonomy":"post_tag","embeddable":true,"href":"https:\/\/www.paparazzinews.com.br\/index.php?rest_route=%2Fwp%2Fv2%2Ftags&post=3056"}],"curies":[{"name":"wp","href":"https:\/\/api.w.org\/{rel}","templated":true}]}}