{"id":3047,"date":"2023-05-23T18:21:15","date_gmt":"2023-05-23T21:21:15","guid":{"rendered":"https:\/\/www.paparazzinews.com.br\/?p=3047"},"modified":"2023-05-23T18:21:16","modified_gmt":"2023-05-23T21:21:16","slug":"adolescentes-da-fundacao-casa-participam-do-dia-do-desafio","status":"publish","type":"post","link":"https:\/\/www.paparazzinews.com.br\/?p=3047","title":{"rendered":"Adolescentes da Funda\u00e7\u00e3o CASA participam do Dia do Desafio\u00a0"},"content":{"rendered":"\n<p>Os adolescentes em atendimento na Funda\u00e7\u00e3o CASA, assim como servidores, participam na pr\u00f3xima semana do Dia do Desafio, uma campanha mundial que incentiva a pr\u00e1tica de esportes e atividades f\u00edsicas, cuja coordena\u00e7\u00e3o no continente americano \u00e9 do Servi\u00e7o Social do Com\u00e9rcio de S\u00e3o Paulo (Sesc-SP).&nbsp;&nbsp;<\/p>\n\n\n\n<p>Embora o Dia do Desafio ocorra formalmente no dia 31 de maio, na Funda\u00e7\u00e3o CASA os profissionais de Educa\u00e7\u00e3o F\u00edsica poder\u00e3o desenvolver atividades fora da rotina esportiva entre os dias 29 de maio e 02 de junho.&nbsp;&nbsp;<\/p>\n\n\n\n<p>Desde ao menos 2004, jovens e funcion\u00e1rios da Institui\u00e7\u00e3o se engajam nas atividades f\u00edsicas da campanha. No ano passado, por exemplo, 2.674 jovens e servidores, de 73 centros de atendimento em todo o Estado praticaram atividades esportivas diferenciadas, como brincadeiras populares, jogos cooperativos, skate, r\u00fagbi, atividade circense, yoga, crossfit, artes marciais, entre outras.&nbsp;<\/p>\n\n\n\n<p>Em 2023, a 29\u00aa edi\u00e7\u00e3o do evento traz como tema \u201cMuito mais que um dia!\u201d, propondo a ado\u00e7\u00e3o de uma vida mais saud\u00e1vel e a cria\u00e7\u00e3o de legados positivos, assim como estimular a popula\u00e7\u00e3o a se engajar e participar, durante todo o ano, de projeto e pol\u00edticas p\u00fablicas relativas \u00e0 atividade f\u00edsica.&nbsp;<\/p>\n\n\n\n<p>A campanha tamb\u00e9m procura sensibilizar gestores p\u00fablicos e institui\u00e7\u00f5es a desenvolver projetos comunit\u00e1rios que envolvam esporte, atividade f\u00edsica e mobilidade urbana.&nbsp;&nbsp;<\/p>\n\n\n\n<p>\u201cA participa\u00e7\u00e3o na campanha \u00e9 um meio de estimular o sentimento de pertencimento \u00e0 sociedade no jovem atendido, ao proporcionar o acesso a um evento que ocorre no ambiente externo ao centro socioeducativo, mas que pode ser incentivado e reproduzido internamente\u201d, explica o presidente da Funda\u00e7\u00e3o CASA, Jo\u00e3o Ver\u00edssimo Fernandes. \u201cAl\u00e9m de ser um meio de ado\u00e7\u00e3o de um estilo de vida distante do sedentarismo.\u201d&nbsp;<\/p>\n\n\n\n<p>Nos centros socioeducativos da Funda\u00e7\u00e3o CASA, os adolescentes em atendimento t\u00eam pelo menos duas aulas semanais de esporte e atividades f\u00edsicas, ministradas por profissionais de Educa\u00e7\u00e3o F\u00edsica da Institui\u00e7\u00e3o.&nbsp;<\/p>\n\n\n\n<p>O Dia do Desafio \u00e9 uma iniciativa global da The Association For International Sport for All (TAFISA), com apoio institucional da International Sport and Culture Association (ISCA) e da Organiza\u00e7\u00e3o das Na\u00e7\u00f5es Unidas para a Educa\u00e7\u00e3o, a Ci\u00eancia e a Cultura (Unesco). Na Funda\u00e7\u00e3o CASA, a proposta \u00e9 organizada pela Ger\u00eancia de Educa\u00e7\u00e3o F\u00edsica e Esporte (Gefesp).&nbsp;<\/p>\n","protected":false},"excerpt":{"rendered":"<p>Os adolescentes em atendimento na Funda\u00e7\u00e3o CASA, assim como servidores, participam na pr\u00f3xima semana do Dia do Desafio, uma campanha mundial que incentiva a pr\u00e1tica de esportes e atividades f\u00edsicas, cuja coordena\u00e7\u00e3o no continente americano \u00e9 do Servi\u00e7o Social do Com\u00e9rcio de S\u00e3o Paulo (Sesc-SP).&nbsp;&nbsp; Embora o Dia do Desafio ocorra formalmente no dia 31 &hellip;<\/p>\n","protected":false},"author":1,"featured_media":3048,"comment_status":"open","ping_status":"open","sticky":false,"template":"","format":"standard","meta":{"_jetpack_memberships_contains_paid_content":false,"footnotes":"","jetpack_publicize_message":"","jetpack_publicize_feature_enabled":true,"jetpack_social_post_already_shared":false,"jetpack_social_options":{"image_generator_settings":{"template":"highway","default_image_id":0,"enabled":false},"version":2}},"categories":[4],"tags":[],"class_list":["post-3047","post","type-post","status-publish","format-standard","has-post-thumbnail","hentry","category-regiao"],"jetpack_publicize_connections":[],"jetpack_featured_media_url":"https:\/\/i0.wp.com\/www.paparazzinews.com.br\/wp-content\/uploads\/2023\/05\/Desafio_2022_Sao_Vicente_edit-e1684876861883.jpg?fit=1000%2C853&ssl=1","views":"3579","jetpack_likes_enabled":true,"jetpack_sharing_enabled":true,"_links":{"self":[{"href":"https:\/\/www.paparazzinews.com.br\/index.php?rest_route=\/wp\/v2\/posts\/3047","targetHints":{"allow":["GET"]}}],"collection":[{"href":"https:\/\/www.paparazzinews.com.br\/index.php?rest_route=\/wp\/v2\/posts"}],"about":[{"href":"https:\/\/www.paparazzinews.com.br\/index.php?rest_route=\/wp\/v2\/types\/post"}],"author":[{"embeddable":true,"href":"https:\/\/www.paparazzinews.com.br\/index.php?rest_route=\/wp\/v2\/users\/1"}],"replies":[{"embeddable":true,"href":"https:\/\/www.paparazzinews.com.br\/index.php?rest_route=%2Fwp%2Fv2%2Fcomments&post=3047"}],"version-history":[{"count":1,"href":"https:\/\/www.paparazzinews.com.br\/index.php?rest_route=\/wp\/v2\/posts\/3047\/revisions"}],"predecessor-version":[{"id":3049,"href":"https:\/\/www.paparazzinews.com.br\/index.php?rest_route=\/wp\/v2\/posts\/3047\/revisions\/3049"}],"wp:featuredmedia":[{"embeddable":true,"href":"https:\/\/www.paparazzinews.com.br\/index.php?rest_route=\/wp\/v2\/media\/3048"}],"wp:attachment":[{"href":"https:\/\/www.paparazzinews.com.br\/index.php?rest_route=%2Fwp%2Fv2%2Fmedia&parent=3047"}],"wp:term":[{"taxonomy":"category","embeddable":true,"href":"https:\/\/www.paparazzinews.com.br\/index.php?rest_route=%2Fwp%2Fv2%2Fcategories&post=3047"},{"taxonomy":"post_tag","embeddable":true,"href":"https:\/\/www.paparazzinews.com.br\/index.php?rest_route=%2Fwp%2Fv2%2Ftags&post=3047"}],"curies":[{"name":"wp","href":"https:\/\/api.w.org\/{rel}","templated":true}]}}