{"id":3044,"date":"2023-05-23T18:12:35","date_gmt":"2023-05-23T21:12:35","guid":{"rendered":"https:\/\/www.paparazzinews.com.br\/?p=3044"},"modified":"2023-05-23T18:12:37","modified_gmt":"2023-05-23T21:12:37","slug":"presidente-da-unimed-e-convocado-para-explicar-cancelamento-do-plano-de-autistas","status":"publish","type":"post","link":"https:\/\/www.paparazzinews.com.br\/?p=3044","title":{"rendered":"Presidente da Unimed \u00e9 convocado para explicar cancelamento do plano de autistas\u00a0"},"content":{"rendered":"\n<p>O deputado estadual Rafa Zimbaldi (Cidadania-SP) convocou o presidente da Unimed Brasil para prestar esclarecimentos \u00e0 Comiss\u00e3o de Sa\u00fade da Assembleia Legislativa do Estado de S\u00e3o Paulo (Alesp), sobre o cancelamento de planos de pessoas com Transtorno do Espectro Autista (TEA). Omar Abujamra tem 30 dias para comparecer, a partir da data de aprova\u00e7\u00e3o do requerimento. Ainda nesta seara, o parlamentar protocolou um projeto de lei que prev\u00ea a cria\u00e7\u00e3o da Ag\u00eancia Reguladora Especial de Sa\u00fade do Estado de S\u00e3o Paulo (Aresp). O \u00f3rg\u00e3o ter\u00e1 a finalidade de cadastrar, fiscalizar e validar a atua\u00e7\u00e3o das operadoras m\u00e9dicas em solo paulista. &nbsp;<\/p>\n\n\n\n<p>Recentemente, a Unimed comunicou seus clientes autistas sobre a decis\u00e3o (unilateral) do cancelamento do plano de sa\u00fade, por e-mail e por meio do aplicativo da empresa. A cooperativa alega que o novo reajuste da tabela de servi\u00e7os seria \u201cmuito alto por parte do contratado\u201d. De acordo com Zimbaldi, a rescis\u00e3o de contrato \u00e9 uma pr\u00e1tica abusiva proibida por lei no Pa\u00eds, sendo que as \u00fanicas possibilidades de um plano rescindir s\u00e3o por inadimpl\u00eancia ou fraude.&nbsp;<\/p>\n\n\n\n<p>No entendimento do deputado do Cidadania, a convoca\u00e7\u00e3o de Omar Abujamra na Alesp \u201c\u00e9 necess\u00e1ria\u201d, para que esclarecimentos sejam feitos por parte da Unimed e na tentativa de frear a pr\u00e1tica abusiva, para que a mesma n\u00e3o se estenda a demais pessoas com defici\u00eancia e aos idosos, j\u00e1 t\u00e3o prejudicados, periodicamente, pelo aumento exorbitante dos planos de sa\u00fade:&nbsp;&nbsp;<\/p>\n\n\n\n<p>\u201cQueremos que a Unimed volte atr\u00e1s quanto a essa medida que prejudica, indiscutivelmente, os autistas. Esses pacientes j\u00e1 enfrentam in\u00fameras dificuldades para prosseguir com o tratamento. As fam\u00edlias, muitas vezes, se sacrificam para pagar um plano m\u00e9dico e recebem, do dia para a noite, uma not\u00edcia de cancelamento. Isso \u00e9 incab\u00edvel\u201d, lamenta o parlamentar.&nbsp;&nbsp;<\/p>\n\n\n\n<p>O presidente da Unimed tem at\u00e9 30 dias para se apresentar \u00e0 Comiss\u00e3o de Sa\u00fade da Alesp, a partir da data de aprova\u00e7\u00e3o do requerimento de convoca\u00e7\u00e3o.&nbsp;&nbsp;<\/p>\n\n\n\n<p>Em junho do ano passado, o Superior Tribunal de Justi\u00e7a (STJ) decidiu que as operadoras de sa\u00fade que atuam no Brasil devem continuar oferecendo assist\u00eancia ao benefici\u00e1rio internado, ou em tratamento, mesmo ap\u00f3s rescindir unilateralmente o contrato.&nbsp;<\/p>\n\n\n\n<p><strong>Ag\u00eancia reguladora\u00a0<\/strong><\/p>\n\n\n\n<p>Zimbaldi tamb\u00e9m protocolou, h\u00e1 poucos dias, na Alesp, o Projeto de Lei 822\/2023, que institui a Ag\u00eancia Reguladora Especial de Sa\u00fade do Estado de S\u00e3o Paulo (Aresp). A proposta do parlamentar ao governador Tarc\u00edsio Gomes de Freitas (Republicanos) \u00e9 a cria\u00e7\u00e3o do \u00f3rg\u00e3o, que ficar\u00e1 respons\u00e1vel em cadastrar, fiscalizar e validar a atua\u00e7\u00e3o das operadoras m\u00e9dicas. Numa analogia, o \u00f3rg\u00e3o vai funcionar como a Ag\u00eancia de Transportes do Estado de S\u00e3o Paulo (Artesp). Caso aprovado nas Comiss\u00f5es da Alesp, o projeto seguir\u00e1 para vota\u00e7\u00e3o em Plen\u00e1rio.&nbsp;<\/p>\n\n\n\n<p>Hoje, para fazer uma reclama\u00e7\u00e3o sobre um plano ou seguro de sa\u00fade, o cidad\u00e3o deve acionar a Ag\u00eancia Nacional de Sa\u00fade Suplementar (ANS). A ideia de Zimbaldi \u00e9 tornar mais acess\u00edvel o canal para a den\u00fancia, por meio de um \u00f3rg\u00e3o estadual, possibilitando, assim, que as ocorr\u00eancias tenham maior rapidez em encaminhamento e desfecho.&nbsp;&nbsp;<\/p>\n\n\n\n<p>A Aresp tamb\u00e9m ser\u00e1 mediadora de discuss\u00f5es relacionadas aos reajustes de valores dos conv\u00eanios m\u00e9dicos:&nbsp;&nbsp;<\/p>\n\n\n\n<p>\u201cA cria\u00e7\u00e3o desse \u00f3rg\u00e3o, de austeridade e controle, \u00e9 de extrema import\u00e2ncia para o bom desempenho da sa\u00fade privada em S\u00e3o Paulo. Se a Aresp j\u00e1 existisse, a decis\u00e3o da Unimed quanto aos autistas n\u00e3o teria ocorrido da forma como ocorreu, pois a medida teria de ser submetida \u00e0 ag\u00eancia estadual, antes que fosse validada pela empresa\u201d.&nbsp;&nbsp;<\/p>\n\n\n\n<p>A expectativa \u00e9 que a Aresp tamb\u00e9m fiscalize a atua\u00e7\u00e3o de hospitais da rede p\u00fablica (municipal, estadual) e de unidades filantr\u00f3picas que atendam ao Sistema \u00danico de Sa\u00fade (SUS).&nbsp;<\/p>\n","protected":false},"excerpt":{"rendered":"<p>O deputado estadual Rafa Zimbaldi (Cidadania-SP) convocou o presidente da Unimed Brasil para prestar esclarecimentos \u00e0 Comiss\u00e3o de Sa\u00fade da Assembleia Legislativa do Estado de S\u00e3o Paulo (Alesp), sobre o cancelamento de planos de pessoas com Transtorno do Espectro Autista (TEA). Omar Abujamra tem 30 dias para comparecer, a partir da data de aprova\u00e7\u00e3o do &hellip;<\/p>\n","protected":false},"author":1,"featured_media":3045,"comment_status":"open","ping_status":"open","sticky":false,"template":"","format":"standard","meta":{"_jetpack_memberships_contains_paid_content":false,"footnotes":"","jetpack_publicize_message":"","jetpack_publicize_feature_enabled":true,"jetpack_social_post_already_shared":false,"jetpack_social_options":{"image_generator_settings":{"template":"highway","default_image_id":0,"enabled":false},"version":2}},"categories":[7],"tags":[],"class_list":["post-3044","post","type-post","status-publish","format-standard","has-post-thumbnail","hentry","category-politica"],"jetpack_publicize_connections":[],"jetpack_featured_media_url":"https:\/\/i0.wp.com\/www.paparazzinews.com.br\/wp-content\/uploads\/2023\/05\/Rafa-Zimbaldi-2.jpeg?fit=1024%2C683&ssl=1","views":"2462","jetpack_likes_enabled":true,"jetpack_sharing_enabled":true,"_links":{"self":[{"href":"https:\/\/www.paparazzinews.com.br\/index.php?rest_route=\/wp\/v2\/posts\/3044","targetHints":{"allow":["GET"]}}],"collection":[{"href":"https:\/\/www.paparazzinews.com.br\/index.php?rest_route=\/wp\/v2\/posts"}],"about":[{"href":"https:\/\/www.paparazzinews.com.br\/index.php?rest_route=\/wp\/v2\/types\/post"}],"author":[{"embeddable":true,"href":"https:\/\/www.paparazzinews.com.br\/index.php?rest_route=\/wp\/v2\/users\/1"}],"replies":[{"embeddable":true,"href":"https:\/\/www.paparazzinews.com.br\/index.php?rest_route=%2Fwp%2Fv2%2Fcomments&post=3044"}],"version-history":[{"count":1,"href":"https:\/\/www.paparazzinews.com.br\/index.php?rest_route=\/wp\/v2\/posts\/3044\/revisions"}],"predecessor-version":[{"id":3046,"href":"https:\/\/www.paparazzinews.com.br\/index.php?rest_route=\/wp\/v2\/posts\/3044\/revisions\/3046"}],"wp:featuredmedia":[{"embeddable":true,"href":"https:\/\/www.paparazzinews.com.br\/index.php?rest_route=\/wp\/v2\/media\/3045"}],"wp:attachment":[{"href":"https:\/\/www.paparazzinews.com.br\/index.php?rest_route=%2Fwp%2Fv2%2Fmedia&parent=3044"}],"wp:term":[{"taxonomy":"category","embeddable":true,"href":"https:\/\/www.paparazzinews.com.br\/index.php?rest_route=%2Fwp%2Fv2%2Fcategories&post=3044"},{"taxonomy":"post_tag","embeddable":true,"href":"https:\/\/www.paparazzinews.com.br\/index.php?rest_route=%2Fwp%2Fv2%2Ftags&post=3044"}],"curies":[{"name":"wp","href":"https:\/\/api.w.org\/{rel}","templated":true}]}}