{"id":2974,"date":"2023-05-18T16:49:33","date_gmt":"2023-05-18T19:49:33","guid":{"rendered":"https:\/\/www.paparazzinews.com.br\/?p=2974"},"modified":"2023-05-18T16:49:34","modified_gmt":"2023-05-18T19:49:34","slug":"adolescente-e-detido-com-bike-furtada-em-fevereiro","status":"publish","type":"post","link":"https:\/\/www.paparazzinews.com.br\/?p=2974","title":{"rendered":"Adolescente \u00e9 detido com bike furtada em fevereiro"},"content":{"rendered":"\n<p>Tr\u00eas Lagoas \u2013 MS, no dia 17 de maio, os policiais militares do 2\u00ba Batalh\u00e3o de Pol\u00edcia Militar recuperaram uma bicicleta furtada e apreenderam o receptador.<\/p>\n\n\n\n<p>Nesta quarta-feira, \u00e0s 21h30, uma guarni\u00e7\u00e3o do GETAM do 2\u00ba Batalh\u00e3o durante em rondas no bairro Jardim Imperial, quando na rua Da Monarquia realizaram a abordagem policial de um jovem de 17 anos e ao consultar nos sistemas policiais a bicicleta que o abordado utilizava, constataram que a mesma havia sido furtada no dia 25 de fevereiro de 2023, no interior do residencial Espanha.<\/p>\n\n\n\n<p>Diante os fatos o menor de idade e a bicicleta foram apresentados na Delegacia de Pol\u00edcia para provid\u00eancias.<\/p>\n","protected":false},"excerpt":{"rendered":"<p>Tr\u00eas Lagoas \u2013 MS, no dia 17 de maio, os policiais militares do 2\u00ba Batalh\u00e3o de Pol\u00edcia Militar recuperaram uma bicicleta furtada e apreenderam o receptador. Nesta quarta-feira, \u00e0s 21h30, uma guarni\u00e7\u00e3o do GETAM do 2\u00ba Batalh\u00e3o durante em rondas no bairro Jardim Imperial, quando na rua Da Monarquia realizaram a abordagem policial de um &hellip;<\/p>\n","protected":false},"author":1,"featured_media":2975,"comment_status":"open","ping_status":"open","sticky":false,"template":"","format":"standard","meta":{"_jetpack_memberships_contains_paid_content":false,"footnotes":"","jetpack_publicize_message":"","jetpack_publicize_feature_enabled":true,"jetpack_social_post_already_shared":false,"jetpack_social_options":{"image_generator_settings":{"template":"highway","default_image_id":0,"enabled":false},"version":2}},"categories":[3],"tags":[],"class_list":["post-2974","post","type-post","status-publish","format-standard","has-post-thumbnail","hentry","category-policial"],"jetpack_publicize_connections":[],"jetpack_featured_media_url":"https:\/\/i0.wp.com\/www.paparazzinews.com.br\/wp-content\/uploads\/2023\/05\/WhatsApp-Image-2023-05-17-at-23.09.40-e1684433924845.jpeg?fit=768%2C949&ssl=1","views":"2618","jetpack_likes_enabled":true,"jetpack_sharing_enabled":true,"_links":{"self":[{"href":"https:\/\/www.paparazzinews.com.br\/index.php?rest_route=\/wp\/v2\/posts\/2974","targetHints":{"allow":["GET"]}}],"collection":[{"href":"https:\/\/www.paparazzinews.com.br\/index.php?rest_route=\/wp\/v2\/posts"}],"about":[{"href":"https:\/\/www.paparazzinews.com.br\/index.php?rest_route=\/wp\/v2\/types\/post"}],"author":[{"embeddable":true,"href":"https:\/\/www.paparazzinews.com.br\/index.php?rest_route=\/wp\/v2\/users\/1"}],"replies":[{"embeddable":true,"href":"https:\/\/www.paparazzinews.com.br\/index.php?rest_route=%2Fwp%2Fv2%2Fcomments&post=2974"}],"version-history":[{"count":1,"href":"https:\/\/www.paparazzinews.com.br\/index.php?rest_route=\/wp\/v2\/posts\/2974\/revisions"}],"predecessor-version":[{"id":2976,"href":"https:\/\/www.paparazzinews.com.br\/index.php?rest_route=\/wp\/v2\/posts\/2974\/revisions\/2976"}],"wp:featuredmedia":[{"embeddable":true,"href":"https:\/\/www.paparazzinews.com.br\/index.php?rest_route=\/wp\/v2\/media\/2975"}],"wp:attachment":[{"href":"https:\/\/www.paparazzinews.com.br\/index.php?rest_route=%2Fwp%2Fv2%2Fmedia&parent=2974"}],"wp:term":[{"taxonomy":"category","embeddable":true,"href":"https:\/\/www.paparazzinews.com.br\/index.php?rest_route=%2Fwp%2Fv2%2Fcategories&post=2974"},{"taxonomy":"post_tag","embeddable":true,"href":"https:\/\/www.paparazzinews.com.br\/index.php?rest_route=%2Fwp%2Fv2%2Ftags&post=2974"}],"curies":[{"name":"wp","href":"https:\/\/api.w.org\/{rel}","templated":true}]}}